{"id":86982,"date":"2026-04-15T12:17:02","date_gmt":"2026-04-15T15:17:02","guid":{"rendered":"https:\/\/maxradio923.com.ar\/index.php\/2026\/04\/15\/para-el-financial-times-la-pelea-de-milei-contra-la-inflacion-esta-estancada\/"},"modified":"2026-04-15T12:17:02","modified_gmt":"2026-04-15T15:17:02","slug":"para-el-financial-times-la-pelea-de-milei-contra-la-inflacion-esta-estancada","status":"publish","type":"post","link":"https:\/\/maxradio923.com.ar\/index.php\/2026\/04\/15\/para-el-financial-times-la-pelea-de-milei-contra-la-inflacion-esta-estancada\/","title":{"rendered":"Para el Financial Times, \u201cla pelea de Milei contra la inflaci\u00f3n est\u00e1 estancada\u201d"},"content":{"rendered":"<p><\/p>\n<div>\n<div class=\"visual__image image-initial-width\"><picture><source srcset=\"https:\/\/www.infobae.com\/resizer\/v2\/AI2QSPQAXFF2NAQ3TJAL72HK6E.com?auth=81d4d1092b608e9ab4b2c828efd033a778526c5b81fd2637f969ede38df39a2f&amp;smart=true&amp;width=992&amp;height=662&amp;quality=85\" media=\"(min-width: 1000px)\"\/><source srcset=\"https:\/\/www.infobae.com\/resizer\/v2\/AI2QSPQAXFF2NAQ3TJAL72HK6E.com?auth=81d4d1092b608e9ab4b2c828efd033a778526c5b81fd2637f969ede38df39a2f&amp;smart=true&amp;width=768&amp;height=512&amp;quality=85\" media=\"(min-width: 768px)\"\/><source srcset=\"https:\/\/www.infobae.com\/resizer\/v2\/AI2QSPQAXFF2NAQ3TJAL72HK6E.com?auth=81d4d1092b608e9ab4b2c828efd033a778526c5b81fd2637f969ede38df39a2f&amp;smart=true&amp;width=577&amp;height=385&amp;quality=85\" media=\"(min-width: 580px)\"\/><source srcset=\"https:\/\/www.infobae.com\/resizer\/v2\/AI2QSPQAXFF2NAQ3TJAL72HK6E.com?auth=81d4d1092b608e9ab4b2c828efd033a778526c5b81fd2637f969ede38df39a2f&amp;smart=true&amp;width=420&amp;height=280&amp;quality=85\" media=\"(min-width: 350px)\"\/><source srcset=\"https:\/\/www.infobae.com\/resizer\/v2\/AI2QSPQAXFF2NAQ3TJAL72HK6E.com?auth=81d4d1092b608e9ab4b2c828efd033a778526c5b81fd2637f969ede38df39a2f&amp;smart=true&amp;width=350&amp;height=234&amp;quality=85\" media=\"(min-width: 80px)\"\/><img alt=\"FILE PHOTO: The cover of the Financial Times newspaper is seen with other papers at a news stand in New York, U.S., November 9, 2016. REUTERS\/Shannon Stapleton\/File Photo\" class=\"global-image\" decoding=\"async\" fetchpriority=\"high\" height=\"2335\" loading=\"eager\" src=\"https:\/\/www.infobae.com\/resizer\/v2\/AI2QSPQAXFF2NAQ3TJAL72HK6E.com?auth=81d4d1092b608e9ab4b2c828efd033a778526c5b81fd2637f969ede38df39a2f&amp;smart=true&amp;width=350&amp;height=234&amp;quality=85\" width=\"3500\"\/><\/picture><figcaption class=\"article-figcaption-img\">FILE PHOTO: The cover of the Financial Times newspaper is seen with other papers at a news stand in New York, U.S., November 9, 2016. REUTERS\/Shannon Stapleton\/File Photo<\/figcaption><\/div>\n<p class=\"paragraph\">El reconocido diario brit\u00e1nico <i>Financial Times <\/i>se hizo eco del dato de inflaci\u00f3n en Argentina, cuestion\u00f3 la falta de actualizaci\u00f3n del \u00cdndice de Precios al Consumidor (IPC) y puso foco en la ca\u00edda del salarios.<\/p>\n<p class=\"paragraph\">\u201cEl esfuerzo de <b>Javier Milei<\/b> por reducir la inflaci\u00f3n cr\u00f3nica de Argentina se est\u00e1 estancando, con la tasa mensual alcanzando el 3,4 por ciento en marzo \u2014su nivel m\u00e1s alto en un a\u00f1o\u2014 mientras los economistas advierten que abordar el tramo final podr\u00eda ser mucho m\u00e1s dif\u00edcil que frenar la crisis en su punto m\u00e1ximo&#8221;, inici\u00f3 el art\u00edculo.<\/p>\n<p class=\"paragraph\">La inflaci\u00f3n cay\u00f3 \u201cdr\u00e1sticamente\u201d desde los \u00edndices mensuales de dos d\u00edgitos que Milei hered\u00f3 cuando asumi\u00f3 la presidencia en 2023. Sin embargo, la tasa mensual toc\u00f3 fondo en mayo, con un 1,5 por ciento, y alcanz\u00f3 el 2,9 por ciento tanto en enero como en febrero.<\/p>\n<p class=\"paragraph\">\u201cEl n\u00famero es malo. No nos gusta el n\u00famero porque la inflaci\u00f3n nos resulta repugnante\u201d, dijo Milei tras la publicaci\u00f3n de los datos el martes. \u201cSin embargo, factores duros nos permiten explicar lo que ha sucedido y, sobre todo, esperar que en el futuro la inflaci\u00f3n retome su sendero descendente\u201d, agreg\u00f3.<\/p>\n<div class=\"visual__image\"><picture><source srcset=\"https:\/\/www.infobae.com\/resizer\/v2\/OW5WV5XTYFDVXELKSWQ4YRUXZU.jpg?auth=c64b17eafbe8f7f48b11de9f5ba1c6178c06a1ba69e1e8596fca34df7ce0c4f2&amp;smart=true&amp;width=992&amp;height=662&amp;quality=85\" media=\"(min-width: 1000px)\"\/><source srcset=\"https:\/\/www.infobae.com\/resizer\/v2\/OW5WV5XTYFDVXELKSWQ4YRUXZU.jpg?auth=c64b17eafbe8f7f48b11de9f5ba1c6178c06a1ba69e1e8596fca34df7ce0c4f2&amp;smart=true&amp;width=768&amp;height=512&amp;quality=85\" media=\"(min-width: 768px)\"\/><source srcset=\"https:\/\/www.infobae.com\/resizer\/v2\/OW5WV5XTYFDVXELKSWQ4YRUXZU.jpg?auth=c64b17eafbe8f7f48b11de9f5ba1c6178c06a1ba69e1e8596fca34df7ce0c4f2&amp;smart=true&amp;width=577&amp;height=385&amp;quality=85\" media=\"(min-width: 580px)\"\/><source srcset=\"https:\/\/www.infobae.com\/resizer\/v2\/OW5WV5XTYFDVXELKSWQ4YRUXZU.jpg?auth=c64b17eafbe8f7f48b11de9f5ba1c6178c06a1ba69e1e8596fca34df7ce0c4f2&amp;smart=true&amp;width=420&amp;height=280&amp;quality=85\" media=\"(min-width: 350px)\"\/><source srcset=\"https:\/\/www.infobae.com\/resizer\/v2\/OW5WV5XTYFDVXELKSWQ4YRUXZU.jpg?auth=c64b17eafbe8f7f48b11de9f5ba1c6178c06a1ba69e1e8596fca34df7ce0c4f2&amp;smart=true&amp;width=350&amp;height=233&amp;quality=85\" media=\"(min-width: 80px)\"\/><img alt=\"Financial Times: \u201cEl esfuerzo de Javier Milei por reducir la inflaci\u00f3n cr\u00f3nica de Argentina se est\u00e1 estancando&quot;.  REUTERS\/Stefan Wermuth\/File Photo\" class=\"global-image\" decoding=\"async\" fetchpriority=\"low\" height=\"2334\" loading=\"lazy\" src=\"https:\/\/www.infobae.com\/resizer\/v2\/OW5WV5XTYFDVXELKSWQ4YRUXZU.jpg?auth=c64b17eafbe8f7f48b11de9f5ba1c6178c06a1ba69e1e8596fca34df7ce0c4f2&amp;smart=true&amp;width=350&amp;height=233&amp;quality=85\" width=\"3500\"\/><\/picture><figcaption class=\"article-figcaption-img\">Financial Times: \u201cEl esfuerzo de Javier Milei por reducir la inflaci\u00f3n cr\u00f3nica de Argentina se est\u00e1 estancando&#8221;.  REUTERS\/Stefan Wermuth\/File Photo<\/figcaption><\/div>\n<p class=\"paragraph\">El <i>Financial Times <\/i>tambi\u00e9n se\u00f1al\u00f3: \u201cEl presidente libertario, quien escribi\u00f3 un libro titulado <i>El fin de la inflaci\u00f3n<\/i> como parte de su propuesta a los votantes en 2023, ha dicho que la inflaci\u00f3n podr\u00eda pronto \u2018comenzar con un cero\u2019, es decir, una tasa mensual inferior al 1 por ciento. Pero los economistas son esc\u00e9pticos, especialmente porque el alza de los precios de la energ\u00eda causada por la guerra en Ir\u00e1n a\u00f1ade nuevas presiones a una din\u00e1mica de precios ya dif\u00edcil de modificar\u201d. <\/p>\n<p class=\"paragraph\">\u201cSu tasa anual, de casi un 33 por ciento, est\u00e1 lejos de su pico de casi un 300 por ciento, pero sigue siendo de las m\u00e1s altas del mundo\u201d, remarc\u00f3.<\/p>\n<p class=\"paragraph\">Asimismo, el art\u00edculo explica que \u201cMilei, quien se autodefine como anarcocapitalista, recurri\u00f3 a una herramienta tradicional para impulsar la ca\u00edda inicial de la inflaci\u00f3n: <b>mantener estable el tipo de cambio del peso para anclar los precios<\/b>. Pero cuando el gobierno permiti\u00f3 que la moneda se moviera con mayor libertad como parte de un acuerdo con el FMI en abril pasado, la inflaci\u00f3n pronto comenz\u00f3 a aumentar nuevamente\u201d.<\/p>\n<p class=\"paragraph\">El art\u00edculo enfatiz\u00f3 que la aprobaci\u00f3n de Milei cay\u00f3 al 36,4 por ciento y que las preocupaciones sobre el estancamiento de los salarios y el desempleo ahora superan a la inflaci\u00f3n.<\/p>\n<div class=\"visual__image\"><picture><source srcset=\"https:\/\/www.infobae.com\/resizer\/v2\/JN4ZYI4CLBEBXNKNL5UCTYSXWQ.jpg?auth=9709055a0f9043a09fc847c85ac922bd3268815801e9e7e69b30bb8495996008&amp;smart=true&amp;width=992&amp;height=661&amp;quality=85\" media=\"(min-width: 1000px)\"\/><source srcset=\"https:\/\/www.infobae.com\/resizer\/v2\/JN4ZYI4CLBEBXNKNL5UCTYSXWQ.jpg?auth=9709055a0f9043a09fc847c85ac922bd3268815801e9e7e69b30bb8495996008&amp;smart=true&amp;width=768&amp;height=512&amp;quality=85\" media=\"(min-width: 768px)\"\/><source srcset=\"https:\/\/www.infobae.com\/resizer\/v2\/JN4ZYI4CLBEBXNKNL5UCTYSXWQ.jpg?auth=9709055a0f9043a09fc847c85ac922bd3268815801e9e7e69b30bb8495996008&amp;smart=true&amp;width=577&amp;height=385&amp;quality=85\" media=\"(min-width: 580px)\"\/><source srcset=\"https:\/\/www.infobae.com\/resizer\/v2\/JN4ZYI4CLBEBXNKNL5UCTYSXWQ.jpg?auth=9709055a0f9043a09fc847c85ac922bd3268815801e9e7e69b30bb8495996008&amp;smart=true&amp;width=420&amp;height=280&amp;quality=85\" media=\"(min-width: 350px)\"\/><source srcset=\"https:\/\/www.infobae.com\/resizer\/v2\/JN4ZYI4CLBEBXNKNL5UCTYSXWQ.jpg?auth=9709055a0f9043a09fc847c85ac922bd3268815801e9e7e69b30bb8495996008&amp;smart=true&amp;width=350&amp;height=233&amp;quality=85\" media=\"(min-width: 80px)\"\/><img alt=\"Desde el Financial Times enfatizaron que la aprobaci\u00f3n de Milei cay\u00f3 al 36,4 por ciento y que las preocupaciones sobre el estancamiento de los salarios y el desempleo ahora superan a la inflaci\u00f3n\" class=\"global-image\" decoding=\"async\" fetchpriority=\"low\" height=\"1280\" loading=\"lazy\" src=\"https:\/\/www.infobae.com\/resizer\/v2\/JN4ZYI4CLBEBXNKNL5UCTYSXWQ.jpg?auth=9709055a0f9043a09fc847c85ac922bd3268815801e9e7e69b30bb8495996008&amp;smart=true&amp;width=350&amp;height=233&amp;quality=85\" width=\"1920\"\/><\/picture><figcaption class=\"article-figcaption-img\">Desde el Financial Times enfatizaron que la aprobaci\u00f3n de Milei cay\u00f3 al 36,4 por ciento y que las preocupaciones sobre el estancamiento de los salarios y el desempleo ahora superan a la inflaci\u00f3n<\/figcaption><\/div>\n<p class=\"paragraph\">\u201cSin un ancla firme, el gobierno debe ahora <b>romper la inercia<\/b> arraigada que se ha acumulado durante a\u00f1os de<b> inflaci\u00f3n cr\u00f3nica<\/b>. En Argentina, esos h\u00e1bitos son dif\u00edciles de erradicar: muchos comerciantes aumentan los precios de forma preventiva, las familias acopian productos b\u00e1sicos antes de la pr\u00f3xima subida y los contratos de alquiler incluyen incrementos autom\u00e1ticos trimestrales\u201d, consider\u00f3 el <i>Financial Times<\/i>.<\/p>\n<p class=\"paragraph\">Asegur\u00f3 que los salarios suelen negociarse en funci\u00f3n de la inflaci\u00f3n pasada y no de la actual, una pol\u00edtica que puede alimentar futuras subas de precios cuando las empresas trasladan el costo de los salarios m\u00e1s altos a los consumidores. <\/p>\n<p class=\"paragraph\">\u201cLos costos de los servicios p\u00fablicos y otros servicios, algunos de los cuales se ajustan autom\u00e1ticamente a la inflaci\u00f3n pasada, siguen subiendo despu\u00e9s de a\u00f1os de subsidios. Esto contrasta con los precios de los productos manufacturados, que en gran medida se mantienen bajos gracias al tipo de cambio semiflotante y la eliminaci\u00f3n de algunas barreras comerciales\u201d, precis\u00f3.<\/p>\n<p class=\"paragraph\">El diario, adem\u00e1s, consign\u00f3 algunos datos relevantes para describir un panorama en el que \u201clos argentinos han estado sintiendo la presi\u00f3n\u201d. En Buenos Aires, por ejemplo, la carne registr\u00f3 un incremento del 6,9 por ciento solo en marzo. A nivel nacional, los alimentos aumentaron un 3,4% ese mismo mes, tras subas del 3,3% en febrero y del 4,7 por ciento en enero.<\/p>\n<div class=\"visual__image\"><picture><source srcset=\"https:\/\/www.infobae.com\/resizer\/v2\/RAYDG53IG5BTLJN74INR6WGWGA.JPG?auth=d2bbc36648bf0ae2b8f6d670740f11187b869a636e25f7928b32d333ca22381d&amp;smart=true&amp;width=992&amp;height=652&amp;quality=85\" media=\"(min-width: 1000px)\"\/><source srcset=\"https:\/\/www.infobae.com\/resizer\/v2\/RAYDG53IG5BTLJN74INR6WGWGA.JPG?auth=d2bbc36648bf0ae2b8f6d670740f11187b869a636e25f7928b32d333ca22381d&amp;smart=true&amp;width=768&amp;height=505&amp;quality=85\" media=\"(min-width: 768px)\"\/><source srcset=\"https:\/\/www.infobae.com\/resizer\/v2\/RAYDG53IG5BTLJN74INR6WGWGA.JPG?auth=d2bbc36648bf0ae2b8f6d670740f11187b869a636e25f7928b32d333ca22381d&amp;smart=true&amp;width=577&amp;height=379&amp;quality=85\" media=\"(min-width: 580px)\"\/><source srcset=\"https:\/\/www.infobae.com\/resizer\/v2\/RAYDG53IG5BTLJN74INR6WGWGA.JPG?auth=d2bbc36648bf0ae2b8f6d670740f11187b869a636e25f7928b32d333ca22381d&amp;smart=true&amp;width=420&amp;height=276&amp;quality=85\" media=\"(min-width: 350px)\"\/><source srcset=\"https:\/\/www.infobae.com\/resizer\/v2\/RAYDG53IG5BTLJN74INR6WGWGA.JPG?auth=d2bbc36648bf0ae2b8f6d670740f11187b869a636e25f7928b32d333ca22381d&amp;smart=true&amp;width=350&amp;height=230&amp;quality=85\" media=\"(min-width: 80px)\"\/><img alt=\"A nivel nacional, los alimentos aumentaron un 3,4% ese mismo mes, tras subas del 3,3% en febrero y del 4,7 por ciento en enero. REUTERS\/Agustin Marcarian\" class=\"global-image\" decoding=\"async\" fetchpriority=\"low\" height=\"3492\" loading=\"lazy\" src=\"https:\/\/www.infobae.com\/resizer\/v2\/RAYDG53IG5BTLJN74INR6WGWGA.JPG?auth=d2bbc36648bf0ae2b8f6d670740f11187b869a636e25f7928b32d333ca22381d&amp;smart=true&amp;width=350&amp;height=230&amp;quality=85\" width=\"5311\"\/><\/picture><figcaption class=\"article-figcaption-img\">A nivel nacional, los alimentos aumentaron un 3,4% ese mismo mes, tras subas del 3,3% en febrero y del 4,7 por ciento en enero. REUTERS\/Agustin Marcarian<\/figcaption><\/div>\n<p class=\"paragraph\">En paralelo, los salarios del sector formal avanzaron cerca de un 2% mensual en febrero, quedando por debajo de la inflaci\u00f3n.<\/p>\n<p class=\"paragraph\">\u201cEl efecto acumulativo es una erosi\u00f3n silenciosa pero significativa del nivel de vida, incluso cuando las tasas de pobreza bajaron el a\u00f1o pasado tras los m\u00e1ximos alcanzados al inicio de la presidencia de Milei\u201d, subray\u00f3. <\/p>\n<p class=\"paragraph\">Los ingresos reales para los trabajadores registrados y jubilados de Argentina \u2014unos 14,5 millones de personas\u2014 est\u00e1n aproximadamente entre un 8 y un 10 por ciento por debajo de donde estaban cuando Milei asumi\u00f3, seg\u00fan <b>Mart\u00edn Rapetti<\/b>, profesor de econom\u00eda en la UBA.<\/p>\n<p class=\"paragraph\">Por otra parte, el <i>Financial Times <\/i>resalt\u00f3 que el gobierno tambi\u00e9n enfrent\u00f3 <b>cuestionamientos sobre c\u00f3mo mide la inflaci\u00f3n<\/b>. \u201cA principios de este a\u00f1o, pospuso una actualizaci\u00f3n prevista de la canasta del \u00edndice de precios al consumidor, lo que llev\u00f3 a la renuncia del titular del instituto nacional de estad\u00edsticas\u201d.<\/p>\n<p class=\"paragraph\">\u201cAunque la decisi\u00f3n gener\u00f3 preocupaci\u00f3n en un pa\u00eds con una larga historia de manipulaci\u00f3n de datos inflacionarios, los economistas dicen que el impacto num\u00e9rico real hasta ahora ha sido insignificante\u201d, agreg\u00f3.<\/p>\n<\/div>\n<p><script defer=\"\">try{!function(f,b,e,v,n,t,s) {if(f.fbq)return;n=f.fbq=function(){n.callMethod? n.callMethod.apply(n,arguments):n.queue.push(arguments)}; if(!f._fbq)f._fbq=n;n.push=n;n.loaded=!0;n.version='2.0'; n.queue=[];t=b.createElement(e);t.async=!0; t.src=v;s=b.getElementsByTagName(e)[0]; s.parentNode.insertBefore(t,s)}(window, document,'script', ' fbq('init', '336383993555320'); fbq('track', 'PageView'); fbq('track', 'ViewContent');}catch(error){console.log(\"Error al inicializar facebookPixelRawCodeScript:\",error);}<\/script><\/p>\n","protected":false},"excerpt":{"rendered":"<p>FILE PHOTO: The cover of the Financial Times newspaper is seen with other papers at a news stand in New York, U.S., November 9, 2016. REUTERS\/Shannon Stapleton\/File Photo El reconocido diario brit\u00e1nico Financial Times se hizo eco del dato de inflaci\u00f3n en Argentina, cuestion\u00f3 la falta de actualizaci\u00f3n del \u00cdndice de Precios al Consumidor (IPC) [&hellip;]<\/p>\n","protected":false},"author":2,"featured_media":86983,"comment_status":"","ping_status":"","sticky":false,"template":"","format":"standard","meta":{"footnotes":""},"categories":[2],"tags":[],"_links":{"self":[{"href":"https:\/\/maxradio923.com.ar\/index.php\/wp-json\/wp\/v2\/posts\/86982"}],"collection":[{"href":"https:\/\/maxradio923.com.ar\/index.php\/wp-json\/wp\/v2\/posts"}],"about":[{"href":"https:\/\/maxradio923.com.ar\/index.php\/wp-json\/wp\/v2\/types\/post"}],"author":[{"embeddable":true,"href":"https:\/\/maxradio923.com.ar\/index.php\/wp-json\/wp\/v2\/users\/2"}],"replies":[{"embeddable":true,"href":"https:\/\/maxradio923.com.ar\/index.php\/wp-json\/wp\/v2\/comments?post=86982"}],"version-history":[{"count":0,"href":"https:\/\/maxradio923.com.ar\/index.php\/wp-json\/wp\/v2\/posts\/86982\/revisions"}],"wp:featuredmedia":[{"embeddable":true,"href":"https:\/\/maxradio923.com.ar\/index.php\/wp-json\/wp\/v2\/media\/86983"}],"wp:attachment":[{"href":"https:\/\/maxradio923.com.ar\/index.php\/wp-json\/wp\/v2\/media?parent=86982"}],"wp:term":[{"taxonomy":"category","embeddable":true,"href":"https:\/\/maxradio923.com.ar\/index.php\/wp-json\/wp\/v2\/categories?post=86982"},{"taxonomy":"post_tag","embeddable":true,"href":"https:\/\/maxradio923.com.ar\/index.php\/wp-json\/wp\/v2\/tags?post=86982"}],"curies":[{"name":"wp","href":"https:\/\/api.w.org\/{rel}","templated":true}]}}