{"id":86980,"date":"2026-04-15T12:16:07","date_gmt":"2026-04-15T15:16:07","guid":{"rendered":"https:\/\/maxradio923.com.ar\/index.php\/2026\/04\/15\/el-adios-al-guitarrista-de-los-enanitos-verdes-y-el-recuerdo-de-su-amistad-inquebrantable-con-marciano-cantero\/"},"modified":"2026-04-15T12:16:07","modified_gmt":"2026-04-15T15:16:07","slug":"el-adios-al-guitarrista-de-los-enanitos-verdes-y-el-recuerdo-de-su-amistad-inquebrantable-con-marciano-cantero","status":"publish","type":"post","link":"https:\/\/maxradio923.com.ar\/index.php\/2026\/04\/15\/el-adios-al-guitarrista-de-los-enanitos-verdes-y-el-recuerdo-de-su-amistad-inquebrantable-con-marciano-cantero\/","title":{"rendered":"El adi\u00f3s al guitarrista de Los Enanitos Verdes y el recuerdo de su amistad inquebrantable con Marciano Cantero"},"content":{"rendered":"<p><\/p>\n<div>\n<p class=\"com-paragraph  --capital --s\">La presentaci\u00f3n de una nueva etiqueta de vino puede ser un buen momento para la distensi\u00f3n y la confesi\u00f3n. Trece a\u00f1os atr\u00e1s, en una de esas reuniones que se celebraba en la ciudad de Mendoza, el cantante <strong>Marciano Cantero<\/strong> dec\u00eda, como al pasar, a un o\u00eddo poco discreto del diario <em>Los Andes,<\/em> que<strong> Luis Alberto Spinetta <\/strong>respetaba mucho como guitarrista a <strong>Felipe Staiti<\/strong>. No solo lo dec\u00eda por el vino que ya hab\u00eda corrido por su copa, ni por el hecho de que la etiqueta que se presentaba era un corte elaborado por Felipe (el anfitri\u00f3n de esa noche); tampoco por un afecto de a\u00f1os, esos que compartieron como fundadores de <strong>Los Enanitos Verdes<\/strong>. Sin duda lo dijo porque Spinetta ten\u00eda raz\u00f3n. Acaso algo sab\u00eda de m\u00fasica aquel hombre.<\/p>\n<p><iframe loading=\"lazy\" title=\"17 Enanitos Verdes - Lamento Boliviano (En Vivo).hd\" width=\"1170\" height=\"878\" src=\"https:\/\/www.youtube.com\/embed\/ivJcsUGNfu8?wmode=transparent&amp;rel=0&amp;feature=oembed\" frameborder=\"0\" allow=\"accelerometer; autoplay; clipboard-write; encrypted-media; gyroscope; picture-in-picture; web-share\" referrerpolicy=\"strict-origin-when-cross-origin\" allowfullscreen><\/iframe><\/p>\n<p class=\"com-paragraph   --s\">Staiti \u2014que muri\u00f3 el \u00faltimo lunes por el agravamiento de su estado de salud\u2014 ten\u00eda la doble cualidad de ser uno de esos guitarristas que agarraba velocidad (aptitud tan festejada por los p\u00fablicos masivos) y de manejar la sutileza en el fraseo de sus solos. Ten\u00eda un buen repertorio de recursos: desde los pasajes que eleg\u00eda a la versatilidad para encontrar matices, a veces s\u00f3lo con cambiar levemente el movimiento de la p\u00faa. Una elegancia que no abunda.<\/p>\n<p class=\"com-paragraph   --s\"><strong>Y Marciano tuvo lo que tiene que tener todo cantante de rock<\/strong>, una voz lo suficientemente personal para ser reconocida con apenas pronunciar el verso de una canci\u00f3n, sumado al temperamento para ubicarse como<em> frontman <\/em>(aun con un bajo colgado al hombro) y el talento para escribir canciones que tocaran, con simpleza y contundencia, el coraz\u00f3n de sus fans.<\/p>\n<div class=\"content-media\">\n<section role=\"button\" class=\"mod-media   \">\n<figure role=\"button\" tabindex=\"0\" class=\"mod-figure \"><figcaption class=\"mod-figcaption\"><span class=\"com-text --caption --twoxs\">Felipe Staiti, guitarrista y fundador de los Enanitos Verdes<\/span><\/figcaption><\/figure>\n<\/section>\n<\/div>\n<p class=\"com-paragraph   --s\"><strong>Fundaron Enanitos Verdes en 1979, en Mendoza,<\/strong> junto al baterista Daniel Piccolo. Al poco tiempo se sumaron Sergio Embrioni (guitarra) y Tito D\u00e1vila (teclados). Viajaron a Buenos Aires para probar suerte en el mundo discogr\u00e1fico que se manejaba desde all\u00ed y formaron parte de ese rock nacional que creci\u00f3 a la luz de la primavera democr\u00e1tica de la d\u00e9cada del ochenta. Sus discos sal\u00edan con frecuencia anual (o casi), uno tras otro: <em>Los Enanitos Verdes<\/em> (1984), <em>Contra reloj<\/em> (1986), <em>Habitaciones extra\u00f1as<\/em> (1987), <em>Carrousel <\/em>(1988), <em>Hab\u00eda una vez&#8230;<\/em> (1989).<\/p>\n<p class=\"com-paragraph   --s\"><strong>Hubo una pausa y un reverdecer <\/strong>en la d\u00e9cada del noventa con \u00e1lbumes como <em>Igual que ayer<\/em> (1992), <em>Big Bang<\/em> (1994), <em>Guerra gaucha<\/em> (1996), <em>Planetario <\/em>(1997) y <em>N\u00e9ctar <\/em>(1999).<\/p>\n<p class=\"com-paragraph   --s\"><strong>Lograron una expansi\u00f3n, que ya ven\u00eda de los ochenta, hacia el mercado musical latinoamericano<\/strong>. Al punto de que, sin exagerar, Los <strong>Enanitos Verdes llegaron a ser m\u00e1s famosos en M\u00e9xico<\/strong> que en la Argentina. Marciano Cantero vivi\u00f3 all\u00ed durante poco menos de dos d\u00e9cadas. Se mud\u00f3 en el comienzo del nuevo siglo y volvi\u00f3 a instalarse en Mendoza en 2018. Mientras tanto, cultivo proyectos personales. En 2001 compuso y grab\u00f3 canciones m\u00e1s perfiladas para un proyecto solista. Nunca las public\u00f3, pero fue<strong> su hijo Javier<\/strong> quien convirti\u00f3 todo ese material en un \u00e1lbum p\u00f3stumo, ese que se llam\u00f3, simplemente, <em><strong>Marciano 2001<\/strong><\/em><strong>.<\/strong> Y <strong>Staiti<\/strong> gener\u00f3 una tradici\u00f3n familiar lo suficientemente fuerte como para tocar con sus hijos.<\/p>\n<p class=\"com-paragraph   --s\"><strong>Claro que todo lo que han hecho fue cimentado por Enanitos Verdes y en una amistad de m\u00e1s de cuatro d\u00e9cadas<\/strong>. Aquella noche cuyana de estreno, cuando Staiti presentaba su corte de malbec y syrah, Marciano hab\u00eda viajado desde M\u00e9xico para acompa\u00f1arlo. Ese a\u00f1o hab\u00edan grabado el \u00e1lbum<em> Tic Tac<\/em>. <\/p>\n<p class=\"com-paragraph   --s\"><strong>Fueron una banda de rock a la antigua, <\/strong>es decir, <strong>una banda de amigos, <\/strong>y con los vaivenes que puede haber en un grupo de amigos, se hicieron fuertes y construyeron una buena historia para ese rock que son\u00f3 en Am\u00e9rica Latina y en la comunidad hispanohablante de los Estados Unidos. <\/p>\n<p><iframe loading=\"lazy\" title=\"Hombres G, Enanitos Verdes - Por el Resto (En Vivo)\" width=\"1170\" height=\"658\" src=\"https:\/\/www.youtube.com\/embed\/EQ-X3DOywEs?wmode=transparent&amp;rel=0&amp;feature=oembed\" frameborder=\"0\" allow=\"accelerometer; autoplay; clipboard-write; encrypted-media; gyroscope; picture-in-picture; web-share\" referrerpolicy=\"strict-origin-when-cross-origin\" allowfullscreen><\/iframe><\/p>\n<p class=\"com-paragraph   --s\"><strong>La despedida de estos dos m\u00fasicos fue similar<\/strong>. Cantero muri\u00f3 el 8 de septiembre de 2022, tras una internaci\u00f3n en terapia intensiva por un cuadro de insuficiencia renal. Fue operado en Mendoza. Se le extirp\u00f3 un ri\u00f1\u00f3n y parte del bazo, pero no se pudo recuperar de esa intervenci\u00f3n. <strong>Staiti, que ya hab\u00eda estado internado durante un mes en 2024,<\/strong> por motivos similares a los de la \u00faltima semana, sufri\u00f3 el agravamiento de un cuadro de deshidrataci\u00f3n, por el que hab\u00eda sido hospitalizado.<\/p>\n<p class=\"com-paragraph   --s\"><strong>Javier Cantero,<\/strong> albaceas art\u00edstico del trabajo de su padre, pone en perspectiva la amistad de Marciano y Felipe. La analiza, la evoca con cierta nostalgia a trav\u00e9s de an\u00e9cdotas que le cont\u00f3 su pap\u00e1. Porque el acervo (\u201cLa muralla verde\u201d, \u201cTe vi en un tren\u201d, \u201cPor el resto\u201d incluso \u201cLamento boliviano\u201d, tema que le pertenec\u00eda a otra banda, Alcohol Et\u00edlico, pero que supieron popularizar) tiene un correlato en esa relaci\u00f3n de amigos y compa\u00f1eros de banda.<\/p>\n<p class=\"com-paragraph   --s\"><strong>\u201cLo primero que me impacta es esos cuarenta a\u00f1os juntos<\/strong>. Aprender a ser m\u00fasicos, irse a Buenos Aires a probar suerte y a cagarse de hambre. Y verse luego, cuarenta a\u00f1os despu\u00e9s, tocando en el Hollywood Bowl, en el Filmore de San Francisco, en Europa o en el Estadio Azteca. Cerrando el Vive Latino, que es el festival m\u00e1s grande. Es como esa frase que dice que a los hermanos no los hace el agua compartida en el vientre, sino la sangre derramada en el campo de batalla. Y las han tenido juntos. <strong>Llevaron nuestra cultura argentina y nos representaron.<\/strong> Verse desde chicos hasta viejos debe ser tan emocionante\u201d.<\/p>\n<div class=\"content-media\">\n<section role=\"button\" class=\"mod-media   \">\n<figure role=\"button\" tabindex=\"0\" class=\"mod-figure \"><figcaption class=\"mod-figcaption\"><span class=\"com-text --caption --twoxs\">Marciano Cantero y su hijo Javier <\/span><span class=\"com-text --credit --twoxs\">gentileza Javier Cantero<\/span><\/figcaption><\/figure>\n<\/section>\n<\/div>\n<p class=\"com-paragraph   --s\">Javier toma dos de las primeras an\u00e9cdotas que le vienen a la cabeza. \u201cEsta me la cont\u00f3 mi viejo\u201d. La primera vez que los Enanitos Verdes fueron al estudio de Gustavo Borner, encontraron un Sega Genesis en el que jugaban torneos de f\u00fatbol de a cuatro. Cuando fueron a grabar <em>Tic Tac e<\/em>ncontraron el mismo Sega y se pusieron a jugar. \u201cVientipico de a\u00f1os despu\u00e9s y segu\u00edan siendo los mismos, en ese momento jugando con algo que ya era retro\u201d.<\/p>\n<p class=\"com-paragraph   --s\">La otra es una an\u00e9cdota de escenario. <strong>\u201cEn una de las \u00faltimas actuaciones de mi viejo en la Argentina, cantaron \u2018Amigos\u2019. <\/strong>Se la dedic\u00f3 a Felipe. No recuerdo ahora si dijo \u2018para mi amigo\u2019 o \u2018para mi mejor amigo\u2019. Cuando termin\u00f3 el show, <strong>Felipe se fue al camar\u00edn y se puso a llorar.<\/strong> Porque uno se acostumbra a la gente, pero hay cosas que, m\u00e1s despu\u00e9s de cuarenta a\u00f1os, te pueden llevar a un lugar emocional fuerte\u201d. <\/p>\n<p><iframe loading=\"lazy\" title=\"WINEROCK 2022 AMIGOS ENANITOS VERDES\" width=\"1170\" height=\"658\" src=\"https:\/\/www.youtube.com\/embed\/6NLwrETTbBM?wmode=transparent&amp;rel=0&amp;feature=oembed\" frameborder=\"0\" allow=\"accelerometer; autoplay; clipboard-write; encrypted-media; gyroscope; picture-in-picture; web-share\" referrerpolicy=\"strict-origin-when-cross-origin\" allowfullscreen><\/iframe><\/p>\n<p class=\"com-paragraph   --s\"><strong>Javier dice que todav\u00eda est\u00e1 shockeado <\/strong><strong>por la muerte de Felipe.<\/strong> De hecho, su charla con<strong> LA NACION<\/strong> fue antes de embarcar en el avi\u00f3n que lo llev\u00f3 de Buenos Aires a Mendoza, para <strong>acompa\u00f1ar a la familia Staiti. <\/strong>Mezcla recuerdos que le tra\u00eda su padre de las giras con la reflexi\u00f3n. \u201cLa amistad de los tres enanitos, Daniel Piccolo, Felipe y mi viejo, hizo que salieran de Mendoza con una misi\u00f3n: hacer la mejor m\u00fasica posible y las mejores canciones. Eso los llev\u00f3 a los mejores escenarios. Me hace pensar que es el mensaje que dejan hoy. Que los j\u00f3venes que quieran hacer m\u00fasica se junten con sus amigos y salgan en su aventura. Creo que la industria hoy te lleva a destinos gobernados por lo digital. Hay un ideal muy viral e inmediato. Pero <strong>nos olvidamos de la aventura de salir con amigos a hacer lo que nos gusta<\/strong>. Esa es la gracia. De ah\u00ed sale el rock\u2019n\u2019 roll y estoy muy feliz de que mi viejo lo haya tenido\u201d. <\/p>\n<section class=\"container-center-100 mb-40 border border-bottom border-thin border-neutral-light-700\">\n<hr\/>\n<\/section>\n<\/div>\n","protected":false},"excerpt":{"rendered":"<p>La presentaci\u00f3n de una nueva etiqueta de vino puede ser un buen momento para la distensi\u00f3n y la confesi\u00f3n. Trece a\u00f1os atr\u00e1s, en una de esas reuniones que se celebraba en la ciudad de Mendoza, el cantante Marciano Cantero dec\u00eda, como al pasar, a un o\u00eddo poco discreto del diario Los Andes, que Luis Alberto [&hellip;]<\/p>\n","protected":false},"author":2,"featured_media":86981,"comment_status":"","ping_status":"","sticky":false,"template":"","format":"standard","meta":{"footnotes":""},"categories":[14],"tags":[],"_links":{"self":[{"href":"https:\/\/maxradio923.com.ar\/index.php\/wp-json\/wp\/v2\/posts\/86980"}],"collection":[{"href":"https:\/\/maxradio923.com.ar\/index.php\/wp-json\/wp\/v2\/posts"}],"about":[{"href":"https:\/\/maxradio923.com.ar\/index.php\/wp-json\/wp\/v2\/types\/post"}],"author":[{"embeddable":true,"href":"https:\/\/maxradio923.com.ar\/index.php\/wp-json\/wp\/v2\/users\/2"}],"replies":[{"embeddable":true,"href":"https:\/\/maxradio923.com.ar\/index.php\/wp-json\/wp\/v2\/comments?post=86980"}],"version-history":[{"count":0,"href":"https:\/\/maxradio923.com.ar\/index.php\/wp-json\/wp\/v2\/posts\/86980\/revisions"}],"wp:featuredmedia":[{"embeddable":true,"href":"https:\/\/maxradio923.com.ar\/index.php\/wp-json\/wp\/v2\/media\/86981"}],"wp:attachment":[{"href":"https:\/\/maxradio923.com.ar\/index.php\/wp-json\/wp\/v2\/media?parent=86980"}],"wp:term":[{"taxonomy":"category","embeddable":true,"href":"https:\/\/maxradio923.com.ar\/index.php\/wp-json\/wp\/v2\/categories?post=86980"},{"taxonomy":"post_tag","embeddable":true,"href":"https:\/\/maxradio923.com.ar\/index.php\/wp-json\/wp\/v2\/tags?post=86980"}],"curies":[{"name":"wp","href":"https:\/\/api.w.org\/{rel}","templated":true}]}}