{"id":86978,"date":"2026-04-15T12:03:03","date_gmt":"2026-04-15T15:03:03","guid":{"rendered":"https:\/\/maxradio923.com.ar\/index.php\/2026\/04\/15\/con-mas-de-150-efectivos-avanza-una-capacitacion-clave-para-la-seguridad-penitenciaria\/"},"modified":"2026-04-15T12:03:03","modified_gmt":"2026-04-15T15:03:03","slug":"con-mas-de-150-efectivos-avanza-una-capacitacion-clave-para-la-seguridad-penitenciaria","status":"publish","type":"post","link":"https:\/\/maxradio923.com.ar\/index.php\/2026\/04\/15\/con-mas-de-150-efectivos-avanza-una-capacitacion-clave-para-la-seguridad-penitenciaria\/","title":{"rendered":"Con m\u00e1s de 150 efectivos avanza una capacitaci\u00f3n clave para la seguridad penitenciaria"},"content":{"rendered":"<p><\/p>\n<div>\n<p>La Academia de Formaci\u00f3n e Investigaci\u00f3n Penitenciaria lleva adelante una capacitaci\u00f3n en t\u00e9cnicas de infanter\u00eda destinada a m\u00e1s de 150 efectivos, durante 14 d\u00edas, con el objetivo de fortalecer la seguridad y profesionalizar al personal. La actividad es dictada por instructores pertenecientes al Grupo de Operaciones T\u00e1cticas y busca optimizar la respuesta ante situaciones complejas dentro del Servicio Penitenciario.<\/p>\n<p>Este entrenamiento constituye un eje central en la pol\u00edtica de seguridad provincial, que prioriza la capacitaci\u00f3n continua como herramienta para elevar el nivel profesional de las fuerzas. A trav\u00e9s de contenidos pr\u00e1cticos, los agentes incorporan habilidades para actuar con orden, coordinaci\u00f3n y eficacia en contextos de alta exigencia.<\/p>\n<p>La formaci\u00f3n brinda herramientas t\u00e1cticas para el control interno, las requisas y la gesti\u00f3n de incidentes, reduciendo la improvisaci\u00f3n y minimizando riesgos en el servicio diario. Adem\u00e1s, promueve el trabajo en equipo, la disciplina y la toma de decisiones bajo presi\u00f3n, aspectos fundamentales para el desempe\u00f1o operativo.<\/p>\n<p>Cabe destacar que la actividad est\u00e1 enmarcada en el uso racional de la fuerza y el respeto por los derechos humanos, la capacitaci\u00f3n apunta a garantizar intervenciones seguras y responsables dentro de los establecimientos penitenciarios. Esta preparaci\u00f3n t\u00e9cnica resulta clave para sostener el orden interno y fortalecer la seguridad en cada unidad.<\/p>\n<\/p><\/div>\n<p><script async defer crossorigin=\"anonymous\" src=\"https:\/\/connect.facebook.net\/es_ES\/sdk.js#xfbml=1&#038;version=v3.3\"><\/script><\/p>\n","protected":false},"excerpt":{"rendered":"<p>La Academia de Formaci\u00f3n e Investigaci\u00f3n Penitenciaria lleva adelante una capacitaci\u00f3n en t\u00e9cnicas de infanter\u00eda destinada a m\u00e1s de 150 efectivos, durante 14 d\u00edas, con el objetivo de fortalecer la seguridad y profesionalizar al personal. La actividad es dictada por instructores pertenecientes al Grupo de Operaciones T\u00e1cticas y busca optimizar la respuesta ante situaciones complejas [&hellip;]<\/p>\n","protected":false},"author":2,"featured_media":86979,"comment_status":"","ping_status":"","sticky":false,"template":"","format":"standard","meta":{"footnotes":""},"categories":[8],"tags":[],"_links":{"self":[{"href":"https:\/\/maxradio923.com.ar\/index.php\/wp-json\/wp\/v2\/posts\/86978"}],"collection":[{"href":"https:\/\/maxradio923.com.ar\/index.php\/wp-json\/wp\/v2\/posts"}],"about":[{"href":"https:\/\/maxradio923.com.ar\/index.php\/wp-json\/wp\/v2\/types\/post"}],"author":[{"embeddable":true,"href":"https:\/\/maxradio923.com.ar\/index.php\/wp-json\/wp\/v2\/users\/2"}],"replies":[{"embeddable":true,"href":"https:\/\/maxradio923.com.ar\/index.php\/wp-json\/wp\/v2\/comments?post=86978"}],"version-history":[{"count":0,"href":"https:\/\/maxradio923.com.ar\/index.php\/wp-json\/wp\/v2\/posts\/86978\/revisions"}],"wp:featuredmedia":[{"embeddable":true,"href":"https:\/\/maxradio923.com.ar\/index.php\/wp-json\/wp\/v2\/media\/86979"}],"wp:attachment":[{"href":"https:\/\/maxradio923.com.ar\/index.php\/wp-json\/wp\/v2\/media?parent=86978"}],"wp:term":[{"taxonomy":"category","embeddable":true,"href":"https:\/\/maxradio923.com.ar\/index.php\/wp-json\/wp\/v2\/categories?post=86978"},{"taxonomy":"post_tag","embeddable":true,"href":"https:\/\/maxradio923.com.ar\/index.php\/wp-json\/wp\/v2\/tags?post=86978"}],"curies":[{"name":"wp","href":"https:\/\/api.w.org\/{rel}","templated":true}]}}