{"id":86969,"date":"2026-04-14T18:13:09","date_gmt":"2026-04-14T21:13:09","guid":{"rendered":"https:\/\/maxradio923.com.ar\/index.php\/2026\/04\/14\/daniel-binelli-y-polly-ferman-pareja-de-artistas-sus-anos-en-nueva-york-la-decision-de-mudarse-a-valencia-y-la-necesidad-de-reencontrarse-con-buenos-aires\/"},"modified":"2026-04-14T18:13:09","modified_gmt":"2026-04-14T21:13:09","slug":"daniel-binelli-y-polly-ferman-pareja-de-artistas-sus-anos-en-nueva-york-la-decision-de-mudarse-a-valencia-y-la-necesidad-de-reencontrarse-con-buenos-aires","status":"publish","type":"post","link":"https:\/\/maxradio923.com.ar\/index.php\/2026\/04\/14\/daniel-binelli-y-polly-ferman-pareja-de-artistas-sus-anos-en-nueva-york-la-decision-de-mudarse-a-valencia-y-la-necesidad-de-reencontrarse-con-buenos-aires\/","title":{"rendered":"Daniel Binelli y Polly Ferman, pareja de artistas: sus a\u00f1os en Nueva York, la decisi\u00f3n de mudarse a Valencia y la necesidad de reencontrarse con Buenos Aires"},"content":{"rendered":"<p><\/p>\n<div>\n<p class=\"com-paragraph  --capital --s\">El bandoneonista argentino <strong>Daniel Binelli<\/strong> y la pianista uruguaya <strong>Polly Ferman <\/strong>llevan algunas d\u00e9cadas compartiendo la vida y la m\u00fasica. Viven lejos, desde hace m\u00e1s de un cuarto de siglo, pero regresan anualmente al Rio de la Plata para reencontrarse con afectos y con una idiosincrasia af\u00edn a la m\u00fasica que escriben e interpretan. <\/p>\n<p class=\"com-paragraph   --s\">El pr\u00f3ximo mes, Binelli cumplir\u00e1 80 y por estos lares han decidido homenajearlo. Ser\u00e1 con varias actividades que girar\u00e1n alrededor de una funci\u00f3n muy especial. <strong>Este mi\u00e9rcoles 15, en el Palacio Libertad (Sarmiento 151)<\/strong> habr\u00e1 un concierto con sus obras, donde participar\u00e1n Polly al piano, la Orquesta Nacional de Mu\u0301sica Argentina Juan de Dios Filiberto, con direcci\u00f3n de Pablo Boggiano y el propio Binelli en bandone\u00f3n. \u200bLa entrada ser\u00e1 gratuita, pero con reserva previa en la web del centro cultural.<\/p>\n<div class=\"content-media\">\n<section role=\"button\" class=\"mod-media   \">\n<figure role=\"button\" tabindex=\"0\" class=\"mod-figure \"><figcaption class=\"mod-figcaption\"><span class=\"com-text --caption --twoxs\">Daniel Binelliser\u00e1 homenajeado en el Palacio Libertad<\/span><\/figcaption><\/figure>\n<\/section>\n<\/div>\n<p class=\"com-paragraph   --s\">Llegar\u00e1n desde Espa\u00f1a, donde viven desde hace seis a\u00f1os. Su estada en Nueva York -larga, de dieciocho a\u00f1os- culmin\u00f3 para dar una vuelta de p\u00e1gina a la vida de ambos artistas, aunque las actividades musicales se mantienen, casi al mismo ritmo.<\/p>\n<p class=\"com-paragraph   --s\"><strong>-Daniel, est\u00e1s en la v\u00edspera de los 80 a\u00f1os y en Buenos Aires te reciben con un par de homenajes. \u00bfQu\u00e9 se siente?<\/strong><\/p>\n<p class=\"com-paragraph   --s\">-No lo vivo como un homenaje. Estoy sentado en una silla de labor, de creaci\u00f3n. Lo aprend\u00ed con Piazzolla. A partir de eso, funciono. No soy partidario de la jubilaci\u00f3n. Mientras est\u00e9 con salud, trabajo y gano mi dinero y sigo creando. Vivo as\u00ed. No pienso en apoltronarme. Por eso no le doy tanta importancia al homenaje. Para mi lo importante es aparecer y hacer varios conciertos en la Argentina. Y tener cierta vigencia. Primero porque soy argentino y nac\u00ed en Buenos Aires. Y porque considero que es un lugar muy importante en el mundo del arte. Hay gente muy interesante. Hay m\u00fasicos y colegas j\u00f3venes. Hace poco grab\u00e9 para <em>Fueyer\u00edas<\/em>, de [el bandoneonista] Pablo Jaurena.<\/p>\n<p class=\"com-paragraph   --s\"><strong>-Y me enter\u00e9 que adem\u00e1s de tocar conseguiste las partituras de un arreglo de \u201cLoca Bohemia\u201d, que se present\u00f3 a mediados de los ochenta, para un programa especial dedicado a Piazzolla, en <\/strong><em><strong>Bad\u00eda y C\u00eda<\/strong><\/em><strong>.<\/strong><\/p>\n<p class=\"com-paragraph   --s\">-S\u00ed. Piazzolla no toc\u00f3 ese d\u00eda, particip\u00f3 como homenajeado. Le pedimos a <strong>Roberto Pansera<\/strong> un arreglo para cuatro bandoneonistas:<strong> Leopoldo Federico, Rodolfo Mederos, Dino Saluzzi<\/strong> y yo. Lo tocamos y grabamos en la emisi\u00f3n de Bad\u00eda. Yo le hab\u00eda pedido a Pansera ese arreglo, porque ninguno de nosotros quer\u00eda hacerlo.<\/p>\n<p><iframe loading=\"lazy\" title=\"LOCA BOHEMIA | Pablo Jaurena feat. Daniel Binelli, Santiago Segret, Daniel Ruggiero\" width=\"1170\" height=\"658\" src=\"https:\/\/www.youtube.com\/embed\/3N8vtiv-Rtc?wmode=transparent&amp;rel=0&amp;feature=oembed\" frameborder=\"0\" allow=\"accelerometer; autoplay; clipboard-write; encrypted-media; gyroscope; picture-in-picture; web-share\" referrerpolicy=\"strict-origin-when-cross-origin\" allowfullscreen><\/iframe><\/p>\n<p class=\"com-paragraph   --s\"><strong>-\u00bfPor qu\u00e9?<\/strong><\/p>\n<p class=\"com-paragraph   --s\">-Porque ninguno quer\u00eda meter el l\u00e1piz cuando se trataba de Piazzolla y porque no ten\u00edamos tiempo. Y Pansera, que era un genio, lo hizo en tiempo r\u00e9cord. Fue algo muy emotivo.<\/p>\n<p class=\"com-paragraph   --s\"><strong>-Tengo la sensaci\u00f3n de que los bandoneonistas son m\u00e1s fan\u00e1ticos del bandone\u00f3n que los pianistas del piano o los guitarristas de la guitarra.<\/strong><\/p>\n<p class=\"com-paragraph   --s\">-El bandone\u00f3n es un instrumento que siempre tendi\u00f3 a desaparecer. Tiene como un fantasma. Por otro lado, es complicado. No tiene un teclado sino cuatro, dos para cada mano seg\u00fan se abra o se cierre [el fuelle]. Tiene una mec\u00e1nica muy atravesada. Si no se estudia no se puede tocar. Y en cuanto al fanatismo, en Argentina lo que se prioriza es su sonido. No pasa en pa\u00edses como Francia. Una vez, un alem\u00e1n hizo un bandone\u00f3n. Vino a la Argentina y se hizo una reuni\u00f3n importante. Leopoldo Federico, que era un gigante del bandone\u00f3n, lo prob\u00f3 y lo dej\u00f3. \u201cEsto no suena a bandone\u00f3n\u201d, y le pinch\u00f3 un proyecto que estaba bancado por la Hohner. La mec\u00e1nica era buena, el sonido no. En Argentina hay muy buenos luthiers haciendo bandoneones. <\/p>\n<p class=\"com-paragraph   --s\"><strong>Polly Ferman: &#8211;<\/strong>Voy a decir algo en cuanto al fanatismo y al bandone\u00f3n. Desde 2008 tengo un proyecto, <em>Glamour Tango<\/em>, con un grupo integrado por mujeres. Nosotras le rendimos homenaje a Paquita Bernardo, bandoneonista que naci\u00f3 en 1900 y muri\u00f3 a los 24 a\u00f1os. Cuando tuvo que buscar a un pianista para su orquesta, apareci\u00f3 un chico de pantalones cortos.<\/p>\n<p class=\"com-paragraph   --s\"><strong>-Osvaldo Pugliese&#8230; <\/strong><\/p>\n<p class=\"com-paragraph   --s\"><strong>Ferman: &#8211;<\/strong>Claro. Y hasta Gardel cant\u00f3 una de sus canciones. Porque escribi\u00f3 tangos. Pero nadie habla de ella. Como si el bandone\u00f3n fuera un instrumento para hombres. Antes de viajar a Buenos Aires nos presentamos en Torrent, Valencia.<\/p>\n<div class=\"content-media\">\n<section role=\"button\" class=\"mod-media   \">\n<figure role=\"button\" tabindex=\"0\" class=\"mod-figure \"><figcaption class=\"mod-figcaption\"><span class=\"com-text --caption --twoxs\">Daniel Binelli y Polly Ferman en Espa\u00f1a<\/span><\/figcaption><\/figure>\n<\/section>\n<\/div>\n<p class=\"com-paragraph   --s\"><strong>-\u00bfCu\u00e1nto tiempo llevan en Valencia y por qu\u00e9 dejaron Nueva York?<\/strong><\/p>\n<p class=\"com-paragraph   --s\"><strong>Ferman: &#8211;<\/strong>Yo viv\u00ed muchos a\u00f1os en Nueva York y con Daniel estuvimos entre 2000 y 2018. <\/p>\n<p class=\"com-paragraph   --s\"><strong>Binelli: &#8211;<\/strong>Fue importante eso para nosotros. Polly ten\u00eda all\u00e1 su ONG, toc\u00e1bamos juntos y yo empec\u00e9 a escribir mucha m\u00fasica de c\u00e1mara y sinf\u00f3nica. Trabajamos con muchas orquestas importantes de Chicago, San Francisco, Filadelfia. Vivimos todo ese movimiento que hab\u00eda en Nueva York.<\/p>\n<p class=\"com-paragraph   --s\"><strong>Ferman: &#8211;<\/strong>Pero un d\u00eda me invitaron a Valencia para dar un recital de piano y al volver le dije: \u201cDaniel, mud\u00e9monos. Me enamor\u00e9 de Valencia\u201d.<\/p>\n<p class=\"com-paragraph   --s\"><strong>Binelli: &#8211;<\/strong>\u201cPero como: si llegado el d\u00eda vos me hab\u00edas dicho que quer\u00edas que tus cenizas se esparcieran por la Quinta Avenida\u201d, le dije. \u201cY bueno, ahora que sea en el Mediterr\u00e1neo\u201d, me respondi\u00f3.<\/p>\n<p class=\"com-paragraph   --s\"><strong>Ferman: &#8211;<\/strong>Y la verdad que fue maravillosa la decisi\u00f3n, porque, poco despu\u00e9s, vino la pandemia, que no fue f\u00e1cil en Nueva York para dos m\u00fasicos que viven de la m\u00fasica.<\/p>\n<p class=\"com-paragraph   --s\"><strong>Binelli: &#8211;<\/strong>Esto es un balneario, es como vivir en Mar del Plata, pero en el Mediterr\u00e1neo. <\/p>\n<p class=\"com-paragraph   --s\"><strong>Ferman: &#8211;<\/strong>Y te voy a decir [se tienta de la risa], ac\u00e1 el vino es muy bueno y mucho m\u00e1s barato que en Nueva York. Eso influy\u00f3 en la decisi\u00f3n [vuelve a re\u00edrse], adem\u00e1s de que las personas son m\u00e1s humanas y tratan muy bien a la gente mayor. Mucha m\u00e1s educaci\u00f3n y respeto por el otro. La calidad de vida es buena. Comparativamente es mucho mejor en ese sentido.<\/p>\n<p><iframe loading=\"lazy\" title=\"Daniel Binelli, Images of Buenos Aires by Polly Ferman\" width=\"1170\" height=\"658\" src=\"https:\/\/www.youtube.com\/embed\/D6-3rmyWYYU?wmode=transparent&amp;rel=0&amp;feature=oembed\" frameborder=\"0\" allow=\"accelerometer; autoplay; clipboard-write; encrypted-media; gyroscope; picture-in-picture; web-share\" referrerpolicy=\"strict-origin-when-cross-origin\" allowfullscreen><\/iframe><\/p>\n<p class=\"com-paragraph   --s\"><strong>-\u00bfTuvieron que resignar trabajo musical?<\/strong><\/p>\n<p class=\"com-paragraph   --s\"><strong>Binelli: &#8211;<\/strong>No, ahora voy a tocar tres conciertos con la Sinf\u00f3nica de Baltimore. El problema es vivir en los Estados Unidos, se ha quitado mucho presupuesto para el artista que, adem\u00e1s, si no trabaja en una instituci\u00f3n no tiene cobertura. <\/p>\n<p class=\"com-paragraph   --s\"><strong>-Imagino que en estos seis a\u00f1os que llevan en Valencia encontraron otra perspectiva.<\/strong><\/p>\n<p class=\"com-paragraph   --s\"><strong>Binelli: &#8211;<\/strong>Estamos haciendo cosas para involucrar a los valencianos con el tango.<\/p>\n<p class=\"com-paragraph   --s\"><strong>Ferman: &#8211;<\/strong>Como los dos somos acad\u00e9micos de la Academia Nacional del Tango de la Argentina, nos dieron la potestad de crear una academia valenciana del tango, donde soy presidenta y Daniel es presidente honorario. Daniel, adem\u00e1s, inaugur\u00f3 su orquesta de tango en un lugar muy famoso y todos los m\u00fasicos son jovencitos valencianos. Tambi\u00e9n hay milongas ac\u00e1. Hay inter\u00e9s.<\/p>\n<p class=\"com-paragraph   --s\"><strong>Binelli: &#8211;<\/strong>Aunque no redit\u00fae econ\u00f3micamente, como proyectos son interesantes. Pero tambi\u00e9n hay que salir a hacer cosas afuera.<\/p>\n<p><iframe loading=\"lazy\" title=\"A Evaristo Carriego (Daniel Binelli, Polly Ferman &amp; Orquesta t\u00edpica &quot;Libertango&quot;)\" width=\"1170\" height=\"658\" src=\"https:\/\/www.youtube.com\/embed\/JImWooyguls?wmode=transparent&amp;rel=0&amp;feature=oembed\" frameborder=\"0\" allow=\"accelerometer; autoplay; clipboard-write; encrypted-media; gyroscope; picture-in-picture; web-share\" referrerpolicy=\"strict-origin-when-cross-origin\" allowfullscreen><\/iframe><\/p>\n<p class=\"com-paragraph   --s\"><strong>-Tienen varias actuaciones en Buenos Aires&#8230;<\/strong><\/p>\n<p class=\"com-paragraph   --s\"><strong>Binelli: \u2013<\/strong>La del Palacio Libertad. Luego, el 17 de abril, con la Banda Sinf\u00f3nica de Ciegos y en mayo, el 14, vamos a dar un concierto en el Sal\u00f3n Dorado del Teatro Col\u00f3n, en tr\u00edo, con el guitarrista C\u00e9sar Angereli.<\/p>\n<p class=\"com-paragraph   --s\"><strong>-\u00bfLa m\u00fasica siempre es excusa para volver?<\/strong><\/p>\n<p class=\"com-paragraph   --s\"><strong>Binelli: &#8211;<\/strong>Bueno, yo necesito estar conectado a Buenos Aires por motivos afectivos; ah\u00ed est\u00e1n mis hijas y mi nieto. Mi nieto es un gran m\u00fasico, toca varios instrumentos de viento. No es que me encuentre con h\u00e1bitos que no tenga ac\u00e1. Porque ac\u00e1 tomo mate, aprend\u00ed a hacer fain\u00e1, me gusta cocinar. Hago asado o lo que sea y busco lugares donde comprar alg\u00fan alfajorcito de maicena con dulce de leche. Empanas, ahora encontr\u00e1s en todos lados. O sea que si voy a Buenos Aires anualmente es porque necesito estar conectado espiritualmente a la ciudad.<\/p>\n<p class=\"com-paragraph   --s\"><strong>-\u00bfY vos Polly?<\/strong><\/p>\n<p class=\"com-paragraph   --s\"><strong>Ferman: &#8211;<\/strong>Excepto mis nietos, que est\u00e1n desparramados por el mundo, tengo mucha familia en Uruguay, como mi hija y mis hermanos. Pero no quiero ir para tocar sino para estar con gente amiga y con la familia. Pero, \u00bfsab\u00e9s qu\u00e9 es lo que me gusta hacer cuando voy a Uruguay? Tocar en una residencia para ancianos o en lugares de discapacidad. Eso es lo que yo siento que le puedo dar al Uruguay. No ir a que me pongan flores o me aplaudan.<\/p>\n<p class=\"com-paragraph   --s\">Daniel Binelli es uno de los bandoneonistas (de una larga lista) que particip\u00f3 en el proyecto de <strong>Pablo Jaurena<\/strong> e <strong>Ignacio Varchausky<\/strong>, <em>Fueyer\u00edas<\/em>. Se trata de un \u00e1lbum con algo m\u00e1s de una docena de composiciones, para las cuales se convoc\u00f3 a 31 bandoneonistas de diferentes generaciones. Cada tango y cada grabaci\u00f3n tienen su historia y su porqu\u00e9. Pero, sobre todo, los t\u00edtulos responden a tres ejes tem\u00e1ticos que se desarrollaron para producir el \u00e1lbum: el rescate hist\u00f3rico, las nuevas composiciones y los nuevos arreglos.<\/p>\n<div class=\"content-media\">\n<section role=\"button\" class=\"mod-media   \">\n<figure role=\"button\" tabindex=\"0\" class=\"mod-figure \"><figcaption class=\"mod-figcaption\"><span class=\"com-text --caption --twoxs\">Daniel Binelli, Pablo Jaurena, Santiago Segret y Daniel Ruggiero<\/span><span class=\"com-text --credit --twoxs\">Yael Szmulewicz<\/span><\/figcaption><\/figure>\n<\/section>\n<\/div>\n<p class=\"com-paragraph   --s\">Pudo haber sido una especie de \u00e1lbum de Jaurena con invitados, una buena manera de sumarle tango a la era del \u201cfeat.\u201d Pero termin\u00f3 siendo algo mucho m\u00e1s colectivo. \u201cS\u00ed, cada tema es una colaboraci\u00f3n, un encuentro. <em>Fueyer\u00edas <\/em>es un proyecto colectivo que, en su esp\u00edritu, naci\u00f3 de una motivaci\u00f3n y una necesidad art\u00edstica y personal m\u00eda muy profunda -dice Jaurena-. Luego la compart\u00ed con Ignacio Varchausky con quien empezamos a darle forma y coproducirlo. Nunca fue pensado como un \u00e1lbum en solitario. Yo vengo de un disco solista en el m\u00e1s estricto sentido de la palabra, un disco de bandone\u00f3n solo (<em>Retrato del aire<\/em>; 2022) Este \u00e1lbum, en cambio, siempre fue pensado en conjunto. Y ah\u00ed ten\u00eda dos caminos posibles. Uno era armar una \u201cbanda estable\u201d, con 3 o 4 bandoneonistas amigos, y bautizarlo algo as\u00ed como el \u201cEnsamble de Bandoneones Pablo Jaurena\u201d. Sin dudas, iba a ser una producci\u00f3n m\u00e1s sencilla y lo hubi\u00e9ramos grabado en dos d\u00edas, en lugar de dos a\u00f1os como termin\u00f3 resultando. Pero eso no era tan atractivo en cuanto a proceso creativo. Me pareci\u00f3 mucho m\u00e1s rico ir eligiendo cada tema y cada invitado como si fuera la pieza de un rompecabezas. Los discos en general son obras donde participan muchas personas, y en los discos solistas muchas veces los m\u00fasicos participantes, los arregladores, quedan en un segundo plano. En este caso quise que fuera todo lo contrario&#8221;. <\/p>\n<p><iframe loading=\"lazy\" title=\"La historia de LOCA BOHEMIA\" width=\"1170\" height=\"658\" src=\"https:\/\/www.youtube.com\/embed\/ETpvsOx2bQ4?wmode=transparent&amp;rel=0&amp;feature=oembed\" frameborder=\"0\" allow=\"accelerometer; autoplay; clipboard-write; encrypted-media; gyroscope; picture-in-picture; web-share\" referrerpolicy=\"strict-origin-when-cross-origin\" allowfullscreen><\/iframe><\/p>\n<p class=\"com-paragraph   --s\">Los bandoneonistas, adem\u00e1s de compartir fila en una orquesta t\u00edpica, a veces se muestran como una especie de cofrad\u00eda representada en el propio instrumento que interpretan. Y de ah\u00ed que parezca m\u00e1s fan\u00e1ticos de su inseparable amigo que los pianistas, guitarristas o int\u00e9rpretes de otros instrumentos. \u201cEs probable, creo que hay un sentido de clan, de resistencia, de pertenencia y orgullo por el instrumento que tenemos los bandoneonistas. En mi opini\u00f3n, el bandone\u00f3n es el instrumento m\u00e1s argentino que existe. \u00bfPor qu\u00e9? Porque todo su desarrollo t\u00e9cnico se lo debemos a m\u00fasicos argentinos, su t\u00e9cnica no tiene antecesores cl\u00e1sicos o en otros g\u00e9neros como el piano, el viol\u00edn, la guitarra. No se puede contar la historia del bandone\u00f3n prescindiendo de la m\u00fasica argentina. Cualquier otro instrumento presente en la m\u00fasica argentina puede prescindir de la misma para contar su historia. En este sentido, creo que el bandone\u00f3n no es un instrumento reconocido lo suficiente en esta dimensi\u00f3n, porque no tiene mayor difusi\u00f3n, mayor lugar en los planes educativos oficiales, porque no hay un serio programa de preservaci\u00f3n de este patrimonio cultural. El bandone\u00f3n necesita visibilizar sus inmensas posibilidades, su repertorio especifico, sus fant\u00e1sticos creadores, muchos de ellos h\u00e9roes an\u00f3nimos sin los cuales la actualidad del instrumento ser\u00eda otra&#8221;.<\/p>\n<section class=\"container-center-100 mb-40 border border-bottom border-thin border-neutral-light-700\">\n<hr\/>\n<\/section>\n<\/div>\n","protected":false},"excerpt":{"rendered":"<p>El bandoneonista argentino Daniel Binelli y la pianista uruguaya Polly Ferman llevan algunas d\u00e9cadas compartiendo la vida y la m\u00fasica. Viven lejos, desde hace m\u00e1s de un cuarto de siglo, pero regresan anualmente al Rio de la Plata para reencontrarse con afectos y con una idiosincrasia af\u00edn a la m\u00fasica que escriben e interpretan. El [&hellip;]<\/p>\n","protected":false},"author":2,"featured_media":86970,"comment_status":"","ping_status":"","sticky":false,"template":"","format":"standard","meta":{"footnotes":""},"categories":[14],"tags":[],"_links":{"self":[{"href":"https:\/\/maxradio923.com.ar\/index.php\/wp-json\/wp\/v2\/posts\/86969"}],"collection":[{"href":"https:\/\/maxradio923.com.ar\/index.php\/wp-json\/wp\/v2\/posts"}],"about":[{"href":"https:\/\/maxradio923.com.ar\/index.php\/wp-json\/wp\/v2\/types\/post"}],"author":[{"embeddable":true,"href":"https:\/\/maxradio923.com.ar\/index.php\/wp-json\/wp\/v2\/users\/2"}],"replies":[{"embeddable":true,"href":"https:\/\/maxradio923.com.ar\/index.php\/wp-json\/wp\/v2\/comments?post=86969"}],"version-history":[{"count":0,"href":"https:\/\/maxradio923.com.ar\/index.php\/wp-json\/wp\/v2\/posts\/86969\/revisions"}],"wp:featuredmedia":[{"embeddable":true,"href":"https:\/\/maxradio923.com.ar\/index.php\/wp-json\/wp\/v2\/media\/86970"}],"wp:attachment":[{"href":"https:\/\/maxradio923.com.ar\/index.php\/wp-json\/wp\/v2\/media?parent=86969"}],"wp:term":[{"taxonomy":"category","embeddable":true,"href":"https:\/\/maxradio923.com.ar\/index.php\/wp-json\/wp\/v2\/categories?post=86969"},{"taxonomy":"post_tag","embeddable":true,"href":"https:\/\/maxradio923.com.ar\/index.php\/wp-json\/wp\/v2\/tags?post=86969"}],"curies":[{"name":"wp","href":"https:\/\/api.w.org\/{rel}","templated":true}]}}