{"id":86953,"date":"2026-04-14T10:16:03","date_gmt":"2026-04-14T13:16:03","guid":{"rendered":"https:\/\/maxradio923.com.ar\/index.php\/2026\/04\/14\/dante-spinetta-las-ensenanzas-de-sus-padres-el-motivo-de-las-mudanzas-en-su-infancia-y-la-verguenza-que-le-dan-algunos-musicos\/"},"modified":"2026-04-14T10:16:03","modified_gmt":"2026-04-14T13:16:03","slug":"dante-spinetta-las-ensenanzas-de-sus-padres-el-motivo-de-las-mudanzas-en-su-infancia-y-la-verguenza-que-le-dan-algunos-musicos","status":"publish","type":"post","link":"https:\/\/maxradio923.com.ar\/index.php\/2026\/04\/14\/dante-spinetta-las-ensenanzas-de-sus-padres-el-motivo-de-las-mudanzas-en-su-infancia-y-la-verguenza-que-le-dan-algunos-musicos\/","title":{"rendered":"Dante Spinetta: las ense\u00f1anzas de sus padres, el motivo de las mudanzas en su infancia y la verg\u00fcenza que le dan algunos m\u00fasicos"},"content":{"rendered":"<p><\/p>\n<div>\n<nav class=\"com-breadcrumb --no-app \"><i class=\"--bullet --fourxs\">&gt;<\/i>LA NACION<i class=\"--bullet --fourxs\">&gt;<\/i>Espect\u00e1culos<i class=\"--bullet --fourxs\">&gt;<\/i>M\u00fasica<\/nav>\n<div class=\"mod-date-container flex flex-column gap-8 mb-16 text-neutral-light-600 jc-between flex-row_sm ai-center_sm\">\n<ul class=\"mod-date flex jc-start ai-center --bullet-list_12 w-100\">\n<li class=\"flex ai-center\"><time class=\"com-date --twoxs\" datetime=\"14 de abril de 2026\">14 de abril de 2026<\/time><\/li>\n<li class=\"mod-date-hour flex ai-center\"><time class=\"com-hour --twoxs\">10:01<\/time><\/li>\n<li class=\"reading-time flex bullet-sm-none ml-auto_max767 flex gap-2 ai-center\"><i class=\"icon\" style=\"height:20px\"><img class=\"image flex --cover\" decoding=\"async\" fetchpriority=\"low\" loading=\"lazy\" src=\"https:\/\/www.lanacion.com.ar\/pf\/resources\/images\/svgDegrade\/timer-ia.webp?d=1979\" height=\"21\" alt=\"icono tiempo de lectura\"\/><\/i><span class=\"text text-neutral-light-700\">15<!-- --> <span class=\"sm-none\">minutos<!-- --> de lectura<\/span><span class=\"sm-only\">&#8216;<\/span><\/span><\/li>\n<\/ul>\n<\/div>\n<p class=\"com-paragraph   --s\">\u201c<em><strong>D\u00eda 3<\/strong><\/em> es el d\u00eda en que empezamos a elegir con inteligencia emocional el desarrollo de nuestras vidas en vez de pensar en lo que nos vamos a comprar&#8221;. <strong>Dante Spinetta<\/strong> (<strong>Dante<\/strong> a secas es su nombre art\u00edstico) est\u00e1 reflexivo. Sus respuestas son las de alguien que se ha tomado un buen tiempo para reflexionar acerca de su vida, de su m\u00fasica y de su historia familiar. Por eso en una larga e imperdible charla con <strong>LA NACION<\/strong> se toma el tiempo no solo para hablar de lo que hay detr\u00e1s de cada una de sus nuevas canciones (excelentes, por cierto) sino tambi\u00e9n para entregar recuerdos de una trayectoria que ya super\u00f3 los 35 a\u00f1os: cuando recibi\u00f3 un A\u00f1o Nuevo con <strong>Diego Maradona<\/strong>, cuando ve\u00eda a su pap\u00e1 Luis Alberto luchar para vivir de su m\u00fasica o a su mam\u00e1 Patricia Salazar reorganizar la econom\u00eda y la log\u00edstica familiar. <\/p>\n<p class=\"com-paragraph   --s\"><strong>\u2013\u00bfC\u00f3mo naci\u00f3 D\u00eda 3?<\/strong><\/p>\n<p class=\"com-paragraph   --s\">\u2013El plan era hacer un <em>Mesa dulce 2<\/em>. Grab\u00e9 12, 13 tracks. Estaba <em>re<\/em> bueno ese disco, pero una de las canciones me abri\u00f3 un camino nuevo y autom\u00e1ticamente empezaron a aparecer ideas que modificaron el concepto inicial del disco. Era casi un disco entero de funk, y tuve que dejar que brote eso.<\/p>\n<p class=\"com-paragraph   --s\"><strong>\u2013\u00bfEntonces?<\/strong><\/p>\n<p class=\"com-paragraph   --s\">\u2013Termin\u00e9 grabando 26 canciones, dos \u00e1lbumes full, con cuerdas, vientos y todas las melod\u00edas. Son <em>outtakes<\/em>, van a salir en alg\u00fan momento. Pero apareci\u00f3 una energ\u00eda diferente que de alguna manera ten\u00eda un <em>blend<\/em>, una mezcla m\u00e1s melanc\u00f3lica por momentos. Empezaron a aparecer ideas tangueras, boler\u00edsticas. La canci\u00f3n \u201cSolos en la oscuridad\u201d la escrib\u00ed en el estudio una noche. Grab\u00e9 la guitarra y la voz y me fui del estudio a las 6 de la ma\u00f1ana con la canci\u00f3n terminada.<\/p>\n<div class=\"content-media\">\n<section role=\"button\" class=\"mod-media   \">\n<figure role=\"button\" tabindex=\"0\" class=\"mod-figure \"><figcaption class=\"mod-figcaption\"><span class=\"com-text --caption --twoxs\">Dante Spinetta, en Villa Urquiza<\/span><span class=\"com-text --credit --twoxs\">Santiago Filipuzzi<\/span><\/figcaption><\/figure>\n<\/section>\n<\/div>\n<p class=\"com-paragraph   --s\"><strong>\u2013\u00bfY qu\u00e9 pas\u00f3 al d\u00eda siguiente cuando la escuchaste?<\/strong><\/p>\n<p class=\"com-paragraph   --s\">\u2013Cuando la escuch\u00e9 dije: \u201cEsta canci\u00f3n va al disco\u201d. Empezaron a aparecer brotes emocionales que no se pod\u00edan detener. Esta especie de relaci\u00f3n con la inmensidad del espacio. Hay una parte del disco que es medio espacial: \u201cStarlight\u201d, \u201cUniversos\u201d, \u201cSoldado espiritual\u201d. Es m\u00e1s futurista, pero conectada a trav\u00e9s de un escape de la realidad. Se arm\u00f3 una narrativa muy fuerte de amor y desamor. Me tuve que separar dos meses del material y dejar de escucharlo para tomar la decisi\u00f3n de qu\u00e9 temas iban. <\/p>\n<p class=\"com-paragraph   --s\"><strong>\u2013\u00bfPor qu\u00e9 D\u00eda 3?<\/strong><\/p>\n<p class=\"com-paragraph   --s\">\u2013El n\u00famero tres ya hab\u00eda aparecido en <em>Pir\u00e1mide<\/em> y me pareci\u00f3 que completaba una especie de trilog\u00eda con <em>Pu\u00f1al<\/em> y <em>Mesa dulce<\/em>. Y el lado espiritual: el d\u00eda 3 es el d\u00eda en que la vida vence al caos, el d\u00eda en que se cumplen las promesas y la resurrecci\u00f3n de Cristo. Ten\u00eda un lado muy espiritual de conexi\u00f3n con el amor, con volver a hacer los discos con la conciencia de que hay algo s\u00faper importante a nivel energ\u00e9tico a cuidar en la m\u00fasica. En un mundo que cada vez es m\u00e1s sint\u00e9tico, hay que volver a conectar con la humanidad, con las cosas buenas y las malas.<\/p>\n<div class=\"content-media cursor-pointer container-center-100\">\n<section class=\"media-container relative ratio-16-9 mod-media pb-32\">\n<figure class=\"mod-video\">\n<div class=\"video-player bg-black ratio-16-9\" data-has-jwplayer=\"true\" data-video-id-jw=\"bCqMCuWd\" data-config=\"{&quot;title&quot;:&quot;DANTE SPINETTA&quot;,&quot;mediaId&quot;:&quot;bCqMCuWd&quot;,&quot;playerId&quot;:&quot;ih0086X3&quot;,&quot;playlist&quot;:[{&quot;mediaid&quot;:&quot;bCqMCuWd&quot;,&quot;sources&quot;:[{&quot;file&quot;:&quot;https:\/\/cdn.jwplayer.com\/manifests\/bCqMCuWd.m3u8&quot;,&quot;type&quot;:&quot;application\/vnd.apple.mpegurl&quot;},{&quot;bitrate&quot;:255705,&quot;file&quot;:&quot;https:\/\/cdn.jwplayer.com\/videos\/bCqMCuWd-kTExGaWf.mp4&quot;,&quot;filesize&quot;:78437666,&quot;framerate&quot;:30,&quot;height&quot;:180,&quot;label&quot;:&quot;180p&quot;,&quot;type&quot;:&quot;video\/mp4&quot;,&quot;width&quot;:320},{&quot;bitrate&quot;:353395,&quot;file&quot;:&quot;https:\/\/cdn.jwplayer.com\/videos\/bCqMCuWd-K8B0kybS.mp4&quot;,&quot;filesize&quot;:108403997,&quot;framerate&quot;:30,&quot;height&quot;:270,&quot;label&quot;:&quot;270p&quot;,&quot;type&quot;:&quot;video\/mp4&quot;,&quot;width&quot;:480},{&quot;bitrate&quot;:947748,&quot;file&quot;:&quot;https:\/\/cdn.jwplayer.com\/videos\/bCqMCuWd-46NIuRKO.mp4&quot;,&quot;filesize&quot;:290721781,&quot;framerate&quot;:30,&quot;height&quot;:720,&quot;label&quot;:&quot;720p&quot;,&quot;type&quot;:&quot;video\/mp4&quot;,&quot;width&quot;:1280},{&quot;bitrate&quot;:113392,&quot;file&quot;:&quot;https:\/\/cdn.jwplayer.com\/videos\/bCqMCuWd-hz5z2Tv4.m4a&quot;,&quot;filesize&quot;:34783060,&quot;label&quot;:&quot;AAC Audio&quot;,&quot;type&quot;:&quot;audio\/mp4&quot;},{&quot;bitrate&quot;:1819705,&quot;file&quot;:&quot;https:\/\/cdn.jwplayer.com\/videos\/bCqMCuWd-SomplJdm.mp4&quot;,&quot;filesize&quot;:558194556,&quot;framerate&quot;:30,&quot;height&quot;:1080,&quot;label&quot;:&quot;1080p&quot;,&quot;type&quot;:&quot;video\/mp4&quot;,&quot;width&quot;:1920},{&quot;bitrate&quot;:414150,&quot;file&quot;:&quot;https:\/\/cdn.jwplayer.com\/videos\/bCqMCuWd-FnZGUVnC.mp4&quot;,&quot;filesize&quot;:127040517,&quot;framerate&quot;:30,&quot;height&quot;:360,&quot;label&quot;:&quot;360p&quot;,&quot;type&quot;:&quot;video\/mp4&quot;,&quot;width&quot;:640},{&quot;bitrate&quot;:651176,&quot;file&quot;:&quot;https:\/\/cdn.jwplayer.com\/videos\/bCqMCuWd-0G6Pwvlw.mp4&quot;,&quot;filesize&quot;:199748443,&quot;framerate&quot;:30,&quot;height&quot;:540,&quot;label&quot;:&quot;540p&quot;,&quot;type&quot;:&quot;video\/mp4&quot;,&quot;width&quot;:960}]}],&quot;hasAutoplay&quot;:false,&quot;autostart&quot;:true,&quot;tagsUrl&quot;:&quot;https:\/\/pubads.g.doubleclick.net\/gampad\/ads?slotname=\/133919216\/la_nacion_video\/nota\/preroll&amp;sz=640x480|400x300&amp;ciu_szs=300x250&amp;unviewed_position_start=1&amp;output=vast&amp;impl=s&amp;env=vp&amp;gdfp_req=1&amp;ad_rule=0&amp;vad_type=linear&amp;vpos=preroll&amp;cust_params=tags_nuevos%3Dte_entrevistas%2Cte_dante_spinetta%2Cte_musica%2Cte_boleros%2Cte_tango%2Cca_musica%2Cca_espectaculos%2Cau_sebastian_esposito%2CZGL3FRP4B5GQLBRMYJMS2DTGQQ&amp;pod=3&amp;ppos=1&amp;lip=true&amp;min_ad_duration=0&amp;max_ad_duration=30000&amp;vrid=6256&amp;url=https%3A%2F%2Fwww.lanacion.com.ar%2Fespectaculos%2Fmusica%2Fdante-spinetta-las-ensenanzas-de-sus-padres-el-motivo-de-las-mudanzas-en-su-infancia-y-la-verguenza-nid14042026%2F%3Fvariant%3DA&amp;description_url=https%3A%2F%2Fwww.lanacion.com.ar%2Fespectaculos%2Fmusica%2Fdante-spinetta-las-ensenanzas-de-sus-padres-el-motivo-de-las-mudanzas-en-su-infancia-y-la-verguenza-nid14042026%2F%3Fvariant%3DA&amp;video_doc_id=short_onecue&amp;cmsid=496&amp;kfa=0&amp;tfcd=0&amp;correlator=1776172301034&quot;,&quot;arcSite&quot;:&quot;la-nacion-ar&quot;}\">\n<div id=\"facade-bCqMCuWd\" class=\"content-facade-jw relative bg-black ratio-16-9\"><picture><source media=\"(max-width: 767px)\" srcset=\"https:\/\/resizer.glanacion.com\/resizer\/v2\/https%3A%2F%2Fcdn.jwplayer.com%2Fv2%2Fmedia%2FbCqMCuWd%2Fposter.jpg%3Fwidth%3D720?auth=be751a82df92632e7c1865bb4f528581ebcdf90f837a44de87bd6375b011c48b&amp;width=480&amp;quality=70&amp;smart=false\"\/><img class=\"image com-image flex --cover\" decoding=\"async\" fetchpriority=\"low\" loading=\"lazy\" src=\"https:\/\/resizer.glanacion.com\/resizer\/v2\/https%3A%2F%2Fcdn.jwplayer.com%2Fv2%2Fmedia%2FbCqMCuWd%2Fposter.jpg%3Fwidth%3D720?auth=be751a82df92632e7c1865bb4f528581ebcdf90f837a44de87bd6375b011c48b&amp;width=720&amp;quality=70&amp;smart=false\" alt=\"DANTE SPINETTA\"\/><\/picture><\/div>\n<\/div><figcaption class=\"border border-1 border-bottom border-light-300 relative px-16 py-8 min-h-36 w-100_md px-0_l mb-8 bg-white\"><span class=\"text ln-text text-16 block\">DANTE SPINETTA<\/span><\/figcaption><\/figure>\n<\/section>\n<\/div>\n<p class=\"com-paragraph   --s\"><strong>\u2013C\u00f3mo nace la impronta de un bolero?<\/strong><\/p>\n<p class=\"com-paragraph   --s\">\u2013En los \u00faltimos a\u00f1os escucho mucha salsa, bolero, Jos\u00e9 Feliciano. Lo que m\u00e1s escucho desde hace 5 a\u00f1os es salsa: Fania All-Stars. Hay influencia del dramatismo de los boleros. Como el tango, es el coraz\u00f3n en la mano y eso es muy atractivo para m\u00ed. Despu\u00e9s lo mezcl\u00e9 con la parafernalia urbana, porque no s\u00e9 si hacer un bolero estandar me copaba. Quer\u00eda hacer algo que en vivo pudiera sentir, que tuviera la crudeza del hip hop, lo mismo en \u201cPensando en ella\u201d, que podr\u00eda tener un arreglo tanguero y quedar entero, porque la letra es eso, pero siempre me gust\u00f3 jugar con las \u00e9pocas, ir al pasado y al futuro, pero que hubiera un hilo conductor emocional en el disco. Pasa en el disco que hay canciones <em>re<\/em> producidas que contrastan con otras como \u201cSolos en la oscuridad\u201d, que es una guitarra y una voz. Hay un hilo conductor que arranca con \u201cPensando en ella\u201d, que es el momento de la ruptura. \u201cMaldito frenes\u00ed\u201d habla de la ansiedad, c\u00f3mo estamos perseguidos por los algoritmos y nuestra cabeza manipulada con tanta informaci\u00f3n, y cae en \u201cEl reset\u201d: todo lo que fuimos se borra con un bot\u00f3n. Despu\u00e9s viene el momento donde empez\u00e1s a salir a la calle de nuevo, \u201cEl plancito\u201d: volver a conocer gente.<\/p>\n<p><iframe loading=\"lazy\" title=\"Dante Spinetta - El Plancito (Official Visualizer)\" width=\"1170\" height=\"878\" src=\"https:\/\/www.youtube.com\/embed\/N-GU28UNQ4g?wmode=transparent&amp;rel=0&amp;feature=oembed\" frameborder=\"0\" allow=\"accelerometer; autoplay; clipboard-write; encrypted-media; gyroscope; picture-in-picture; web-share\" referrerpolicy=\"strict-origin-when-cross-origin\" allowfullscreen><\/iframe><\/p>\n<p class=\"com-paragraph   --s\"><strong>\u2013\u201cEl plancito\u201d naci\u00f3 para ser hit. Es la canci\u00f3n m\u00e1s sensual y sexual del disco&#8230;<\/strong><\/p>\n<p class=\"com-paragraph   --s\">\u2013Y despu\u00e9s viene la parte reflexiva, el escape: \u201cSoldado espiritual\u201d, \u201cUniversos\u201d, y cae a la tristeza, al despu\u00e9s de la joda. \u201cSolos en la oscuridad\u201d representa el momento en el que te sent\u00eds vac\u00edo y est\u00e1s solo en tu casa. Est\u00e1 esa narrativa en el \u00e1lbum y tiene que ver con esta epidemia de soledad y de ansiedad que hay en el mundo. Estamos cada vez m\u00e1s separados porque estamos todo el tiempo viendo el celular. Te junt\u00e1s a comer con amigos y llega un momento en que hay un silencio. Levant\u00e1s la cabeza y ves a todos mirando el celular. Eso pasa en los v\u00ednculos familiares, de pareja, en todos.<\/p>\n<div class=\"content-media\">\n<section role=\"button\" class=\"mod-media   \">\n<figure role=\"button\" tabindex=\"0\" class=\"mod-figure \"><figcaption class=\"mod-figcaption\"><span class=\"com-text --caption --twoxs\">Luis Alberto Spinetta con sus hijos y los de su amigo Eduardo &#8220;Dylan&#8221; Mart\u00ed en la grabaci\u00f3n de \u201cEl mono tremendo\u201d<\/span><span class=\"com-text --credit --twoxs\">Gentileza Dylan Mart\u00edn<\/span><\/figcaption><\/figure>\n<\/section>\n<\/div>\n<p class=\"com-paragraph   --s\"><strong>\u2013\u00bfPor qu\u00e9 cre\u00e9s que te surgieron ahora estas reflexiones?<\/strong><\/p>\n<p class=\"com-paragraph   --s\">\u2013La edad y la experiencia tuvieron que ver. Mis hijos ya son grandes y volv\u00ed a vivir solo. Es muy loco eso, despu\u00e9s de veintipico de a\u00f1os estoy solo como cuando ten\u00eda 18. Empez\u00e1s a pensar en el mundo que se est\u00e1 edificando mentalmente, socialmente, para tus hijos, para tus nietos. Tambi\u00e9n veo c\u00f3mo se est\u00e1 torciendo la industria musical con este algoritmo inhumano. A m\u00ed me encanta la IA, me parece genial, pero no la us\u00e9 en el disco; capaz alg\u00fan d\u00eda s\u00ed, \u00bfpor qu\u00e9 no? La voy a poder usar como una herramienta como el <em>sample<\/em>. A lo que voy es a algo m\u00e1s vincular. <em>D\u00eda 3<\/em> es el d\u00eda en que empezamos a elegir con inteligencia emocional el desarrollo de nuestras vidas en vez de pensar en lo que nos vamos a comprar. <\/p>\n<p class=\"com-paragraph   --s\"><strong>\u2013Prince sigue muy presente en tu m\u00fasica, se lo siente en <\/strong><em><strong>D\u00eda 3<\/strong><\/em><strong>. Hay que tocar bastante para sonar a Prince&#8230;<\/strong><\/p>\n<p class=\"com-paragraph   --s\">\u2013La banda es la misma de <em>Mesa dulce<\/em>. Pablo Gonz\u00e1lez en bater\u00eda, Mati M\u00e9ndez en bajo y Axel Introini en teclados. Yo arranco siempre con la producci\u00f3n, los <em>beats<\/em>, las guitarras y las voces y cuando vienen a grabar escuchan los temas por primera vez. Yo ya s\u00e9 como capit\u00e1n del barco a qui\u00e9nes les doy la responsabilidad. Son m\u00fasicos incre\u00edbles que escuchan la misma m\u00fasica que yo. Lo mismo con el ingeniero, Saga (Oscar \u201cSaga\u201d Herrera&#8221; y Mariano (L\u00f3pez) en la mezcla. Despu\u00e9s est\u00e1 Claudio Cardone en las cuerdas. \u201cPensando en ella\u201d lo grabamos en ION porque es tanguero y quer\u00edamos que tuviera la impronta de Buenos Aires. Y el resto de lo orquestal lo grabamos con la Filarm\u00f3nica de Praga v\u00eda sat\u00e9lite.<\/p>\n<p><iframe loading=\"lazy\" title=\"Dante Spinetta - El Reset (Official Video)\" width=\"1170\" height=\"878\" src=\"https:\/\/www.youtube.com\/embed\/7CU4zaTQjKI?wmode=transparent&amp;rel=0&amp;feature=oembed\" frameborder=\"0\" allow=\"accelerometer; autoplay; clipboard-write; encrypted-media; gyroscope; picture-in-picture; web-share\" referrerpolicy=\"strict-origin-when-cross-origin\" allowfullscreen><\/iframe><\/p>\n<p class=\"com-paragraph   --s\"><strong>\u2013\u00bfPor qu\u00e9 la Filarm\u00f3nica de Praga?<\/strong><\/p>\n<p class=\"com-paragraph   --s\">\u2013Es una Filarm\u00f3nica muy grosa y eficiente en tiempo y grabaci\u00f3n. Es mortal, vos est\u00e1s ac\u00e1 en Buenos Aires conectado en video con Praga y escuch\u00e1s en tiempo real en tu consola lo que est\u00e1n tocando all\u00e1. Entonces hac\u00e9s las correcciones en el momento. Y tienen una afinaci\u00f3n incre\u00edble. Los vientos est\u00e1n grabados en Minneapolis con Michael B. Nelson, que fue durante muchos a\u00f1os el arreglador de Prince y con quien hace varios a\u00f1os que trabajo. Es una bestia funkera. Cuando le mand\u00e9 \u201cMaldito frenes\u00ed\u201d le dije que quer\u00eda unos vientos m\u00e1s <em>Old School<\/em>, que el arreglo tuviera una impronta m\u00e1s Sly. Los arreglos que hizo en \u201cTe quiero\u201d son s\u00faper <em>princeros<\/em>, muy de la \u00e9poca de <em>1999<\/em>. El hac\u00eda los arreglos de muchos de esos temas, \u00a1qu\u00e9 le voy a decir!<\/p>\n<p class=\"com-paragraph   --s\"><strong>\u2013Participa Juanse del disco y cuando lo escuch\u00e9 por primera vez record\u00e9 la colaboraci\u00f3n de tu pap\u00e1 con Ratones Paranoicos: \u201cSacrificio japon\u00e9s\u201d&#8230;<\/strong><\/p>\n<p class=\"com-paragraph   --s\">\u2013\u00a1Si! A Juanse lo conozco desde hace muchos a\u00f1os, pero no lo vi tanto de chico. Me acuerdo de cuando mi viejo estaba haciendo <em>Pelus\u00f3n of Milk<\/em>. Yo ten\u00eda 14, 15 a\u00f1os y estaban los Ratones en el estudio con Andrew Loog Oldham. Mi viejo les mostr\u00f3 \u201cSeguir viviendo sin tu amor\u201d y Andrew le produjo una versi\u00f3n, pero mi viejo no us\u00f3 nada de eso, la hizo a su manera. Y recuerdo de ir solo a ver a los Ratones a los 15 a Obras. Yo ya era <em>re<\/em> rapero, pero siempre me encantaron los Ratones y c\u00f3mo escribe Juanse. Ahora nos ven\u00edamos encontrando, me hab\u00eda dicho que le hab\u00eda copado <em>Mesa dulce<\/em>. Estaba haciendo esta canci\u00f3n, \u201cMe quedo ac\u00e1\u201d y la melod\u00eda autom\u00e1ticamente me remiti\u00f3 a \u00e9l.<\/p>\n<p class=\"com-paragraph   --s\"><strong>\u2013En esa canci\u00f3n tambi\u00e9n hay una referencia a Charly Garc\u00eda, al <\/strong><em><strong>sample<\/strong><\/em><strong> de \u201cNo me dejan salir\u201d.<\/strong><\/p>\n<p class=\"com-paragraph   --s\">\u2013Es que us\u00e9 el mismo <em>sample<\/em> que us\u00f3 Charly en ese tema. No lo <em>sample\u00e9<\/em> a Charly, encontr\u00e9 el original y lo us\u00e9 tambi\u00e9n como tributo a \u00e9l y al funk argentino; a Spinetta Jade, a Fito (P\u00e1ez), cosas <em>re<\/em> funkeras que hicieron ellos. Es que con ellos tenemos una influencia en com\u00fan: Prince. El tema con Juanse es uno de mis favoritos del disco. Juanse vino al estudio con unas cadenas, con im\u00e1genes religiosdas incre\u00edbles. Escribi\u00f3 su parte y despu\u00e9s meti\u00f3 unas violas que quedaron incre\u00edbles. <\/p>\n<div class=\"content-media\">\n<section role=\"button\" class=\"mod-media   \">\n<figure role=\"button\" tabindex=\"0\" class=\"mod-figure \"><figcaption class=\"mod-figcaption\"><span class=\"com-text --caption --twoxs\">Dante Spinetta cumplir\u00e1 50 a\u00f1os en diciembre<\/span><span class=\"com-text --credit --twoxs\">Santiago Filipuzzi<\/span><\/figcaption><\/figure>\n<\/section>\n<\/div>\n<p class=\"com-paragraph   --s\">En diciembre, Dante cumplir\u00e1 50 a\u00f1os. S\u00ed, el nene de 8 que irrumpi\u00f3 en el escenario de su pap\u00e1 junto a su amigo <strong>Emmanuel Horvilleur<\/strong> y a los hermanos de ambos bajo el nombre de Pechugo para cantar \u201cEl mono tremendo\u201d en un abrir y cerrar de ojos llega al medio siglo de vida. El que edific\u00f3 con su compa\u00f1ero de mil batallas <strong>Illya Kuryaki &amp; the Valderramas<\/strong> (hoy simplificado como IKV) y que de tanto en tanto vuelve a ese repertorio y esa energ\u00eda para repasar sus cl\u00e1sicos. \u201cEste es mi momento, es mi vida. No aprovechar el don que te dio Dios y hacer las cosas a medias, para m\u00ed no va\u201d, reflexiona ahora y cuando lo hace vienen al recuerdo pap\u00e1 Luis Alberto y mam\u00e1 Patricia Salazar. \u201cPerderlos tan j\u00f3venes, 63 ten\u00eda mi pap\u00e1 y 64 mi mam\u00e1, me hizo respetar mucho el valor del tiempo, de la misi\u00f3n. M\u00e1s all\u00e1 de si es un \u00e9xito comercial o no lo que hago, cuando me acuesto en la cama s\u00e9 que estoy en el camino correcto. Es el camino del amor por la m\u00fasica, que eso es lo que me transmitieron mis viejos y lo aprend\u00ed de ellos. <\/p>\n<p class=\"com-paragraph   --s\"><strong>\u2013Y comercialmente con <\/strong><em><strong>Mesa dulce<\/strong><\/em><strong> te fue muy bien&#8230;<\/strong><\/p>\n<p class=\"com-paragraph   --s\">\u2013Nunca tuve siete nominaciones a los Gardel y gan\u00e9 cuatro; una locura. Dos nominaciones a los Grammy: gan\u00e9 uno y toqu\u00e9 por todos lados. Ahora ya tengo una gira armada a partir de mayo: M\u00e9xico, Espa\u00f1a, Chile, Colombia. <\/p>\n<p class=\"com-paragraph   --s\"><strong>\u2013Se cumplen 35 a\u00f1os de <\/strong><em><strong>Fabrico cuero<\/strong><\/em><strong>, el primer disco de Kuryaki. Lo produjo tu pap\u00e1. \u00c9l toca en el disco y tu t\u00edo Gustavo, tambi\u00e9n. \u00bfTen\u00e9s tiempo de ir para atr\u00e1s, de repasar hitos como estos?<\/strong><\/p>\n<p class=\"com-paragraph   --s\">\u2013Es que no me olvido de nada, todo eso es parte del camino hecho y del disfrute de la vida. Haber trabajado con mi pap\u00e1, con mis amigos, con los m\u00fasicos de mi pap\u00e1, con mi t\u00edo Gustavo, que siempre fue como un amigo m\u00e1s; de golpe estaba de gira con Kuryaki con \u00e9l y nos cag\u00e1bamos de risa. Es una bendici\u00f3n. C\u00f3mo me voy a quejar y no voy a dar todo de m\u00ed, cuando hay gente que est\u00e1 revolviendo en la basura o los viejos que no pueden comer dos veces al d\u00eda. Me da verg\u00fcenza los m\u00fasicos que se quejan del \u00e9xito. \u00bfEn qu\u00e9 mundo viven? Hay que mantener lo pies en la tierra. Y eso lo aprend\u00ed en casa. Estate agradecido que te colg\u00e1s la viola y la gente te aplaude y ten\u00e9s comida en la mesa. Hac\u00e9 las cosas desde el agradecimiento. Lo vi a mi viejo hacer las cosas as\u00ed, la vi a mi vieja y lo vi al Diego (Maradona) salud\u00e1ndome como si me conociera de toda la vida. <\/p>\n<p><iframe loading=\"lazy\" title=\"Dante Spinetta, Juanse - Me Quedo Ac\u00e1 (Official Visualizer)\" width=\"1170\" height=\"878\" src=\"https:\/\/www.youtube.com\/embed\/qRYMKW3WBHs?wmode=transparent&amp;rel=0&amp;feature=oembed\" frameborder=\"0\" allow=\"accelerometer; autoplay; clipboard-write; encrypted-media; gyroscope; picture-in-picture; web-share\" referrerpolicy=\"strict-origin-when-cross-origin\" allowfullscreen><\/iframe><\/p>\n<p class=\"com-paragraph   --s\"><strong>\u2013\u00bfComo fue eso?<\/strong><\/p>\n<p class=\"com-paragraph   --s\">\u2013Lo conoc\u00ed un fin de a\u00f1o en una fiesta en Punta del Este. Nos invitaron, yo estaba con Emma (Horvilleur), con el Turquito (Eduardo \u201cDylan\u201d Mart\u00ed) y mi hermano Valentino. El Turquito conoc\u00eda a Guillote (Coppola). Ellos estaban en un lugar que era como un jard\u00edn de invierno. Afuera, en una carpa, estaban todos los personajes del momento. Y nosotros llegamos en la \u00e9poca de Kuryaki de fines de los 90. El Turco le golpea la puerta a Coppola, lo ve, lo saluda y nos invita a pasar. El Diego nos reconoci\u00f3, nos salud\u00f3 y nos quedamos hablando. Eran como las once y media de la noche. De golpe se escuchan \u201cpa pa pa\u201d, fuegos artificiales y brindamos ah\u00ed con el Diego. \u201c\u00a1Feliz a\u00f1o!\u201c. \u00c9ramos cinco ah\u00ed, los dem\u00e1s estaban del otro lado. \u00bfDe qu\u00e9 me puedo quejar? <\/p>\n<p class=\"com-paragraph   --s\"><strong>\u2013Y recientemente tuviste una experiencia con Messi&#8230;<\/strong><\/p>\n<p class=\"com-paragraph   --s\">\u2013Con Brando [su hijo] fuimos a ver al Inter de Miami y lo conocimos a Leo. Brando le cont\u00f3 que hab\u00eda jugado en Sacachispas, que lleg\u00f3 hasta la primera y que dej\u00f3 y Messi le pregunt\u00f3 por qu\u00e9 hab\u00eda dejado. Nos tir\u00f3 la mejor, con mucha humildad. Hay que aprender de esa energ\u00eda. A m\u00ed la energ\u00eda del rock, del ego, del \u201csoy un rapero y me la creo\u201d, no la compro. Soy m\u00e1s fan de los h\u00e9roes reales. <\/p>\n<p class=\"com-paragraph   --s\"><strong>\u2013Hace unos d\u00edas se viraliz\u00f3 el recuerdo que compartiste de tu infancia. Contaste que se mudaban muy seguido y que casi todos los a\u00f1os empezabas en un nuevo colegio&#8230;<\/strong><\/p>\n<p class=\"com-paragraph   --s\">\u2013Era la \u00e9poca de Interdisc de mi viejo. \u00c9l era casi <em>indie<\/em> en ese momento. Tocaba en <em>jams<\/em> solo con la guitarra y los discos. Era dif\u00edcil para el rock nacional, con excepci\u00f3n de Charly [Garc\u00eda], que era m\u00e1s popular. Para mi viejo era dif\u00edcil y no nos falt\u00f3 la comida nunca, pero la situaci\u00f3n era inestable. \u00c9ramos muy n\u00f3mades. Me acuerdo de mi viejo en Castelar. Ten\u00eda un mercedes antiguo, una camioneta e \u00edbamos a colegio privado y dos a\u00f1os despu\u00e9s ya no ten\u00edamos auto, \u00edbamos a un colegio del Estado, no ten\u00edamos muebles&#8230; Salt\u00e1bamos de una cosa a la otra y mi viejo no era un quemado, laburaba todo el tiempo, hac\u00eda discos todos los a\u00f1os; y qu\u00e9 discos. Me acuerdo de mi viejo a las puteadas porque una vez se encarg\u00f3 un multipistas para poder grabar. Iba a ser su primer estudio m\u00f3vil para poder grabar y ahorrarse la plata de los estudios, y un bagayero le cag\u00f3 la guita.<\/p>\n<div class=\"content-media\">\n<section role=\"button\" class=\"mod-media   \">\n<figure role=\"button\" tabindex=\"0\" class=\"mod-figure \"><figcaption class=\"mod-figcaption\"><span class=\"com-text --caption --twoxs\">Dante Spinetta con Lionel Messi en Miami<\/span><\/figcaption><\/figure>\n<\/section>\n<\/div>\n<p class=\"com-paragraph   --s\"><strong>\u2013Pero nunca baj\u00f3 los brazos&#8230;<\/strong><\/p>\n<p class=\"com-paragraph   --s\">\u2013Lo que yo vi en mi viejo es un guerrero incansable que segu\u00eda su camino, y mi vieja rearmaba toda la organizaci\u00f3n para encajar y seguir. En ese momento \u00e9ramos tres hermanos [Catarina, Valentino y \u00e9l], Vera vino despu\u00e9s. Reci\u00e9n en los 90 tuvimos casa propia y antes vivimos un a\u00f1o y medio en lo de mis abuelos. \u00c9ramos medio n\u00f3mades, yo aprend\u00ed un mont\u00f3n de eso tambi\u00e9n. Aprend\u00ed a encajar en lugares diferentes, a conocer gente diferente. Fue un ejercicio social no tan grato por momentos. Era duro despedirme a fin de a\u00f1o de los amigos que me hab\u00eda hecho. De golpe me hab\u00eda hecho un mejor amigo y los \u00faltimos d\u00edas no quer\u00eda ir al colegio porque me angustiaba la idea de tener que despedirme de ellos. Es al d\u00eda de hoy que me cuestan mucho las despedidas, prefiero desaparecer en la oscuridad, como Batman. <\/p>\n<p class=\"com-paragraph   --s\">En aquellos a\u00f1os mudarse de barrio era como mudarse de pa\u00eds. Barajar y dar de nuevo. \u201cNo ten\u00edamos guita pero s\u00ed una videocasetera. Ve\u00edamos a [Herbie] Hancock todo el d\u00eda y <em>Purple Rain<\/em> de Prince. <em>The Wall<\/em> no era una pel\u00edcula para chicos, pero yo ten\u00eda 15 a\u00f1os y ya la hab\u00eda visto 15 veces.<\/p>\n<div class=\"content-media\">\n<section role=\"button\" class=\"mod-media   \">\n<figure role=\"button\" tabindex=\"0\" class=\"mod-figure \"><figcaption class=\"mod-figcaption\"><span class=\"com-text --caption --twoxs\">&#8220;Crec\u00ed con una \u00e9tica de trabajo fuerte&#8221;, repasa Dante<\/span><span class=\"com-text --credit --twoxs\">Santiago Filipuzzi<\/span><\/figcaption><\/figure>\n<\/section>\n<\/div>\n<p class=\"com-paragraph   --s\"><strong>\u2013Tiene su l\u00f3gica, empezaste a hacer m\u00fasica a los 10, a los 16 ya estabas bien metido y dejaste el colegio&#8230;<\/strong><\/p>\n<p class=\"com-paragraph   --s\">\u2013Crec\u00ed con una \u00e9tica de trabajo fuerte, igual que Emma, que vivi\u00f3 una realidad parecida a la m\u00eda. Dylan [su pap\u00e1] era y es fot\u00f3grafo y Mercedes, la mam\u00e1 de Emma, productora de moda. Ten\u00eda unas revistas de moda incre\u00edbles y acceso a ese mundo y nosotros mir\u00e1bamos c\u00f3mo estaba vestido Prince o la identidad que ten\u00edan los m\u00fasicos de hip hop. De todos fuimos aprendiendo algo y venimos de familias de mucho trabajo. Yo a los 14 a\u00f1os ya estaba sampleando, haciendo <em>beats<\/em>. Los beats de <em>Fabrico cuero<\/em> son m\u00edos, los program\u00e9 yo. Iba a los ensayos de Fito [P\u00e1ez] a aprender, ve\u00eda qu\u00e9 usaban los guitarristas, chequeaba la pedalera del Negro Garc\u00eda L\u00f3pez, que era el que m\u00e1s me gustaba en un momento. Lo iba a ver a [Ricardo] Mollo, era muy fan; le ped\u00eda la p\u00faa y habl\u00e1bamos. Hace poco coincidimos regresando de un festival y estuvimos dos horas hablando de violas y pedales. En Argentina tenemos esas bestias y no hay que dejar de aprender de ellas. Sigo escuchando a Fito, a Charly; veo a Mollo, a [David] Leb\u00f3n. Que Leb\u00f3n me invite a tocar un solo es una locura. Que me diga: \u201cC\u00f3mo toc\u00e1s la viola, <em>man<\/em>\u201d, me da impresi\u00f3n.<\/p>\n<p class=\"com-paragraph   --s\"><strong>\u2013Tu pap\u00e1 insist\u00eda mucho para que tocaras m\u00e1s la viola&#8230;<\/strong><\/p>\n<p class=\"com-paragraph   --s\">\u2013Mi viejo insist\u00eda, si. Yo, como productor, hago lo que necesita la canci\u00f3n. Hay temas en los que no toco la viola, pero tambi\u00e9n toco otros instrumentos como el piano. \u201cEl plancito\u201d, por ejemplo, todos los <em>synthes<\/em> los grab\u00e9 yo y el <em>beat<\/em> es m\u00edo. La guitarra es el hacha. Como instrumentista arranqu\u00e9 con la bater\u00eda, entonces mi concepci\u00f3n r\u00edtmica es una de mis prioridades. <\/p>\n<section class=\"container-center-100 mb-40 border border-bottom border-thin border-neutral-light-700\">\n<hr\/>\n<\/section>\n<\/div>\n","protected":false},"excerpt":{"rendered":"<p>&gt;LA NACION&gt;Espect\u00e1culos&gt;M\u00fasica 14 de abril de 2026 10:01 15 minutos de lectura&#8216; \u201cD\u00eda 3 es el d\u00eda en que empezamos a elegir con inteligencia emocional el desarrollo de nuestras vidas en vez de pensar en lo que nos vamos a comprar&#8221;. Dante Spinetta (Dante a secas es su nombre art\u00edstico) est\u00e1 reflexivo. Sus respuestas son [&hellip;]<\/p>\n","protected":false},"author":2,"featured_media":86954,"comment_status":"","ping_status":"","sticky":false,"template":"","format":"standard","meta":{"footnotes":""},"categories":[14],"tags":[],"_links":{"self":[{"href":"https:\/\/maxradio923.com.ar\/index.php\/wp-json\/wp\/v2\/posts\/86953"}],"collection":[{"href":"https:\/\/maxradio923.com.ar\/index.php\/wp-json\/wp\/v2\/posts"}],"about":[{"href":"https:\/\/maxradio923.com.ar\/index.php\/wp-json\/wp\/v2\/types\/post"}],"author":[{"embeddable":true,"href":"https:\/\/maxradio923.com.ar\/index.php\/wp-json\/wp\/v2\/users\/2"}],"replies":[{"embeddable":true,"href":"https:\/\/maxradio923.com.ar\/index.php\/wp-json\/wp\/v2\/comments?post=86953"}],"version-history":[{"count":0,"href":"https:\/\/maxradio923.com.ar\/index.php\/wp-json\/wp\/v2\/posts\/86953\/revisions"}],"wp:featuredmedia":[{"embeddable":true,"href":"https:\/\/maxradio923.com.ar\/index.php\/wp-json\/wp\/v2\/media\/86954"}],"wp:attachment":[{"href":"https:\/\/maxradio923.com.ar\/index.php\/wp-json\/wp\/v2\/media?parent=86953"}],"wp:term":[{"taxonomy":"category","embeddable":true,"href":"https:\/\/maxradio923.com.ar\/index.php\/wp-json\/wp\/v2\/categories?post=86953"},{"taxonomy":"post_tag","embeddable":true,"href":"https:\/\/maxradio923.com.ar\/index.php\/wp-json\/wp\/v2\/tags?post=86953"}],"curies":[{"name":"wp","href":"https:\/\/api.w.org\/{rel}","templated":true}]}}