{"id":862,"date":"2023-08-29T17:16:09","date_gmt":"2023-08-29T15:16:09","guid":{"rendered":"https:\/\/maxradio923.com\/index.php\/2023\/08\/29\/olmos-el-gobierno-propone-produccion-y-trabajo-y-la-oposicion-el-ajuste\/"},"modified":"2023-08-29T21:34:56","modified_gmt":"2023-08-29T19:34:56","slug":"olmos-el-gobierno-propone-produccion-y-trabajo-y-la-oposicion-el-ajuste","status":"publish","type":"post","link":"https:\/\/maxradio923.com.ar\/index.php\/2023\/08\/29\/olmos-el-gobierno-propone-produccion-y-trabajo-y-la-oposicion-el-ajuste\/","title":{"rendered":"Olmos: \u00abEl Gobierno propone producci\u00f3n y trabajo y la oposici\u00f3n el ajuste\u00bb"},"content":{"rendered":"<p><img decoding=\"async\" src=\"https:\/\/diariod3.com\/inicio\/wp-content\/uploads\/2023\/08\/64ecb0c55b6fb_1200.jpg\"\/><\/p>\n<p>La <strong>ministra de Trabajo de la Naci\u00f3n, Raquel \u00abKelly\u00bb Olmos<\/strong>, afirm\u00f3 este martes que la <strong>suma fija de 60.000 pesos<\/strong> \u00abes para acompa\u00f1ar a los trabajadores en <strong>el impacto de la devaluaci\u00f3n impuesta por el Fondo Monetario Internacional<\/strong> (FMI) que trajo el macrismo a la Argentina\u00bb.<\/p>\n<p>En declaraciones formuladas a Radio Provincia, la funcionaria se refiri\u00f3 a la suma fija de 60.000 pesos que, en dos cuotas a cobrar en septiembre y octubre, deber\u00e1n percibir aquellos trabajadores -del sector privado y p\u00fablico- que hayan tenido <strong>salarios inferiores a los 400.000 pesos por todo concepto en el mes de agosto<\/strong>. \u00abLa idea es poder compensar el salto inflacionario por la devaluaci\u00f3n no deseada pero impuesta por el FMI\u00bb, reiter\u00f3.<\/p>\n<p>En ese marco, detall\u00f3 que \u00ab<strong>en las microempresas, emprendimientos de hasta 10 trabajadores, el Estado asume el 100 por ciento del costo<\/strong>; en aquellas pymes de hasta 110 o 120 trabajadores, el Estado concurre con el 50% del costo; y en las medianas y grandes, deben absorberlo ellas\u00bb.<\/p>\n<figure><img decoding=\"async\" src=\"https:\/\/www.telam.com.ar\/thumbs\/bluesteel\/advf\/imagenes\/2023\/08\/64ece79e01c09_1200.jpg\" alt=\"Ac hay dos proyectos el del Gobierno que es de produccin y trabajo y el de la oposicin que slo propone el ajuste\"\/><figcaption>\u00abAc\u00e1 hay dos proyectos: el del Gobierno, que es de producci\u00f3n y trabajo, y el de la oposici\u00f3n, que s\u00f3lo propone el ajuste\u00bb.<\/figcaption><\/figure>\n<p>Consultada sobre qu\u00e9 ocurrir\u00e1 <strong>en el caso de las compa\u00f1\u00edas que no abonen la suma fija<\/strong>, Olmos respondi\u00f3 que <strong>ser\u00e1 necesario contar con \u00abel acompa\u00f1amiento de los gremios para identificar a las empresas\u00bb<\/strong> y precis\u00f3 que, adem\u00e1s, \u00abtrabajadores tienen canales an\u00f3nimos para denunciar el incumplimiento\u00bb.<\/p>\n<p>Luego plante\u00f3 que si bien <strong>el Gobierno nacional no posee \u00abcompetencia para imponer la decisi\u00f3n en las provincias o municipios\u00bb<\/strong>, el ministro de Econom\u00eda y candidato presidencial de Uni\u00f3n por la Patria (UxP), Sergio Massa, invit\u00f3 a los gobernadores e intendentes a hacerlo\u00bb.<\/p>\n<p>\u00abAc\u00e1 hay dos proyectos: el del Gobierno, que es de producci\u00f3n y trabajo; y el de la oposici\u00f3n, que s\u00f3lo propone el ajuste como hizo Patricia Bullrich cuando como ministra de Trabajo recort\u00f3 13 puntos los salarios\u00bb, concluy\u00f3 Olmos.<\/p>\n<p><strong>FUENTE: TELAM<\/strong><br \/>\n<strong>OPERADOR: ANA PAULA CARRASCO<\/strong><\/p>\n<p>La entrada <a href=\"https:\/\/diariod3.com\/inicio\/olmos-el-gobierno-propone-produccion-y-trabajo-y-la-oposicion-el-ajuste\/\" rel=\"noreferrer noopener\" target=\"_blank\">Olmos: \u00abEl Gobierno propone producci\u00f3n y trabajo y la oposici\u00f3n el ajuste\u00bb<\/a> se public\u00f3 primero en <a href=\"https:\/\/diariod3.com\/inicio\" rel=\"noreferrer noopener\" target=\"_blank\">DIARIO D3 NOTICIAS<\/a>.<\/p>\n","protected":false},"excerpt":{"rendered":"<p>La ministra de Trabajo de la Naci\u00f3n, Raquel \u00abKelly\u00bb Olmos, afirm\u00f3 este martes que la suma fija de 60.000 pesos \u00abes para acompa\u00f1ar a los trabajadores en el impacto de la devaluaci\u00f3n impuesta por el Fondo Monetario Internacional (FMI) que trajo el macrismo a la Argentina\u00bb. En declaraciones formuladas a Radio Provincia, la funcionaria se [&hellip;]<\/p>\n","protected":false},"author":2,"featured_media":0,"comment_status":"closed","ping_status":"","sticky":false,"template":"","format":"standard","meta":{"footnotes":""},"categories":[12],"tags":[],"_links":{"self":[{"href":"https:\/\/maxradio923.com.ar\/index.php\/wp-json\/wp\/v2\/posts\/862"}],"collection":[{"href":"https:\/\/maxradio923.com.ar\/index.php\/wp-json\/wp\/v2\/posts"}],"about":[{"href":"https:\/\/maxradio923.com.ar\/index.php\/wp-json\/wp\/v2\/types\/post"}],"author":[{"embeddable":true,"href":"https:\/\/maxradio923.com.ar\/index.php\/wp-json\/wp\/v2\/users\/2"}],"replies":[{"embeddable":true,"href":"https:\/\/maxradio923.com.ar\/index.php\/wp-json\/wp\/v2\/comments?post=862"}],"version-history":[{"count":0,"href":"https:\/\/maxradio923.com.ar\/index.php\/wp-json\/wp\/v2\/posts\/862\/revisions"}],"wp:attachment":[{"href":"https:\/\/maxradio923.com.ar\/index.php\/wp-json\/wp\/v2\/media?parent=862"}],"wp:term":[{"taxonomy":"category","embeddable":true,"href":"https:\/\/maxradio923.com.ar\/index.php\/wp-json\/wp\/v2\/categories?post=862"},{"taxonomy":"post_tag","embeddable":true,"href":"https:\/\/maxradio923.com.ar\/index.php\/wp-json\/wp\/v2\/tags?post=862"}],"curies":[{"name":"wp","href":"https:\/\/api.w.org\/{rel}","templated":true}]}}