{"id":860,"date":"2023-08-29T17:16:06","date_gmt":"2023-08-29T15:16:06","guid":{"rendered":"https:\/\/maxradio923.com\/index.php\/2023\/08\/29\/diputados-presentaron-un-proyecto-para-digitalizar-la-sube\/"},"modified":"2023-08-29T21:34:54","modified_gmt":"2023-08-29T19:34:54","slug":"diputados-presentaron-un-proyecto-para-digitalizar-la-sube","status":"publish","type":"post","link":"https:\/\/maxradio923.com.ar\/index.php\/2023\/08\/29\/diputados-presentaron-un-proyecto-para-digitalizar-la-sube\/","title":{"rendered":"Diputados presentaron un proyecto para digitalizar la SUBE"},"content":{"rendered":"<p><img decoding=\"async\" src=\"https:\/\/diariod3.com\/inicio\/wp-content\/uploads\/2023\/08\/302557w850h744c.jpg.png\"\/><\/p>\n<p>Un <strong>diputado nacional de la UCR<\/strong> present\u00f3 un proyecto para digitalizar la <strong>SUBE<\/strong> y de esta forma poder pagar el boleto de los colectivos con el celular.<\/p>\n<p>La iniciativa expresa que los usuarios podr\u00e1n tener la SUBE en una aplicaci\u00f3n oficial y para acceder tendr\u00e1n que estar registrados con una cuenta asociada con el <strong>DNI.<\/strong><\/p>\n<p>Estas tarjetas digitales tendr\u00e1n la misma validez y condiciones de uso que las tarjetas f\u00edsicas actuales, y permitir\u00e1n pagar la tarifa del viaje que <strong>se descontar\u00e1 del saldo digital.<\/strong><\/p>\n<p>\u00abLa iniciativa <strong>no s\u00f3lo mejora la comodidad<\/strong> y agilidad en los pagos, sino que tambi\u00e9n ofrece un nivel adicional de seguridad mediante mecanismos de<strong> autenticaci\u00f3n y encriptaci\u00f3n<\/strong> de datos de usuarios y garantiza una mejor trazabilidad y control de los pagos\u00bb, explic\u00f3 el diputado juje\u00f1o.<\/p>\n<p>En ese sentido, Rizzotti agreg\u00f3 que \u00abla implementaci\u00f3n de<strong> SUBE Digital<\/strong> mediante tarjetas digitales con tecnolog\u00eda <strong>NFC<\/strong> es una medida oportuna y beneficiosa ante la escasez de tarjetas f\u00edsicas en el mercado y las dificultades que esto genera para los usuarios del transporte p\u00fablico\u00bb.<\/p>\n<p>\u00abAdem\u00e1s, contribuir\u00e1 a mejorar la movilidad urbana, brindar una experiencia m\u00e1s satisfactoria a los usuarios y promover la eficiencia y la innovaci\u00f3n en el sistema de transporte p\u00fablico en Argentina\u00bb, concluy\u00f3.<\/p>\n<p><strong>FUENTE: DEZ<\/strong><\/p>\n<p><strong>OPERADOR: ANA PAULA CARRASCO<\/strong><\/p>\n<p>La entrada <a href=\"https:\/\/diariod3.com\/inicio\/diputados-presentaron-un-proyecto-para-digitalizar-la-sube\/\" rel=\"noreferrer noopener\" target=\"_blank\">Diputados presentaron un proyecto para digitalizar la SUBE<\/a> se public\u00f3 primero en <a href=\"https:\/\/diariod3.com\/inicio\" rel=\"noreferrer noopener\" target=\"_blank\">DIARIO D3 NOTICIAS<\/a>.<\/p>\n","protected":false},"excerpt":{"rendered":"<p>Un diputado nacional de la UCR present\u00f3 un proyecto para digitalizar la SUBE y de esta forma poder pagar el boleto de los colectivos con el celular. La iniciativa expresa que los usuarios podr\u00e1n tener la SUBE en una aplicaci\u00f3n oficial y para acceder tendr\u00e1n que estar registrados con una cuenta asociada con el DNI. [&hellip;]<\/p>\n","protected":false},"author":2,"featured_media":0,"comment_status":"closed","ping_status":"","sticky":false,"template":"","format":"standard","meta":{"footnotes":""},"categories":[12],"tags":[],"_links":{"self":[{"href":"https:\/\/maxradio923.com.ar\/index.php\/wp-json\/wp\/v2\/posts\/860"}],"collection":[{"href":"https:\/\/maxradio923.com.ar\/index.php\/wp-json\/wp\/v2\/posts"}],"about":[{"href":"https:\/\/maxradio923.com.ar\/index.php\/wp-json\/wp\/v2\/types\/post"}],"author":[{"embeddable":true,"href":"https:\/\/maxradio923.com.ar\/index.php\/wp-json\/wp\/v2\/users\/2"}],"replies":[{"embeddable":true,"href":"https:\/\/maxradio923.com.ar\/index.php\/wp-json\/wp\/v2\/comments?post=860"}],"version-history":[{"count":0,"href":"https:\/\/maxradio923.com.ar\/index.php\/wp-json\/wp\/v2\/posts\/860\/revisions"}],"wp:attachment":[{"href":"https:\/\/maxradio923.com.ar\/index.php\/wp-json\/wp\/v2\/media?parent=860"}],"wp:term":[{"taxonomy":"category","embeddable":true,"href":"https:\/\/maxradio923.com.ar\/index.php\/wp-json\/wp\/v2\/categories?post=860"},{"taxonomy":"post_tag","embeddable":true,"href":"https:\/\/maxradio923.com.ar\/index.php\/wp-json\/wp\/v2\/tags?post=860"}],"curies":[{"name":"wp","href":"https:\/\/api.w.org\/{rel}","templated":true}]}}