{"id":8570,"date":"2023-10-23T12:44:32","date_gmt":"2023-10-23T15:44:32","guid":{"rendered":"https:\/\/maxradio923.com\/index.php\/2023\/10\/23\/cristina-kirchner-hablo-con-sergio-massa-tras-el-batacazo-de-las-elecciones\/"},"modified":"2023-10-23T19:14:21","modified_gmt":"2023-10-23T22:14:21","slug":"cristina-kirchner-hablo-con-sergio-massa-tras-el-batacazo-de-las-elecciones","status":"publish","type":"post","link":"https:\/\/maxradio923.com.ar\/index.php\/2023\/10\/23\/cristina-kirchner-hablo-con-sergio-massa-tras-el-batacazo-de-las-elecciones\/","title":{"rendered":"Cristina Kirchner habl\u00f3 con Sergio Massa tras el batacazo de las elecciones"},"content":{"rendered":"<p><img decoding=\"async\" src=\"https:\/\/diariod3.com\/inicio\/wp-content\/uploads\/2023\/10\/masa-cristina-1.png\"\/><\/p>\n<p><a href=\"https:\/\/www.diariolaprovinciasj.com\/temas\/cristina-fernandez-128.html\" rel=\"noreferrer noopener\" target=\"_blank\"> CRISTINA FERNANDEZ<\/a> <a href=\"https:\/\/www.diariolaprovinciasj.com\/temas\/sergio-massa-4388.html\" rel=\"noreferrer noopener\" target=\"_blank\"> SERGIO MASSA<\/a> <a href=\"https:\/\/www.diariolaprovinciasj.com\/temas\/kirchner-235.html\" rel=\"noreferrer noopener\" target=\"_blank\"> KIRCHNER<\/a><\/p>\n<p>El candidato presidencial de Uni\u00f3n por la Patria, Sergio Massa, tras su triunfo en las elecciones generales,  recibi\u00f3 el llamado de Cristina Fern\u00e1ndez de Kirchner.<\/p>\n<p>La actual vicepresidenta, quien dirige los destinos de Argentina junto a Alberto Fern\u00e1ndez, estuvo en R\u00edo Gallegos, Santa Cruz durante la jornada electoral. Este lunes regresa a la Ciudad de Buenos Aires, para seguir con su actividad pol\u00edtica.<\/p>\n<p>En las \u00faltimas horas de este domingo la figura m\u00e1s fuerte del kirchnerismo se comunic\u00f3 con Sergio Massa para felicitarlo y quedaron que seguir\u00e1n las conversaciones en los pr\u00f3ximos d\u00edas. Si bien no trascendieron puntualment las palabras que cruzaron, Infobae destac\u00f3 que la charla tambi\u00e9n la tuvo con el gobernador reelecto Axel Kicillof quien se impuso en la provincia de Buenos Aires.<\/p>\n<p>Fuente: Diario la provincia SJ<\/p>\n<p>Op: Rivero Cecilia<\/p>\n<p>La entrada <a href=\"https:\/\/diariod3.com\/inicio\/cristina-kirchner-hablo-con-sergio-massa-tras-el-batacazo-de-las-elecciones\/\" rel=\"noreferrer noopener\" target=\"_blank\">Cristina Kirchner habl\u00f3 con Sergio Massa tras el batacazo de las elecciones<\/a> se public\u00f3 primero en <a href=\"https:\/\/diariod3.com\/inicio\" rel=\"noreferrer noopener\" target=\"_blank\">DIARIO D3 NOTICIAS<\/a>.<\/p>\n","protected":false},"excerpt":{"rendered":"<p>CRISTINA FERNANDEZ SERGIO MASSA KIRCHNER El candidato presidencial de Uni\u00f3n por la Patria, Sergio Massa, tras su triunfo en las elecciones generales, recibi\u00f3 el llamado de Cristina Fern\u00e1ndez de Kirchner. La actual vicepresidenta, quien dirige los destinos de Argentina junto a Alberto Fern\u00e1ndez, estuvo en R\u00edo Gallegos, Santa Cruz durante la jornada electoral. Este lunes [&hellip;]<\/p>\n","protected":false},"author":2,"featured_media":8621,"comment_status":"closed","ping_status":"","sticky":false,"template":"","format":"standard","meta":{"footnotes":""},"categories":[12],"tags":[],"_links":{"self":[{"href":"https:\/\/maxradio923.com.ar\/index.php\/wp-json\/wp\/v2\/posts\/8570"}],"collection":[{"href":"https:\/\/maxradio923.com.ar\/index.php\/wp-json\/wp\/v2\/posts"}],"about":[{"href":"https:\/\/maxradio923.com.ar\/index.php\/wp-json\/wp\/v2\/types\/post"}],"author":[{"embeddable":true,"href":"https:\/\/maxradio923.com.ar\/index.php\/wp-json\/wp\/v2\/users\/2"}],"replies":[{"embeddable":true,"href":"https:\/\/maxradio923.com.ar\/index.php\/wp-json\/wp\/v2\/comments?post=8570"}],"version-history":[{"count":1,"href":"https:\/\/maxradio923.com.ar\/index.php\/wp-json\/wp\/v2\/posts\/8570\/revisions"}],"predecessor-version":[{"id":8583,"href":"https:\/\/maxradio923.com.ar\/index.php\/wp-json\/wp\/v2\/posts\/8570\/revisions\/8583"}],"wp:featuredmedia":[{"embeddable":true,"href":"https:\/\/maxradio923.com.ar\/index.php\/wp-json\/wp\/v2\/media\/8621"}],"wp:attachment":[{"href":"https:\/\/maxradio923.com.ar\/index.php\/wp-json\/wp\/v2\/media?parent=8570"}],"wp:term":[{"taxonomy":"category","embeddable":true,"href":"https:\/\/maxradio923.com.ar\/index.php\/wp-json\/wp\/v2\/categories?post=8570"},{"taxonomy":"post_tag","embeddable":true,"href":"https:\/\/maxradio923.com.ar\/index.php\/wp-json\/wp\/v2\/tags?post=8570"}],"curies":[{"name":"wp","href":"https:\/\/api.w.org\/{rel}","templated":true}]}}