{"id":85500,"date":"2026-04-08T19:12:07","date_gmt":"2026-04-08T22:12:07","guid":{"rendered":"https:\/\/maxradio923.com.ar\/index.php\/2026\/04\/08\/turquia-detuvo-a-doce-personas-tras-el-ataque-con-armas-de-asalto-contra-el-consulado-de-israel-en-estambul\/"},"modified":"2026-04-08T19:12:07","modified_gmt":"2026-04-08T22:12:07","slug":"turquia-detuvo-a-doce-personas-tras-el-ataque-con-armas-de-asalto-contra-el-consulado-de-israel-en-estambul","status":"publish","type":"post","link":"https:\/\/maxradio923.com.ar\/index.php\/2026\/04\/08\/turquia-detuvo-a-doce-personas-tras-el-ataque-con-armas-de-asalto-contra-el-consulado-de-israel-en-estambul\/","title":{"rendered":"Turqu\u00eda detuvo a doce personas tras el ataque con armas de asalto contra el consulado de Israel en Estambul"},"content":{"rendered":"<p><\/p>\n<div xmlns:default=\"http:\/\/www.w3.org\/2000\/svg\">\n<div class=\"visual__image image-initial-width\"><picture><source srcset=\"https:\/\/www.infobae.com\/resizer\/v2\/DKTB5JO3ZFEJFGJ43A7LRQFXDU.jpg?auth=730b8449e736b2c683d8f4c5c7feee6142affe7313e8dece3ebc8ae3e072dd18&amp;smart=true&amp;width=992&amp;height=661&amp;quality=85\" media=\"(min-width: 1000px)\"\/><source srcset=\"https:\/\/www.infobae.com\/resizer\/v2\/DKTB5JO3ZFEJFGJ43A7LRQFXDU.jpg?auth=730b8449e736b2c683d8f4c5c7feee6142affe7313e8dece3ebc8ae3e072dd18&amp;smart=true&amp;width=768&amp;height=512&amp;quality=85\" media=\"(min-width: 768px)\"\/><source srcset=\"https:\/\/www.infobae.com\/resizer\/v2\/DKTB5JO3ZFEJFGJ43A7LRQFXDU.jpg?auth=730b8449e736b2c683d8f4c5c7feee6142affe7313e8dece3ebc8ae3e072dd18&amp;smart=true&amp;width=577&amp;height=385&amp;quality=85\" media=\"(min-width: 580px)\"\/><source srcset=\"https:\/\/www.infobae.com\/resizer\/v2\/DKTB5JO3ZFEJFGJ43A7LRQFXDU.jpg?auth=730b8449e736b2c683d8f4c5c7feee6142affe7313e8dece3ebc8ae3e072dd18&amp;smart=true&amp;width=420&amp;height=280&amp;quality=85\" media=\"(min-width: 350px)\"\/><source srcset=\"https:\/\/www.infobae.com\/resizer\/v2\/DKTB5JO3ZFEJFGJ43A7LRQFXDU.jpg?auth=730b8449e736b2c683d8f4c5c7feee6142affe7313e8dece3ebc8ae3e072dd18&amp;smart=true&amp;width=350&amp;height=233&amp;quality=85\" media=\"(min-width: 80px)\"\/><img alt=\"Polic\u00edas y militares turcos aseguran la zona tras un ataque de hombres armados en un edificio que alberga el consulado de Israel en Estambul, Turqu\u00eda, el martes 7 de abril de 2026&#10;(Foto AP\/Khalil Hamra)\" class=\"global-image\" decoding=\"async\" fetchpriority=\"high\" height=\"4000\" loading=\"eager\" src=\"https:\/\/www.infobae.com\/resizer\/v2\/DKTB5JO3ZFEJFGJ43A7LRQFXDU.jpg?auth=730b8449e736b2c683d8f4c5c7feee6142affe7313e8dece3ebc8ae3e072dd18&amp;smart=true&amp;width=350&amp;height=233&amp;quality=85\" width=\"6000\"\/><\/picture><figcaption class=\"article-figcaption-img\">Polic\u00edas y militares turcos aseguran la zona tras un ataque de hombres armados en un edificio que alberga el consulado de Israel en Estambul, Turqu\u00eda, el martes 7 de abril de 2026<br \/>\n(Foto AP\/Khalil Hamra)<\/figcaption><\/div>\n<p class=\"paragraph\">Las autoridades turcas elevaron a doce el n\u00famero de detenidos en relaci\u00f3n con el <b>ataque armado del martes frente al edificio que alberga el consulado de Israel en el distrito de Levent<\/b>, en Estambul. Nueve fueron arrestados tras un operativo de unidades antiterroristas en Estambul, Izmit y Konia; los tres restantes hab\u00edan quedado bajo custodia policial horas despu\u00e9s del incidente, cuando agentes repelieron el asalto, dejando a uno de los atacantes muerto y a los otros dos heridos y detenidos.<\/p>\n<p class=\"paragraph\">El tiroteo se desat\u00f3 poco antes de las 12.40 hora local del martes cuando tres hombres armados con fusiles de asalto bajaron de un coche alquilado frente al edificio y se acercaron a la entrada. Al ser interceptados por vigilantes y polic\u00edas de guardia, abrieron fuego. <b>El enfrentamiento dur\u00f3 varios minutos<\/b><b> y dej\u00f3 a dos agentes heridos<\/b> \u2014uno en la oreja y otro en la pierna\u2014 que permanecen ingresados en el Hospital Sisli Hamidiye Etfal de la ciudad, seg\u00fan la agencia estatal turca Anadolu.<\/p>\n<p class=\"paragraph\">El Ministerio del Interior identific\u00f3 al atacante abatido como Yunus E.S. Los dos detenidos son hermanos: Onur C. y Enes C., llegados desde Izmit, a unos 80 kil\u00f3metros al este de Estambul. El ministro Mustafa Ciftci se\u00f1al\u00f3 en la red social X que el fallecido Yunus E.S.<b> manten\u00eda v\u00ednculos con una organizaci\u00f3n que \u201cexplota aspectos religiosos\u201d<\/b>, sin precisar su nombre. La cadena turca <i>NTV <\/i>la identific\u00f3 como parte de la red del Estado Isl\u00e1mico (EI o Daesh) en Turqu\u00eda, extremo que las autoridades no confirmaron de forma oficial.<\/p>\n<div class=\"visual__image\"><picture><source srcset=\"https:\/\/www.infobae.com\/resizer\/v2\/XBGAJ74EQ5ETDOQIH7L2XS6YZQ.jpg?auth=ed40335b5767d60364e78a4d746848d7c8ab2884c6fda5a55caea53275dd7f64&amp;smart=true&amp;width=992&amp;height=661&amp;quality=85\" media=\"(min-width: 1000px)\"\/><source srcset=\"https:\/\/www.infobae.com\/resizer\/v2\/XBGAJ74EQ5ETDOQIH7L2XS6YZQ.jpg?auth=ed40335b5767d60364e78a4d746848d7c8ab2884c6fda5a55caea53275dd7f64&amp;smart=true&amp;width=768&amp;height=512&amp;quality=85\" media=\"(min-width: 768px)\"\/><source srcset=\"https:\/\/www.infobae.com\/resizer\/v2\/XBGAJ74EQ5ETDOQIH7L2XS6YZQ.jpg?auth=ed40335b5767d60364e78a4d746848d7c8ab2884c6fda5a55caea53275dd7f64&amp;smart=true&amp;width=577&amp;height=385&amp;quality=85\" media=\"(min-width: 580px)\"\/><source srcset=\"https:\/\/www.infobae.com\/resizer\/v2\/XBGAJ74EQ5ETDOQIH7L2XS6YZQ.jpg?auth=ed40335b5767d60364e78a4d746848d7c8ab2884c6fda5a55caea53275dd7f64&amp;smart=true&amp;width=420&amp;height=280&amp;quality=85\" media=\"(min-width: 350px)\"\/><source srcset=\"https:\/\/www.infobae.com\/resizer\/v2\/XBGAJ74EQ5ETDOQIH7L2XS6YZQ.jpg?auth=ed40335b5767d60364e78a4d746848d7c8ab2884c6fda5a55caea53275dd7f64&amp;smart=true&amp;width=350&amp;height=233&amp;quality=85\" media=\"(min-width: 80px)\"\/><img alt=\"Tiroteo cerca del consulado israel\u00ed en Estambul\" class=\"global-image\" decoding=\"async\" fetchpriority=\"low\" height=\"5504\" loading=\"lazy\" src=\"https:\/\/www.infobae.com\/resizer\/v2\/XBGAJ74EQ5ETDOQIH7L2XS6YZQ.jpg?auth=ed40335b5767d60364e78a4d746848d7c8ab2884c6fda5a55caea53275dd7f64&amp;smart=true&amp;width=350&amp;height=233&amp;quality=85\" width=\"8256\"\/><\/picture><figcaption class=\"article-figcaption-img\">Agentes de polic\u00eda patrullan entre el tr\u00e1fico cerca del Consulado de Israel en Estambul el 7 de abril de 2026, tras un tiroteo entre hombres armados y la polic\u00eda (Foto de Yasin AKGUL \/ AFP).<\/figcaption><\/div>\n<p class=\"paragraph\">El gobernador de Estambul, Davut G\u00fcl, calific\u00f3 el suceso de \u201cataque provocativo\u201d y subray\u00f3 que la intervenci\u00f3n policial evit\u00f3 consecuencias m\u00e1s graves. El presidente <b>Recep Tayyip Erdogan<\/b> lo describi\u00f3 como un \u201cp\u00e9rfido ataque\u201d con intenci\u00f3n de \u201cperjudicar el clima de seguridad\u201d del pa\u00eds. El ministro de Justicia, Akin Gurlek, anunci\u00f3 que tres fiscales dirigen la investigaci\u00f3n judicial, mientras equipos forenses peinaban el entorno del edificio.<\/p>\n<p class=\"paragraph\">El consulado israel\u00ed, ubicado en la s\u00e9ptima planta de un rascacielos de Levent, lleva m\u00e1s de dos a\u00f1os y medio sin actividad. <b>Israel retir\u00f3 a todo su personal diplom\u00e1tico de Turqu\u00eda en octubre de 2023<\/b>, tras la condena del Gobierno de Erdogan a la ofensiva en Gaza desencadenada por los ataques de Ham\u00e1s del 7 de octubre de ese a\u00f1o. Las autoridades de ambos pa\u00edses confirmaron que no hab\u00eda ning\u00fan funcionario israel\u00ed en el edificio en el momento del asalto.<\/p>\n<p class=\"paragraph\"><b>Las relaciones entre Ankara y Tel Aviv atraviesan uno de sus momentos m\u00e1s cr\u00edticos en d\u00e9cadas<\/b>. Erdogan ha calificado reiteradamente al primer ministro Benjam\u00edn Netanyahu de criminal de guerra, y Turqu\u00eda suspendi\u00f3 el comercio bilateral con Israel en mayo de 2024. Este clima de hostilidad sostenida convierte a las instalaciones diplom\u00e1ticas israel\u00edes en blancos potenciales, aunque las autoridades apuntan a una c\u00e9lula yihadista y no a motivaciones vinculadas directamente al conflicto palestino.<\/p>\n<p class=\"paragraph\"><b>El Estado Isl\u00e1mico ha protagonizado ataques mortales en territorio turco en el pasado<\/b>. El m\u00e1s grave fue el atentado en la discoteca Reina de Estambul la noche de A\u00f1o Nuevo de 2017, que caus\u00f3 39 muertos, y la organizaci\u00f3n fue tambi\u00e9n responsable de varios atentados entre 2015 y 2016. La posible implicaci\u00f3n del grupo en el asalto del martes pone de manifiesto que sus redes de captaci\u00f3n siguen operativas en el pa\u00eds, pese al debilitamiento territorial del EI en Siria e Irak. La investigaci\u00f3n contin\u00faa abierta y las autoridades no descartan nuevos arrestos.<\/p>\n<\/div>\n<p><script defer=\"\">try{!function(f,b,e,v,n,t,s) {if(f.fbq)return;n=f.fbq=function(){n.callMethod? n.callMethod.apply(n,arguments):n.queue.push(arguments)}; if(!f._fbq)f._fbq=n;n.push=n;n.loaded=!0;n.version='2.0'; n.queue=[];t=b.createElement(e);t.async=!0; t.src=v;s=b.getElementsByTagName(e)[0]; s.parentNode.insertBefore(t,s)}(window, document,'script', ' fbq('init', '336383993555320'); fbq('track', 'PageView'); fbq('track', 'ViewContent');}catch(error){console.log(\"Error al inicializar facebookPixelRawCodeScript:\",error);}<\/script><\/p>\n","protected":false},"excerpt":{"rendered":"<p>Polic\u00edas y militares turcos aseguran la zona tras un ataque de hombres armados en un edificio que alberga el consulado de Israel en Estambul, Turqu\u00eda, el martes 7 de abril de 2026 (Foto AP\/Khalil Hamra) Las autoridades turcas elevaron a doce el n\u00famero de detenidos en relaci\u00f3n con el ataque armado del martes frente al [&hellip;]<\/p>\n","protected":false},"author":2,"featured_media":85501,"comment_status":"","ping_status":"","sticky":false,"template":"","format":"standard","meta":{"footnotes":""},"categories":[3],"tags":[],"_links":{"self":[{"href":"https:\/\/maxradio923.com.ar\/index.php\/wp-json\/wp\/v2\/posts\/85500"}],"collection":[{"href":"https:\/\/maxradio923.com.ar\/index.php\/wp-json\/wp\/v2\/posts"}],"about":[{"href":"https:\/\/maxradio923.com.ar\/index.php\/wp-json\/wp\/v2\/types\/post"}],"author":[{"embeddable":true,"href":"https:\/\/maxradio923.com.ar\/index.php\/wp-json\/wp\/v2\/users\/2"}],"replies":[{"embeddable":true,"href":"https:\/\/maxradio923.com.ar\/index.php\/wp-json\/wp\/v2\/comments?post=85500"}],"version-history":[{"count":0,"href":"https:\/\/maxradio923.com.ar\/index.php\/wp-json\/wp\/v2\/posts\/85500\/revisions"}],"wp:featuredmedia":[{"embeddable":true,"href":"https:\/\/maxradio923.com.ar\/index.php\/wp-json\/wp\/v2\/media\/85501"}],"wp:attachment":[{"href":"https:\/\/maxradio923.com.ar\/index.php\/wp-json\/wp\/v2\/media?parent=85500"}],"wp:term":[{"taxonomy":"category","embeddable":true,"href":"https:\/\/maxradio923.com.ar\/index.php\/wp-json\/wp\/v2\/categories?post=85500"},{"taxonomy":"post_tag","embeddable":true,"href":"https:\/\/maxradio923.com.ar\/index.php\/wp-json\/wp\/v2\/tags?post=85500"}],"curies":[{"name":"wp","href":"https:\/\/api.w.org\/{rel}","templated":true}]}}