{"id":85496,"date":"2026-04-08T18:59:03","date_gmt":"2026-04-08T21:59:03","guid":{"rendered":"https:\/\/maxradio923.com.ar\/index.php\/2026\/04\/08\/tras-la-reunion-de-kicillof-y-monzo-el-peronismo-busca-ampliar-el-frente-anti-milei-a-buenos-aires\/"},"modified":"2026-04-08T18:59:03","modified_gmt":"2026-04-08T21:59:03","slug":"tras-la-reunion-de-kicillof-y-monzo-el-peronismo-busca-ampliar-el-frente-anti-milei-a-buenos-aires","status":"publish","type":"post","link":"https:\/\/maxradio923.com.ar\/index.php\/2026\/04\/08\/tras-la-reunion-de-kicillof-y-monzo-el-peronismo-busca-ampliar-el-frente-anti-milei-a-buenos-aires\/","title":{"rendered":"Tras la reuni\u00f3n de Kicillof y Monz\u00f3, el peronismo busca ampliar el frente anti Milei a Buenos Aires"},"content":{"rendered":"<p><\/p>\n<h2 class=\"article-subheadline text_align_left\">A la par de las conversaciones de car\u00e1cter federal, en el distrito bonaerense tambi\u00e9n se busca amplificar el espacio. Empiezan a posicionarse posibles sucesores del gobernador<\/h2>\n<p><\/p>\n<p class=\"paragraph\">La reuni\u00f3n que este martes mantuvo el gobernador bonaerense, <b>Axel Kicillof<\/b>, con el dirigente<b> Emilio Monz\u00f3 <\/b>y el diputado nacional, <b>Nicol\u00e1s Massot<\/b>, encendi\u00f3 cierta expectativa sobre cu\u00e1l es la estrategia del mandatario provincial en pos de los comicios del a\u00f1o que viene. Si bien desde ambos sectores aseguran que la relaci\u00f3n data de largo tiempo y que los encuentros tienen cierta periodicidad, esta vez se hizo p\u00fablico y se dio en el marco de una acci\u00f3n que Monz\u00f3, junto a otros dirigentes, busca desplegar:<b> construir un gran armado opositor al gobierno de Javier Milei para las elecciones del 2027<\/b>. Sin embargo, tambi\u00e9n hay all\u00ed otra arista a explorar y es saber <b>si dicha construcci\u00f3n se decantar\u00e1 en la provincia de Buenos Aires, donde Kicillof no tiene reelecci\u00f3n<\/b>. <\/p>\n<p><\/p>\n<p class=\"paragraph\">Kicillof habl\u00f3 post reuni\u00f3n. Fue este mi\u00e9rcoles en el marco de la inauguraci\u00f3n del Polo Judicial en la ciudad de Olavarr\u00eda. All\u00ed, en una rueda de prensa, remarc\u00f3: \u201c<b>Tengo el tel\u00e9fono y el despacho abierto para juntarme con toda la dirigencia pol\u00edtica<\/b>. Nosotros siempre tuvimos la misma posici\u00f3n, no tenemos mucho que recapacitar, pero s\u00ed a los sectores que forman parte de la dirigencia pol\u00edtica, los convocamos a ponerle un l\u00edmite a Milei en el Congreso. <b>Estamos muy lejos de un armado, es una etapa de construcci\u00f3n<\/b> con quienes se oponen a estas pol\u00edticas\u201d.<\/p>\n<p><\/p>\n<p class=\"paragraph\">Otra de las reuniones que manifiestan esta situaci\u00f3n actual, pero con eje en el territorio bonaerense es la que mantuvo, d\u00edas atr\u00e1s, la intendenta de Moreno, <b>Mariel Fern\u00e1ndez<\/b>, con el diputado nacional,<b> Miguel \u00c1ngel Pichetto<\/b>. El legislador que tambi\u00e9n trabaja en una reconciliaci\u00f3n con el kirchnerismo -visit\u00f3 a Cristina Kirchner en su departamento de calle San Jos\u00e9- pidi\u00f3 reunirse con la jefa comunal y luego del encuentro asegur\u00f3 sobre Fern\u00e1ndez que \u201ces importante que el peronismo tenga una figura como ella; una mujer talentosa y preparada, que est\u00e1 llevando adelante una gran tarea en su segundo mandato\u201d. \u201cPara volver a tener un gobierno comprometido con la gente, es necesario que todos los sectores del peronismo podamos dialogar e integrarnos\u201d, agreg\u00f3. <\/p>\n<p><\/p>\n<p class=\"paragraph\">Fern\u00e1ndez es una de las dirigentes que buscar\u00e1n disputar una candidatura a la gobernaci\u00f3n bonaerense en 2027. Un pelot\u00f3n que en su momento brot\u00f3 de nombres como el del intendente de La Plata, <b>Julio Alak<\/b>; de Lomas de Zamora, <b>Federico Oterm\u00edn<\/b>; de Merlo, <b>Gustavo Men\u00e9nedez<\/b>; la intendenta en uso de licencia de Quilmes, <b>Mayra Mendoza<\/b>. Adem\u00e1s de algunos funcionarios provinciales como el ministro de Infraestructura,<b> Gabriel Katopodis<\/b> o de Gobierno, <b>Carlos Bianco<\/b>. Hoy por hoy, los nombres que aparecen m\u00e1s comprometidos con una construcci\u00f3n bonaerense son los de Oterm\u00edn, Alak y Katopodis. <\/p>\n<p><\/p>\n<p class=\"paragraph\">El intendente de Lomas de Zamora aceler\u00f3 un raid medi\u00e1tico en las \u00faltimas semanas. Alak tiende puentes con distintos dirigentes e intendentes. \u201cYo prefiero alguien del territorio en esta etapa\u201d, dijo por ejemplo el intendente de Dolores, Juan Pablo Garc\u00eda, al ser consultado por la postulaci\u00f3n de alg\u00fan intendente para la sucesi\u00f3n de Kicillof. Fue uno de los que se reuni\u00f3 con Alak, aunque est\u00e1 dentro del grupo de intendentes que moldea Oterm\u00edn junto a sus pares <b>Gast\u00f3n Granados <\/b>(Ezeiza), <b>Nicol\u00e1s Mantegazza<\/b> (San Vicente) y <b>Federico Ach\u00e1val<\/b> (Pilar). <\/p>\n<p><\/p>\n<p class=\"paragraph\">\u201cEl peronismo es un espacio pol\u00edtico que naci\u00f3 para gobernar, no es un partido para tener la raz\u00f3n, y en ese sentido, cuanto m\u00e1s compa\u00f1eros haya caminando el territorio me parece que<b> lo que hacemos es poner en funcionamiento una maquinaria electoral que cuando est\u00e1 coordinada, cuando tiene estrategia, cuando tiene un buen discurso, es muy dif\u00edcil de ganarle<\/b> en la Provincia de Buenos Aires\u201d, agreg\u00f3 dicho jefe comunal en declaraciones al streaming <i>Uno Tres Cinco<\/i>.<\/p>\n","protected":false},"excerpt":{"rendered":"<p>A la par de las conversaciones de car\u00e1cter federal, en el distrito bonaerense tambi\u00e9n se busca amplificar el espacio. Empiezan a posicionarse posibles sucesores del gobernador La reuni\u00f3n que este martes mantuvo el gobernador bonaerense, Axel Kicillof, con el dirigente Emilio Monz\u00f3 y el diputado nacional, Nicol\u00e1s Massot, encendi\u00f3 cierta expectativa sobre cu\u00e1l es la [&hellip;]<\/p>\n","protected":false},"author":2,"featured_media":85497,"comment_status":"","ping_status":"","sticky":false,"template":"","format":"standard","meta":{"footnotes":""},"categories":[12],"tags":[],"_links":{"self":[{"href":"https:\/\/maxradio923.com.ar\/index.php\/wp-json\/wp\/v2\/posts\/85496"}],"collection":[{"href":"https:\/\/maxradio923.com.ar\/index.php\/wp-json\/wp\/v2\/posts"}],"about":[{"href":"https:\/\/maxradio923.com.ar\/index.php\/wp-json\/wp\/v2\/types\/post"}],"author":[{"embeddable":true,"href":"https:\/\/maxradio923.com.ar\/index.php\/wp-json\/wp\/v2\/users\/2"}],"replies":[{"embeddable":true,"href":"https:\/\/maxradio923.com.ar\/index.php\/wp-json\/wp\/v2\/comments?post=85496"}],"version-history":[{"count":0,"href":"https:\/\/maxradio923.com.ar\/index.php\/wp-json\/wp\/v2\/posts\/85496\/revisions"}],"wp:featuredmedia":[{"embeddable":true,"href":"https:\/\/maxradio923.com.ar\/index.php\/wp-json\/wp\/v2\/media\/85497"}],"wp:attachment":[{"href":"https:\/\/maxradio923.com.ar\/index.php\/wp-json\/wp\/v2\/media?parent=85496"}],"wp:term":[{"taxonomy":"category","embeddable":true,"href":"https:\/\/maxradio923.com.ar\/index.php\/wp-json\/wp\/v2\/categories?post=85496"},{"taxonomy":"post_tag","embeddable":true,"href":"https:\/\/maxradio923.com.ar\/index.php\/wp-json\/wp\/v2\/tags?post=85496"}],"curies":[{"name":"wp","href":"https:\/\/api.w.org\/{rel}","templated":true}]}}