{"id":85494,"date":"2026-04-08T18:43:03","date_gmt":"2026-04-08T21:43:03","guid":{"rendered":"https:\/\/maxradio923.com.ar\/index.php\/2026\/04\/08\/femicidio-en-un-country-de-salta-los-detalles-de-la-audiencia-con-la-reconstruccion-de-los-hechos\/"},"modified":"2026-04-08T18:43:03","modified_gmt":"2026-04-08T21:43:03","slug":"femicidio-en-un-country-de-salta-los-detalles-de-la-audiencia-con-la-reconstruccion-de-los-hechos","status":"publish","type":"post","link":"https:\/\/maxradio923.com.ar\/index.php\/2026\/04\/08\/femicidio-en-un-country-de-salta-los-detalles-de-la-audiencia-con-la-reconstruccion-de-los-hechos\/","title":{"rendered":"Femicidio en un country de Salta: los detalles de la audiencia con la reconstrucci\u00f3n de los hechos"},"content":{"rendered":"<p><\/p>\n<h2 class=\"article-subheadline text_align_left\">En el marco del juicio contra Jos\u00e9 Figueroa acusado por el crimen de su mujer, Marcela Kvedaras, se realiz\u00f3 el procedimiento. Los peritos brindar\u00e1n las conclusiones el lunes<\/h2>\n<p><\/p>\n<p class=\"paragraph\">La reconstrucci\u00f3n de los hechos en torno al <b>femicidio de Mercedes Kvedaras<\/b><b> ocurrido en un barrio privado de Salta<\/b>, en 2023, se desarroll\u00f3 este mi\u00e9rcoles bajo una fuerte presencia medi\u00e1tica, tras la decisi\u00f3n del tribunal de trasladarse a la vivienda donde se produjo el crimen. La diligencia tuvo lugar en el barrio <b>El Tipal<\/b>, en la zona oeste de la ciudad, y estuvo centrada en la exposici\u00f3n del acusado <b>Jos\u00e9 Eduardo Figueroa<\/b>, imputado por el delito de homicidio doblemente calificado.<\/p>\n<p><\/p>\n<p class=\"paragraph\">La reconstrucci\u00f3n, seg\u00fan la defensa, ten\u00eda el objetivo de verificar si los hechos pudieron ocurrir seg\u00fan la versi\u00f3n del imputado. \u201c<b>Esto es una puesta en escena para ver si el hecho ocurri\u00f3 o pudo ocurrir de la manera<\/b>. Eso est\u00e1 absolutamente verificado el d\u00eda de hoy\u201d, declar\u00f3 Casabella, defensor del imputado.<\/p>\n<p><\/p>\n<p class=\"paragraph\">A\u00f1adi\u00f3 que \u201ctodo, absolutamente todo se fue confirmando con las pruebas cient\u00edficas\u201d. No obstante, aclar\u00f3 que no se trat\u00f3 de una reconstrucci\u00f3n cient\u00edfica, sino procesal: \u201cEs una representaci\u00f3n de lo que cuenta el imputado, nada m\u00e1s\u201d.<\/p>\n<p><\/p>\n<p class=\"paragraph\">Desde la querella, el abogado <b>Jorge Ovejero<\/b> expres\u00f3 cuestionamientos sobre la validez de la medida y sus resultados. En declaraciones recogidas por <i>El Tribuno<\/i>, afirm\u00f3: \u201c<b>Lo que se intent\u00f3 plasmar no coincide con el resto de las pruebas<\/b>\u201d. Hizo hincapi\u00e9 en que la causa de muerte establecida en la autopsia fue asfixia mec\u00e1nica mixta, por obstrucci\u00f3n de las v\u00edas a\u00e9reas, nariz y boca, y del cuello, y destac\u00f3 que \u201ceso no es compatible con esta mec\u00e1nica que se est\u00e1 proponiendo\u201d.<\/p>\n<p><\/p>\n<p class=\"paragraph\">Ovejero tambi\u00e9n se\u00f1al\u00f3 discrepancias en las caracter\u00edsticas f\u00edsicas de los participantes en la reconstrucci\u00f3n. \u201cNo coinciden las medidas, las alturas de las personas con las medidas y las mec\u00e1nicas que se proponen en el informe de reconstrucci\u00f3n virtual\u201d, afirm\u00f3. Subray\u00f3 adem\u00e1s que \u201cla teor\u00eda o la declaraci\u00f3n del imputado tiene muchas inconsistencias con el resto del material probatorio, principalmente con la autopsia, con el informe anatomopatol\u00f3gico y con otros informes de criminal\u00edstica\u201d.<\/p>\n<p><\/p>\n<p class=\"paragraph\">Toda la secuencia fue registrada para su posterior incorporaci\u00f3n al debate oral. Seg\u00fan el <b>Ministerio P\u00fablico Fiscal de Salta<\/b>, la audiencia de debate se reanudar\u00e1 el jueves 9 con la declaraci\u00f3n de cinco testigos del entorno m\u00e1s cercano a la pareja. Los especialistas deber\u00e1n determinar si la mec\u00e1nica recreada por el imputado resulta compatible con la evidencia reunida en la causa.<\/p>\n","protected":false},"excerpt":{"rendered":"<p>En el marco del juicio contra Jos\u00e9 Figueroa acusado por el crimen de su mujer, Marcela Kvedaras, se realiz\u00f3 el procedimiento. Los peritos brindar\u00e1n las conclusiones el lunes La reconstrucci\u00f3n de los hechos en torno al femicidio de Mercedes Kvedaras ocurrido en un barrio privado de Salta, en 2023, se desarroll\u00f3 este mi\u00e9rcoles bajo una [&hellip;]<\/p>\n","protected":false},"author":2,"featured_media":85495,"comment_status":"","ping_status":"","sticky":false,"template":"","format":"standard","meta":{"footnotes":""},"categories":[12],"tags":[],"_links":{"self":[{"href":"https:\/\/maxradio923.com.ar\/index.php\/wp-json\/wp\/v2\/posts\/85494"}],"collection":[{"href":"https:\/\/maxradio923.com.ar\/index.php\/wp-json\/wp\/v2\/posts"}],"about":[{"href":"https:\/\/maxradio923.com.ar\/index.php\/wp-json\/wp\/v2\/types\/post"}],"author":[{"embeddable":true,"href":"https:\/\/maxradio923.com.ar\/index.php\/wp-json\/wp\/v2\/users\/2"}],"replies":[{"embeddable":true,"href":"https:\/\/maxradio923.com.ar\/index.php\/wp-json\/wp\/v2\/comments?post=85494"}],"version-history":[{"count":0,"href":"https:\/\/maxradio923.com.ar\/index.php\/wp-json\/wp\/v2\/posts\/85494\/revisions"}],"wp:featuredmedia":[{"embeddable":true,"href":"https:\/\/maxradio923.com.ar\/index.php\/wp-json\/wp\/v2\/media\/85495"}],"wp:attachment":[{"href":"https:\/\/maxradio923.com.ar\/index.php\/wp-json\/wp\/v2\/media?parent=85494"}],"wp:term":[{"taxonomy":"category","embeddable":true,"href":"https:\/\/maxradio923.com.ar\/index.php\/wp-json\/wp\/v2\/categories?post=85494"},{"taxonomy":"post_tag","embeddable":true,"href":"https:\/\/maxradio923.com.ar\/index.php\/wp-json\/wp\/v2\/tags?post=85494"}],"curies":[{"name":"wp","href":"https:\/\/api.w.org\/{rel}","templated":true}]}}