{"id":85468,"date":"2026-04-08T17:02:07","date_gmt":"2026-04-08T20:02:07","guid":{"rendered":"https:\/\/maxradio923.com.ar\/index.php\/2026\/04\/08\/acusaron-por-portacion-ilegal-de-armas-al-adolescente-que-llevo-un-revolver-a-la-escuela-en-tucuman\/"},"modified":"2026-04-08T17:02:07","modified_gmt":"2026-04-08T20:02:07","slug":"acusaron-por-portacion-ilegal-de-armas-al-adolescente-que-llevo-un-revolver-a-la-escuela-en-tucuman","status":"publish","type":"post","link":"https:\/\/maxradio923.com.ar\/index.php\/2026\/04\/08\/acusaron-por-portacion-ilegal-de-armas-al-adolescente-que-llevo-un-revolver-a-la-escuela-en-tucuman\/","title":{"rendered":"Acusaron por portaci\u00f3n ilegal de armas al adolescente que llev\u00f3 un rev\u00f3lver a la escuela en Tucum\u00e1n"},"content":{"rendered":"<p><\/p>\n<h2 class=\"article-subheadline text_align_left\">El estudiante tiene 17 a\u00f1os y qued\u00f3 alojado en un centro para menores mientras se define su situaci\u00f3n. Investigan las circunstancias del episodio<\/h2>\n<p><\/p>\n<p class=\"paragraph\">El adolescente de 17 a\u00f1os que este martes fue reducido tras ingresar a una escuela de <b>San Miguel de <\/b><b>Tucum\u00e1n<\/b> con <b>un rev\u00f3lver cargado con seis balas<\/b> fue acusado por <b>portaci\u00f3n ilegal de armas.<\/b><\/p>\n<p><\/p>\n<p class=\"paragraph\">\u201cEn esas circunstancias, sabiendo que no tiene autorizaci\u00f3n para portar armas de fuego, dentro de su mochila de color gris, llevaba un arma de fuego operativa tipo revolver (de mango de pl\u00e1stico negro) y seis cartuchos 38 SPL- CBC\u201d, detall\u00f3 la representante del MPF.<\/p>\n<p><\/p>\n<p class=\"paragraph\">El adolescente la habr\u00eda exhibido durante una clase de biolog\u00eda. Bajo esta argumentaci\u00f3n, el fiscal acus\u00f3 al estudiante del delito de <b>portaci\u00f3n de arma de guerra, en calidad de autor y en perjuicio de la seguridad p\u00fablica. <\/b>Adem\u00e1s, solicit\u00f3 a la magistrada interviniente que el menor sea alojado en un instituto especial hasta que se esclarezca su situaci\u00f3n.<\/p>\n<p><\/p>\n<p class=\"paragraph\">La medida de disposici\u00f3n provisoria fue aceptada por la jueza, quien defini\u00f3 que el adolescente sea trasladado al alojamiento socioeducativo Cura Brochero por el t\u00e9rmino de 59 d\u00edas, con vencimiento el viernes 5 de junio. <\/p>\n<p><\/p>\n<p class=\"paragraph\">La decisi\u00f3n fue tomada luego de que la Auxiliar de Fiscal, Jimena Castro, advirtiera que<b> \u201crestan evidencias por producirse y la existencia de obstaculizaci\u00f3n como riesgo procesal\u201d.<\/b><\/p>\n<p><\/p>\n<p class=\"paragraph\">El episodio se desat\u00f3 cuando un compa\u00f1ero del estudiante advirti\u00f3 que el joven portaba el arma y notific\u00f3 r\u00e1pidamente a los directivos del establecimiento educativo. La reacci\u00f3n fue inmediata: las autoridades de la escuela se comunicaron con el 911 y solicitaron la presencia policial. Minutos despu\u00e9s, agentes motorizados de la <b>Polic\u00eda de Tucum\u00e1n<\/b> arribaron al lugar y coordinaron el ingreso al aula donde se desarrollaba la clase.<\/p>\n","protected":false},"excerpt":{"rendered":"<p>El estudiante tiene 17 a\u00f1os y qued\u00f3 alojado en un centro para menores mientras se define su situaci\u00f3n. Investigan las circunstancias del episodio El adolescente de 17 a\u00f1os que este martes fue reducido tras ingresar a una escuela de San Miguel de Tucum\u00e1n con un rev\u00f3lver cargado con seis balas fue acusado por portaci\u00f3n ilegal [&hellip;]<\/p>\n","protected":false},"author":2,"featured_media":85469,"comment_status":"","ping_status":"","sticky":false,"template":"","format":"standard","meta":{"footnotes":""},"categories":[12],"tags":[],"_links":{"self":[{"href":"https:\/\/maxradio923.com.ar\/index.php\/wp-json\/wp\/v2\/posts\/85468"}],"collection":[{"href":"https:\/\/maxradio923.com.ar\/index.php\/wp-json\/wp\/v2\/posts"}],"about":[{"href":"https:\/\/maxradio923.com.ar\/index.php\/wp-json\/wp\/v2\/types\/post"}],"author":[{"embeddable":true,"href":"https:\/\/maxradio923.com.ar\/index.php\/wp-json\/wp\/v2\/users\/2"}],"replies":[{"embeddable":true,"href":"https:\/\/maxradio923.com.ar\/index.php\/wp-json\/wp\/v2\/comments?post=85468"}],"version-history":[{"count":0,"href":"https:\/\/maxradio923.com.ar\/index.php\/wp-json\/wp\/v2\/posts\/85468\/revisions"}],"wp:featuredmedia":[{"embeddable":true,"href":"https:\/\/maxradio923.com.ar\/index.php\/wp-json\/wp\/v2\/media\/85469"}],"wp:attachment":[{"href":"https:\/\/maxradio923.com.ar\/index.php\/wp-json\/wp\/v2\/media?parent=85468"}],"wp:term":[{"taxonomy":"category","embeddable":true,"href":"https:\/\/maxradio923.com.ar\/index.php\/wp-json\/wp\/v2\/categories?post=85468"},{"taxonomy":"post_tag","embeddable":true,"href":"https:\/\/maxradio923.com.ar\/index.php\/wp-json\/wp\/v2\/tags?post=85468"}],"curies":[{"name":"wp","href":"https:\/\/api.w.org\/{rel}","templated":true}]}}