{"id":85466,"date":"2026-04-08T16:54:08","date_gmt":"2026-04-08T19:54:08","guid":{"rendered":"https:\/\/maxradio923.com.ar\/index.php\/2026\/04\/08\/deportivo-riestra-afrontara-su-historico-debut-en-copa-sudamericana-ante-palestino-de-chile-hora-tv-y-formaciones\/"},"modified":"2026-04-08T16:54:08","modified_gmt":"2026-04-08T19:54:08","slug":"deportivo-riestra-afrontara-su-historico-debut-en-copa-sudamericana-ante-palestino-de-chile-hora-tv-y-formaciones","status":"publish","type":"post","link":"https:\/\/maxradio923.com.ar\/index.php\/2026\/04\/08\/deportivo-riestra-afrontara-su-historico-debut-en-copa-sudamericana-ante-palestino-de-chile-hora-tv-y-formaciones\/","title":{"rendered":"Deportivo Riestra afrontar\u00e1 su hist\u00f3rico debut en Copa Sudamericana ante Palestino de Chile: hora, TV y formaciones"},"content":{"rendered":"<p><\/p>\n<div xmlns:default=\"http:\/\/www.w3.org\/2000\/svg\">\n<div class=\"visual__image image-initial-width\"><picture><source srcset=\"https:\/\/www.infobae.com\/resizer\/v2\/5K7YAYEYZNAYFDKU23IKZEVO4E.JPG?auth=a7a66fc6410d211bf402548469d1a6929f46e38d707eeaa43b5821101cb4ad47&amp;smart=true&amp;width=992&amp;height=673&amp;quality=85\" media=\"(min-width: 1000px)\"\/><source srcset=\"https:\/\/www.infobae.com\/resizer\/v2\/5K7YAYEYZNAYFDKU23IKZEVO4E.JPG?auth=a7a66fc6410d211bf402548469d1a6929f46e38d707eeaa43b5821101cb4ad47&amp;smart=true&amp;width=768&amp;height=521&amp;quality=85\" media=\"(min-width: 768px)\"\/><source srcset=\"https:\/\/www.infobae.com\/resizer\/v2\/5K7YAYEYZNAYFDKU23IKZEVO4E.JPG?auth=a7a66fc6410d211bf402548469d1a6929f46e38d707eeaa43b5821101cb4ad47&amp;smart=true&amp;width=577&amp;height=391&amp;quality=85\" media=\"(min-width: 580px)\"\/><source srcset=\"https:\/\/www.infobae.com\/resizer\/v2\/5K7YAYEYZNAYFDKU23IKZEVO4E.JPG?auth=a7a66fc6410d211bf402548469d1a6929f46e38d707eeaa43b5821101cb4ad47&amp;smart=true&amp;width=420&amp;height=285&amp;quality=85\" media=\"(min-width: 350px)\"\/><source srcset=\"https:\/\/www.infobae.com\/resizer\/v2\/5K7YAYEYZNAYFDKU23IKZEVO4E.JPG?auth=a7a66fc6410d211bf402548469d1a6929f46e38d707eeaa43b5821101cb4ad47&amp;smart=true&amp;width=350&amp;height=237&amp;quality=85\" media=\"(min-width: 80px)\"\/><img alt=\"Riestra sue\u00f1a a lo grande en la Sudamericana\" class=\"global-image\" decoding=\"async\" fetchpriority=\"high\" height=\"1644\" loading=\"eager\" src=\"https:\/\/www.infobae.com\/resizer\/v2\/5K7YAYEYZNAYFDKU23IKZEVO4E.JPG?auth=a7a66fc6410d211bf402548469d1a6929f46e38d707eeaa43b5821101cb4ad47&amp;smart=true&amp;width=350&amp;height=237&amp;quality=85\" width=\"2425\"\/><\/picture><figcaption class=\"article-figcaption-img\">Riestra sue\u00f1a a lo grande en la Sudamericana<\/figcaption><\/div>\n<p class=\"paragraph\"><b>Guillermo Dur\u00f3<\/b> asume la conducci\u00f3n de <b>Deportivo Riestra<\/b> e inicia su primer ciclo internacional cuando el equipo argentino enfrenta a <b>Palestino<\/b> este martes, desde las 19.00, en el estadio <i>Pedro Bidegain (Nuevo Gas\u00f3metro)<\/i>, por la apertura del Grupo F en la <b>Copa Sudamericana<\/b>. El debut llega despu\u00e9s de <b>95 a\u00f1os<\/b> de historia para el club porte\u00f1o, que se clasific\u00f3 al certamen tras ocupar el sexto lugar en la tabla anual de la temporada anterior. Dirigir\u00e1 el ecuatoriano Guillermo Guerrero y transmitir\u00e1n en vivo <i>ESPN3 <\/i>y <i>Disney+ Premium<\/i>.<\/p>\n<p class=\"paragraph\">La llegada de <b>Dur\u00f3, de 57 a\u00f1os<\/b>, ocurri\u00f3 tras la salida de <b>Gustavo <\/b><i><b>Tata <\/b><\/i><b>Ben\u00edtez<\/b>, entrenador con el que Riestra cosech\u00f3 solo un triunfo en doce partidos del Apertura, acumulando <b>siete empates y cinco derrotas<\/b> que lo relegaron al pen\u00faltimo puesto de la Zona A y al 27\u00ba lugar en la tabla anual. La dirigencia opt\u00f3 por el retorno del t\u00e9cnico, quien ya tuvo dos etapas previas (2018-2020 y 2021-2022) al frente del club.<\/p>\n<p class=\"paragraph\">El \u00fanico triunfo del <i>Malevo <\/i>en lo que va del 2026 fue por Copa Argentina (1-0 ante Deportivo Maip\u00fa, a principios de febrero). Para remontarse a la anterior victoria por los puntos fuera de copas nacionales hay que retroceder hasta fines de octubre de 2025, cuando el por entonces cuadro dirigido por Ben\u00edtez se impuso 1-0 frente a Instituto de C\u00f3rdoba.<\/p>\n<p class=\"paragraph\">Mientras tanto, <b>Palestino<\/b> busca revertir su momento adverso tras una reciente derrota <b>6-1 ante Universidad Cat\u00f3lica<\/b>. El conjunto chileno, dirigido por <b>Cristian Mu\u00f1oz<\/b>, arrastra cinco encuentros sin ganar, con cuatro ca\u00eddas y un empate, y se ubica <b>14\u00b0 en su liga local<\/b> con solo <b>8 puntos<\/b>, a uno de la zona de descenso.<\/p>\n<p class=\"paragraph\">Al t\u00e9rmino de este encuentro, saldr\u00e1n a la cancha los otros dos integrantes de la zona: Montevideo City Torque recibir\u00e1 en Uruguay a Gremio de Porto Alegre (comenzar\u00e1 a las 21:30). La agenda para la pr\u00f3xima fecha prev\u00e9 que el equipo de Bajo Flores visite al Tricolor en Brasil, mientras que los chilenos ser\u00e1n locales de la franquicia montevideana.<\/p>\n<p><soccer-worldcup2026-cta-predict\/><link rel=\"stylesheet\" crossorigin=\"true\" href=\"https:\/\/storage.googleapis.com\/arc-buckets\/web-components\/soccer\/ctas\/predict.css\"\/>\n<p class=\"paragraph\"><b>Probables formaciones:<\/b><\/p>\n<p class=\"paragraph\"><b>Riestra:<\/b> Ignacio Arce; Nicol\u00e1s Sansotre, Juan Cruz Randazzo, Cristian Paz, Miguel \u00c1ngel Barbieri, Rodrigo Gallo; Nicol\u00e1s Watson, Mat\u00edas Garc\u00eda; Antony Alonso, Alexander D\u00edaz y Jonathan Herrera. <b>DT:<\/b> Guillermo\u00a0Dur\u00f3<\/p>\n<p class=\"paragraph\"><b>Palestino: <\/b>Sebasti\u00e1n P\u00e9rez; Vicente Espinoza, Ian Garguez, Enzo Roco, Dilan Z\u00fa\u00f1iga; Francisco Montes, Juli\u00e1n Fern\u00e1ndez, Sebasti\u00e1n Gallegos, Mart\u00edn Araya; Nelson Da Silva y C\u00e9sar Munder. <b>DT:<\/b> Cristian\u00a0Mu\u00f1oz<\/p>\n<p class=\"paragraph\"><b>Estadio:<\/b> Pedro Bidegain (Nuevo Gas\u00f3metro)<\/p>\n<p class=\"paragraph\"><b>Hora: <\/b>19.00<\/p>\n<p class=\"paragraph\"><b>\u00c1rbitro: <\/b>Guillermo Guerrero (Ecuador)<\/p>\n<p class=\"paragraph\"><b>Televisar\u00e1:<\/b> ESPN3 y Disney+ Premium<\/p>\n<\/div>\n<p><script defer=\"\">try{!function(f,b,e,v,n,t,s) {if(f.fbq)return;n=f.fbq=function(){n.callMethod? n.callMethod.apply(n,arguments):n.queue.push(arguments)}; if(!f._fbq)f._fbq=n;n.push=n;n.loaded=!0;n.version='2.0'; n.queue=[];t=b.createElement(e);t.async=!0; t.src=v;s=b.getElementsByTagName(e)[0]; s.parentNode.insertBefore(t,s)}(window, document,'script', ' fbq('init', '336383993555320'); fbq('track', 'PageView'); fbq('track', 'ViewContent');}catch(error){console.log(\"Error al inicializar facebookPixelRawCodeScript:\",error);}<\/script><\/p>\n","protected":false},"excerpt":{"rendered":"<p>Riestra sue\u00f1a a lo grande en la Sudamericana Guillermo Dur\u00f3 asume la conducci\u00f3n de Deportivo Riestra e inicia su primer ciclo internacional cuando el equipo argentino enfrenta a Palestino este martes, desde las 19.00, en el estadio Pedro Bidegain (Nuevo Gas\u00f3metro), por la apertura del Grupo F en la Copa Sudamericana. El debut llega despu\u00e9s [&hellip;]<\/p>\n","protected":false},"author":2,"featured_media":85467,"comment_status":"","ping_status":"","sticky":false,"template":"","format":"standard","meta":{"footnotes":""},"categories":[2],"tags":[],"_links":{"self":[{"href":"https:\/\/maxradio923.com.ar\/index.php\/wp-json\/wp\/v2\/posts\/85466"}],"collection":[{"href":"https:\/\/maxradio923.com.ar\/index.php\/wp-json\/wp\/v2\/posts"}],"about":[{"href":"https:\/\/maxradio923.com.ar\/index.php\/wp-json\/wp\/v2\/types\/post"}],"author":[{"embeddable":true,"href":"https:\/\/maxradio923.com.ar\/index.php\/wp-json\/wp\/v2\/users\/2"}],"replies":[{"embeddable":true,"href":"https:\/\/maxradio923.com.ar\/index.php\/wp-json\/wp\/v2\/comments?post=85466"}],"version-history":[{"count":0,"href":"https:\/\/maxradio923.com.ar\/index.php\/wp-json\/wp\/v2\/posts\/85466\/revisions"}],"wp:featuredmedia":[{"embeddable":true,"href":"https:\/\/maxradio923.com.ar\/index.php\/wp-json\/wp\/v2\/media\/85467"}],"wp:attachment":[{"href":"https:\/\/maxradio923.com.ar\/index.php\/wp-json\/wp\/v2\/media?parent=85466"}],"wp:term":[{"taxonomy":"category","embeddable":true,"href":"https:\/\/maxradio923.com.ar\/index.php\/wp-json\/wp\/v2\/categories?post=85466"},{"taxonomy":"post_tag","embeddable":true,"href":"https:\/\/maxradio923.com.ar\/index.php\/wp-json\/wp\/v2\/tags?post=85466"}],"curies":[{"name":"wp","href":"https:\/\/api.w.org\/{rel}","templated":true}]}}