{"id":85463,"date":"2026-04-08T16:34:07","date_gmt":"2026-04-08T19:34:07","guid":{"rendered":"https:\/\/maxradio923.com.ar\/index.php\/2026\/04\/08\/la-educacion-digital-ayuda-a-prevenir-riesgos-para-la-salud-mental-infantil-segun-la-onu\/"},"modified":"2026-04-08T16:34:07","modified_gmt":"2026-04-08T19:34:07","slug":"la-educacion-digital-ayuda-a-prevenir-riesgos-para-la-salud-mental-infantil-segun-la-onu","status":"publish","type":"post","link":"https:\/\/maxradio923.com.ar\/index.php\/2026\/04\/08\/la-educacion-digital-ayuda-a-prevenir-riesgos-para-la-salud-mental-infantil-segun-la-onu\/","title":{"rendered":"La educaci\u00f3n digital ayuda a prevenir riesgos para la salud mental infantil, seg\u00fan la ONU"},"content":{"rendered":"<p><\/p>\n<div xmlns:default=\"http:\/\/www.w3.org\/2000\/svg\">\n<div class=\"visual__image image-initial-width\"><picture><source srcset=\"https:\/\/www.infobae.com\/resizer\/v2\/A5CRZC2D3REG3KUNSUBFJK2G6M.jpg?auth=79f538b48caff646b67f93a7423bc18af0f50d68ffd46b55392cdf7c75df96ee&amp;smart=true&amp;width=992&amp;height=558&amp;quality=85\" media=\"(min-width: 1000px)\"\/><source srcset=\"https:\/\/www.infobae.com\/resizer\/v2\/A5CRZC2D3REG3KUNSUBFJK2G6M.jpg?auth=79f538b48caff646b67f93a7423bc18af0f50d68ffd46b55392cdf7c75df96ee&amp;smart=true&amp;width=768&amp;height=432&amp;quality=85\" media=\"(min-width: 768px)\"\/><source srcset=\"https:\/\/www.infobae.com\/resizer\/v2\/A5CRZC2D3REG3KUNSUBFJK2G6M.jpg?auth=79f538b48caff646b67f93a7423bc18af0f50d68ffd46b55392cdf7c75df96ee&amp;smart=true&amp;width=577&amp;height=325&amp;quality=85\" media=\"(min-width: 580px)\"\/><source srcset=\"https:\/\/www.infobae.com\/resizer\/v2\/A5CRZC2D3REG3KUNSUBFJK2G6M.jpg?auth=79f538b48caff646b67f93a7423bc18af0f50d68ffd46b55392cdf7c75df96ee&amp;smart=true&amp;width=420&amp;height=236&amp;quality=85\" media=\"(min-width: 350px)\"\/><source srcset=\"https:\/\/www.infobae.com\/resizer\/v2\/A5CRZC2D3REG3KUNSUBFJK2G6M.jpg?auth=79f538b48caff646b67f93a7423bc18af0f50d68ffd46b55392cdf7c75df96ee&amp;smart=true&amp;width=350&amp;height=197&amp;quality=85\" media=\"(min-width: 80px)\"\/><img alt=\"(Imagen Ilustrativa Infobae)\" class=\"global-image\" decoding=\"async\" fetchpriority=\"high\" height=\"1080\" loading=\"eager\" src=\"https:\/\/www.infobae.com\/resizer\/v2\/A5CRZC2D3REG3KUNSUBFJK2G6M.jpg?auth=79f538b48caff646b67f93a7423bc18af0f50d68ffd46b55392cdf7c75df96ee&amp;smart=true&amp;width=350&amp;height=197&amp;quality=85\" width=\"1920\"\/><\/picture><figcaption class=\"article-figcaption-img\">Los organismos internacionales coinciden en que robustecer la educaci\u00f3n digital requiere inversi\u00f3n, actualizaci\u00f3n pedag\u00f3gica y cooperaci\u00f3n global para proteger a menores en el entorno digital  &#8211; (Imagen Ilustrativa Infobae)<\/figcaption><\/div>\n<p class=\"paragraph\">La <b>educaci\u00f3n digital<\/b> se consolida como la <b>primera l\u00ednea de defensa<\/b> ante los riesgos crecientes asociados a la navegaci\u00f3n en internet, especialmente en el caso de ni\u00f1os y adolescentes. Frente al aumento de amenazas como el ciberacoso, la desinformaci\u00f3n y la exposici\u00f3n a contenidos perjudiciales, organismos internacionales y gobiernos coinciden en que la formaci\u00f3n en competencias digitales constituye una base para garantizar el uso seguro y responsable del entorno digital.<\/p>\n<p class=\"paragraph\">Un informe de la <b>Organizaci\u00f3n de las Naciones Unidas<\/b> indica que los menores pasan cada vez m\u00e1s tiempo conectados, lo que acrecienta su vulnerabilidad ante delitos como el grooming, el ciberbullying y la explotaci\u00f3n sexual. <\/p>\n<p class=\"paragraph\">Seg\u00fan la ONU, la <b>alfabetizaci\u00f3n digital<\/b> \u2014que abarca desde la capacidad para identificar noticias falsas hasta saber reconocer intentos de fraude y gestionar la privacidad\u2014 funciona como una barrera esencial para mitigar riesgos y fortalecer la resiliencia de los usuarios j\u00f3venes.<\/p>\n<p class=\"paragraph\">La experiencia en diferentes pa\u00edses demuestra que quienes establecen marcos regulatorios s\u00f3lidos y programas educativos espec\u00edficos registran mejores indicadores de seguridad digital infantil. Un an\u00e1lisis comparativo publicado en la <i>Biblioteca Nacional de Medicina de Estados Unidos<\/i> se\u00f1ala que <b>Australia, Canad\u00e1 y el Reino Unido<\/b> han puesto en marcha sistemas de protecci\u00f3n sustentados en el marco de las \u201c4C\u201d (contenido, contacto, conducta y contrato), favoreciendo la colaboraci\u00f3n entre escuelas, familias y plataformas tecnol\u00f3gicas para abordar los distintos desaf\u00edos de la seguridad digital.<\/p>\n<h2 class=\"header headline-class-h2 headline\" id=\"article-headline desarrollo-de-politicas-educativas-y-practicas-en-sistemas-escolares\">Desarrollo de pol\u00edticas educativas y pr\u00e1cticas en sistemas escolares<\/h2>\n<div class=\"visual__image\"><picture><source srcset=\"https:\/\/www.infobae.com\/resizer\/v2\/7XYSPQP2G5ED5LE7YQBD6AEKNA.jpg?auth=621fa4518d96941b2a59189c94c6eff7a46422cef4a69745a03e77fd29660e80&amp;smart=true&amp;width=992&amp;height=556&amp;quality=85\" media=\"(min-width: 1000px)\"\/><source srcset=\"https:\/\/www.infobae.com\/resizer\/v2\/7XYSPQP2G5ED5LE7YQBD6AEKNA.jpg?auth=621fa4518d96941b2a59189c94c6eff7a46422cef4a69745a03e77fd29660e80&amp;smart=true&amp;width=768&amp;height=430&amp;quality=85\" media=\"(min-width: 768px)\"\/><source srcset=\"https:\/\/www.infobae.com\/resizer\/v2\/7XYSPQP2G5ED5LE7YQBD6AEKNA.jpg?auth=621fa4518d96941b2a59189c94c6eff7a46422cef4a69745a03e77fd29660e80&amp;smart=true&amp;width=577&amp;height=323&amp;quality=85\" media=\"(min-width: 580px)\"\/><source srcset=\"https:\/\/www.infobae.com\/resizer\/v2\/7XYSPQP2G5ED5LE7YQBD6AEKNA.jpg?auth=621fa4518d96941b2a59189c94c6eff7a46422cef4a69745a03e77fd29660e80&amp;smart=true&amp;width=420&amp;height=235&amp;quality=85\" media=\"(min-width: 350px)\"\/><source srcset=\"https:\/\/www.infobae.com\/resizer\/v2\/7XYSPQP2G5ED5LE7YQBD6AEKNA.jpg?auth=621fa4518d96941b2a59189c94c6eff7a46422cef4a69745a03e77fd29660e80&amp;smart=true&amp;width=350&amp;height=196&amp;quality=85\" media=\"(min-width: 80px)\"\/><img alt=\"La educaci\u00f3n digital es la herramienta clave para proteger a ni\u00f1os y adolescentes de los riesgos crecientes en internet - (Imagen Ilustrativa Infobae)\" class=\"global-image\" decoding=\"async\" fetchpriority=\"low\" height=\"1076\" loading=\"lazy\" src=\"https:\/\/www.infobae.com\/resizer\/v2\/7XYSPQP2G5ED5LE7YQBD6AEKNA.jpg?auth=621fa4518d96941b2a59189c94c6eff7a46422cef4a69745a03e77fd29660e80&amp;smart=true&amp;width=350&amp;height=196&amp;quality=85\" width=\"1920\"\/><\/picture><figcaption class=\"article-figcaption-img\">La educaci\u00f3n digital es la herramienta clave para proteger a ni\u00f1os y adolescentes de los riesgos crecientes en internet &#8211; (Imagen Ilustrativa Infobae)<\/figcaption><\/div>\n<p class=\"paragraph\">El informe de la <b>Organizaci\u00f3n para la Cooperaci\u00f3n y el Desarrollo Econ\u00f3micos (OCDE)<\/b> destaca que integrar la educaci\u00f3n digital en los sistemas escolares resulta clave para que los estudiantes enfrenten los desaf\u00edos presentes en el entorno virtual. En Finlandia, Estonia y Corea del Sur, tanto la alfabetizaci\u00f3n medi\u00e1tica como la formaci\u00f3n en ciudadan\u00eda digital est\u00e1n incluidas de forma obligatoria en los planes de estudio desde edades tempranas, lo que permite a los alumnos <b>adquirir habilidades para identificar riesgos, proteger sus datos y ejercer criterio propio al usar internet<\/b>.<\/p>\n<p class=\"paragraph\">La OCDE remarca que la capacitaci\u00f3n docente es esencial: los profesores necesitan herramientas actualizadas y recursos pedag\u00f3gicos que les permitan acompa\u00f1ar a los estudiantes tanto en el uso t\u00e9cnico de la tecnolog\u00eda como en la comprensi\u00f3n de su impacto social y \u00e9tico. De igual forma, la cooperaci\u00f3n entre familias, educadores y empresas tecnol\u00f3gicas se considera indispensable para crear <b>entornos de aprendizaje seguros<\/b> y fomentar la construcci\u00f3n de una ciudadan\u00eda digital activa.<\/p>\n<h2 class=\"header headline-class-h2 headline\" id=\"article-headline barreras-en-paises-en-desarrollo-y-el-rol-de-los-organismos-multilaterales\">Barreras en pa\u00edses en desarrollo y el rol de los organismos multilaterales<\/h2>\n<p class=\"paragraph\">El <b>Banco Mundial<\/b> advierte que, aunque los pa\u00edses desarrollados han avanzado en institucionalizar la educaci\u00f3n digital, en varias regiones de ingresos medios y bajos persisten <b>brechas de acceso, recursos y formaci\u00f3n docente<\/b>. Para hacer frente a estos desaf\u00edos, organismos multilaterales como UNICEF, ITU y la propia ONU promueven iniciativas globales y repositorios colaborativos \u2014como el FOSI GRID\u2014 que facilitan el intercambio de buenas pr\u00e1cticas y la adaptaci\u00f3n de recursos educativos seg\u00fan las particularidades locales.<\/p>\n<div class=\"visual__image\"><picture><source srcset=\"https:\/\/www.infobae.com\/resizer\/v2\/7A6MDODAKJCMJJ3IJHCTCBRRJQ.jpg?auth=74157a0117f42f19f47736c1406dbcb19153420e121ecda883c8ef609999167d&amp;smart=true&amp;width=992&amp;height=556&amp;quality=85\" media=\"(min-width: 1000px)\"\/><source srcset=\"https:\/\/www.infobae.com\/resizer\/v2\/7A6MDODAKJCMJJ3IJHCTCBRRJQ.jpg?auth=74157a0117f42f19f47736c1406dbcb19153420e121ecda883c8ef609999167d&amp;smart=true&amp;width=768&amp;height=430&amp;quality=85\" media=\"(min-width: 768px)\"\/><source srcset=\"https:\/\/www.infobae.com\/resizer\/v2\/7A6MDODAKJCMJJ3IJHCTCBRRJQ.jpg?auth=74157a0117f42f19f47736c1406dbcb19153420e121ecda883c8ef609999167d&amp;smart=true&amp;width=577&amp;height=323&amp;quality=85\" media=\"(min-width: 580px)\"\/><source srcset=\"https:\/\/www.infobae.com\/resizer\/v2\/7A6MDODAKJCMJJ3IJHCTCBRRJQ.jpg?auth=74157a0117f42f19f47736c1406dbcb19153420e121ecda883c8ef609999167d&amp;smart=true&amp;width=420&amp;height=235&amp;quality=85\" media=\"(min-width: 350px)\"\/><source srcset=\"https:\/\/www.infobae.com\/resizer\/v2\/7A6MDODAKJCMJJ3IJHCTCBRRJQ.jpg?auth=74157a0117f42f19f47736c1406dbcb19153420e121ecda883c8ef609999167d&amp;smart=true&amp;width=350&amp;height=196&amp;quality=85\" media=\"(min-width: 80px)\"\/><img alt=\"Ni\u00f1os, tel\u00e9fonos celulares, infancia digital, tecnolog\u00eda, uso infantil de dispositivos. - (Imagen Ilustrativa Infobae)\" class=\"global-image\" decoding=\"async\" fetchpriority=\"low\" height=\"816\" loading=\"lazy\" src=\"https:\/\/www.infobae.com\/resizer\/v2\/7A6MDODAKJCMJJ3IJHCTCBRRJQ.jpg?auth=74157a0117f42f19f47736c1406dbcb19153420e121ecda883c8ef609999167d&amp;smart=true&amp;width=350&amp;height=196&amp;quality=85\" width=\"1456\"\/><\/picture><figcaption class=\"article-figcaption-img\">La capacitaci\u00f3n docente y la cooperaci\u00f3n entre familias, educadores y empresas tecnol\u00f3gicas son fundamentales para crear entornos de aprendizaje seguros &#8211; (Imagen Ilustrativa Infobae)<\/figcaption><\/div>\n<p class=\"paragraph\">En este contexto, la alfabetizaci\u00f3n digital trasciende el aprendizaje t\u00e9cnico: implica estimular el pensamiento cr\u00edtico, la capacidad para identificar riesgos y la autonom\u00eda necesaria para gestionar la propia seguridad en l\u00ednea. Seg\u00fan la ONU, una respuesta eficaz requiere <b>actualizar constantemente los contenidos educativos, incluir de forma activa a los j\u00f3venes<\/b> y el compromiso sostenido del Estado para que la protecci\u00f3n digital se integre en el n\u00facleo de las pol\u00edticas p\u00fablicas prioritarias.<\/p>\n<h2 class=\"header headline-class-h2 headline\" id=\"article-headline desafios-a-futuro-y-consensos-internacionales-sobre-proteccion-digital-infantil\">Desaf\u00edos a futuro y consensos internacionales sobre protecci\u00f3n digital infantil<\/h2>\n<p class=\"paragraph\">En l\u00edneas generales, los organismos internacionales coinciden en que la seguridad online para ni\u00f1os y adolescentes debe plantearse de manera multidimensional, combinando regulaci\u00f3n, educaci\u00f3n y corresponsabilidad social. Desde la perspectiva de la ONU, los marcos normativos y las soluciones tecnol\u00f3gicas, aun cuando son relevantes, resultan insuficientes si no existe una ciudadan\u00eda digital informada y participativa.<\/p>\n<p class=\"paragraph\">El acuerdo prevaleciente es que la educaci\u00f3n digital representa la <b>protecci\u00f3n m\u00e1s efectiva contra los peligros de internet<\/b>, y que robustecerla requiere inversi\u00f3n sostenida, cooperaci\u00f3n internacional y la <b>actualizaci\u00f3n permanente de los m\u00e9todos pedag\u00f3gicos<\/b> para ajustarse a las transformaciones del entorno digital.<\/p>\n<\/div>\n<p><script defer=\"\">try{!function(f,b,e,v,n,t,s) {if(f.fbq)return;n=f.fbq=function(){n.callMethod? n.callMethod.apply(n,arguments):n.queue.push(arguments)}; if(!f._fbq)f._fbq=n;n.push=n;n.loaded=!0;n.version='2.0'; n.queue=[];t=b.createElement(e);t.async=!0; t.src=v;s=b.getElementsByTagName(e)[0]; s.parentNode.insertBefore(t,s)}(window, document,'script', ' fbq('init', '336383993555320'); fbq('track', 'PageView'); fbq('track', 'ViewContent');}catch(error){console.log(\"Error al inicializar facebookPixelRawCodeScript:\",error);}<\/script><\/p>\n","protected":false},"excerpt":{"rendered":"<p>Los organismos internacionales coinciden en que robustecer la educaci\u00f3n digital requiere inversi\u00f3n, actualizaci\u00f3n pedag\u00f3gica y cooperaci\u00f3n global para proteger a menores en el entorno digital &#8211; (Imagen Ilustrativa Infobae) La educaci\u00f3n digital se consolida como la primera l\u00ednea de defensa ante los riesgos crecientes asociados a la navegaci\u00f3n en internet, especialmente en el caso de [&hellip;]<\/p>\n","protected":false},"author":2,"featured_media":75351,"comment_status":"","ping_status":"","sticky":false,"template":"","format":"standard","meta":{"footnotes":""},"categories":[3],"tags":[],"_links":{"self":[{"href":"https:\/\/maxradio923.com.ar\/index.php\/wp-json\/wp\/v2\/posts\/85463"}],"collection":[{"href":"https:\/\/maxradio923.com.ar\/index.php\/wp-json\/wp\/v2\/posts"}],"about":[{"href":"https:\/\/maxradio923.com.ar\/index.php\/wp-json\/wp\/v2\/types\/post"}],"author":[{"embeddable":true,"href":"https:\/\/maxradio923.com.ar\/index.php\/wp-json\/wp\/v2\/users\/2"}],"replies":[{"embeddable":true,"href":"https:\/\/maxradio923.com.ar\/index.php\/wp-json\/wp\/v2\/comments?post=85463"}],"version-history":[{"count":0,"href":"https:\/\/maxradio923.com.ar\/index.php\/wp-json\/wp\/v2\/posts\/85463\/revisions"}],"wp:featuredmedia":[{"embeddable":true,"href":"https:\/\/maxradio923.com.ar\/index.php\/wp-json\/wp\/v2\/media\/75351"}],"wp:attachment":[{"href":"https:\/\/maxradio923.com.ar\/index.php\/wp-json\/wp\/v2\/media?parent=85463"}],"wp:term":[{"taxonomy":"category","embeddable":true,"href":"https:\/\/maxradio923.com.ar\/index.php\/wp-json\/wp\/v2\/categories?post=85463"},{"taxonomy":"post_tag","embeddable":true,"href":"https:\/\/maxradio923.com.ar\/index.php\/wp-json\/wp\/v2\/tags?post=85463"}],"curies":[{"name":"wp","href":"https:\/\/api.w.org\/{rel}","templated":true}]}}