{"id":8546,"date":"2023-10-23T10:34:10","date_gmt":"2023-10-23T13:34:10","guid":{"rendered":"https:\/\/maxradio923.com\/index.php\/2023\/10\/23\/el-balotaje-en-noviembre-desafios-ante-un-fin-de-semana-largo\/"},"modified":"2023-10-23T10:34:10","modified_gmt":"2023-10-23T13:34:10","slug":"el-balotaje-en-noviembre-desafios-ante-un-fin-de-semana-largo","status":"publish","type":"post","link":"https:\/\/maxradio923.com.ar\/index.php\/2023\/10\/23\/el-balotaje-en-noviembre-desafios-ante-un-fin-de-semana-largo\/","title":{"rendered":"El Balotaje en Noviembre: Desaf\u00edos ante un Fin de Semana Largo"},"content":{"rendered":"<p><img decoding=\"async\" src=\"https:\/\/diariod3.com\/inicio\/wp-content\/uploads\/2023\/10\/turismo.jpg\"\/><\/p>\n<p>El calendario electoral estableci\u00f3 la fecha de la segunda vuelta, la cual coincide con un fin de semana largo.<\/p>\n<p>Como ning\u00fan candidato a Presidente obtuvo, en las generales de octubre, el 45% de los votos o el 40% con una diferencia de 10 puntos sobre el segundo en las elecciones generales, los dos m\u00e1s votados deber\u00e1n enfrentarse en un balotaje.<\/p>\n<p>Lo cierto es que la segunda vuelta electoral ya tiene fecha y coincide con un fin de semana largo.<\/p>\n<p><strong>Cu\u00e1ndo es el balotaje<\/strong><\/p>\n<p>La norma adem\u00e1s fija al 19 de noviembre como fecha para una eventual \u00absegunda vuelta electoral\u00bb.<\/p>\n<p>En estas Elecciones 2023 se eligen presidente y vicepresidente, y 130 diputados y senadores, seg\u00fan se especifica en el anexo de la norma.<\/p>\n<p><strong>Qu\u00e9 pasa con el fin de semana largo con el balotaje<\/strong><\/p>\n<p>Lo cierto es que el s\u00e1bado 18 de noviembre se conmemora el D\u00eda de la Soberan\u00eda Nacional, feriado trasladable y que seg\u00fan el cronograma oficial del 2023, se pasa al lunes 20 de noviembre para formar un fin de semana largo.<\/p>\n<p>Es decir que con el balotaje, el domingo 19 en medio del fin de semana largo podr\u00eda generar una baja importante tanto en el turismo como en la cantidad de votantes.<\/p>\n<p>La entrada <a href=\"https:\/\/diariod3.com\/inicio\/el-balotaje-en-noviembre-desafios-ante-un-fin-de-semana-largo\/\" rel=\"noreferrer noopener\" target=\"_blank\">El Balotaje en Noviembre: Desaf\u00edos ante un Fin de Semana Largo<\/a> se public\u00f3 primero en <a href=\"https:\/\/diariod3.com\/inicio\" rel=\"noreferrer noopener\" target=\"_blank\">DIARIO D3 NOTICIAS<\/a>.<\/p>\n","protected":false},"excerpt":{"rendered":"<p>El calendario electoral estableci\u00f3 la fecha de la segunda vuelta, la cual coincide con un fin de semana largo. Como ning\u00fan candidato a Presidente obtuvo, en las generales de octubre, el 45% de los votos o el 40% con una diferencia de 10 puntos sobre el segundo en las elecciones generales, los dos m\u00e1s votados [&hellip;]<\/p>\n","protected":false},"author":1,"featured_media":8547,"comment_status":"","ping_status":"","sticky":false,"template":"","format":"standard","meta":{"footnotes":""},"categories":[10],"tags":[],"_links":{"self":[{"href":"https:\/\/maxradio923.com.ar\/index.php\/wp-json\/wp\/v2\/posts\/8546"}],"collection":[{"href":"https:\/\/maxradio923.com.ar\/index.php\/wp-json\/wp\/v2\/posts"}],"about":[{"href":"https:\/\/maxradio923.com.ar\/index.php\/wp-json\/wp\/v2\/types\/post"}],"author":[{"embeddable":true,"href":"https:\/\/maxradio923.com.ar\/index.php\/wp-json\/wp\/v2\/users\/1"}],"replies":[{"embeddable":true,"href":"https:\/\/maxradio923.com.ar\/index.php\/wp-json\/wp\/v2\/comments?post=8546"}],"version-history":[{"count":0,"href":"https:\/\/maxradio923.com.ar\/index.php\/wp-json\/wp\/v2\/posts\/8546\/revisions"}],"wp:featuredmedia":[{"embeddable":true,"href":"https:\/\/maxradio923.com.ar\/index.php\/wp-json\/wp\/v2\/media\/8547"}],"wp:attachment":[{"href":"https:\/\/maxradio923.com.ar\/index.php\/wp-json\/wp\/v2\/media?parent=8546"}],"wp:term":[{"taxonomy":"category","embeddable":true,"href":"https:\/\/maxradio923.com.ar\/index.php\/wp-json\/wp\/v2\/categories?post=8546"},{"taxonomy":"post_tag","embeddable":true,"href":"https:\/\/maxradio923.com.ar\/index.php\/wp-json\/wp\/v2\/tags?post=8546"}],"curies":[{"name":"wp","href":"https:\/\/api.w.org\/{rel}","templated":true}]}}