{"id":85451,"date":"2026-04-08T15:50:10","date_gmt":"2026-04-08T18:50:10","guid":{"rendered":"https:\/\/maxradio923.com.ar\/index.php\/2026\/04\/08\/el-sorprendente-elogio-de-ruggeri-para-riquelme-tras-el-triunfo-de-boca-juniors-en-el-inicio-de-la-copa-libertadores\/"},"modified":"2026-04-08T15:50:10","modified_gmt":"2026-04-08T18:50:10","slug":"el-sorprendente-elogio-de-ruggeri-para-riquelme-tras-el-triunfo-de-boca-juniors-en-el-inicio-de-la-copa-libertadores","status":"publish","type":"post","link":"https:\/\/maxradio923.com.ar\/index.php\/2026\/04\/08\/el-sorprendente-elogio-de-ruggeri-para-riquelme-tras-el-triunfo-de-boca-juniors-en-el-inicio-de-la-copa-libertadores\/","title":{"rendered":"El sorprendente elogio de Ruggeri para Riquelme tras el triunfo de Boca Juniors en el inicio de la Copa Libertadores"},"content":{"rendered":"<p><\/p>\n<div xmlns:default=\"http:\/\/www.w3.org\/2000\/svg\">\n<p class=\"paragraph\"><b>Boca Juniors<\/b> arranc\u00f3 a paso firme en la<b> Copa Libertadores<\/b> de Am\u00e9rica con un gran triunfo por <b>2-1<\/b> en <b>Chile<\/b> ante la<b> Universidad Cat\u00f3lica<\/b>. El buen rendimiento del equipo que comanda<b> Claudio \u00dabeda<\/b> despert\u00f3 los elogios de <b>Oscar Ruggeri<\/b>, quien ponder\u00f3 la actitud del presidente del club, <b>Juan Rom\u00e1n Riquelme<\/b>, en sostener al t\u00e9cnico que sucedi\u00f3 a <b>Miguel \u00c1ngel Russo<\/b>. <\/p>\n<p class=\"paragraph\">Cuando <b>Sebasti\u00e1n <\/b><i><b>Pollo <\/b><\/i><b>Vignolo<\/b> le pregunt\u00f3 al campe\u00f3n del mundo en M\u00e9xico 1986 si le daba cr\u00e9dito a <b>Riquelme <\/b>por haber sostenido a <b>\u00dabeda <\/b>en el cargo a\u00fan en sus momentos m\u00e1s complicados, respondi\u00f3 sin dudar: <b>\u201cClaro, totalmente\u201d<\/b>. Luego, el <i>Cabez\u00f3n <\/i>continu\u00f3: \u201cY a \u00dabeda sab\u00e9s el m\u00e9rito que le doy, que cuando iba a las conferencias hablaba muy bien.<b> Le tiraban misiles de todos lados y el tipo siempre respondi\u00f3 con calma. Lo quer\u00edan echar\u201d<\/b>.<\/p>\n<p class=\"paragraph\">El ex futbolista y actual panelista en el programa <i>F90<\/i> de <i>ESPN <\/i>destac\u00f3 la actitud del entrenador de Boca ante los <b>malos resultados<\/b> que amenazaron con un reemplazo. Luego de un titubeante comienzo en el Torneo Apertura, con <b>dos derrotas<\/b> (Estudiantes y V\u00e9lez) y<b> cuatro empates consecutivos en <\/b><i><b>La Bombonera<\/b><\/i>, el <i>Xeneize <\/i>despert\u00f3 con una goleada en <i>La Fortaleza<\/i> ante <b>Lan\u00fas<\/b> y viene de ganar sus \u00faltimos tres compromisos. Adem\u00e1s, qued\u00f3 a dos puntos de la cima de la Zona A. <\/p>\n<p class=\"paragraph\">Por otra parte, <b>Ruggeri <\/b>tambi\u00e9n destac\u00f3 el nivel que viene mostrando<b> Leandro Paredes<\/b>, capit\u00e1n y referente de Boca que ayer fue figura y convirti\u00f3 el primer gol en el triunfo ante Universidad Cat\u00f3lica. <b>\u201cLo va a poner en problemitas a Scaloni\u201d<\/b>, sentenci\u00f3 durante la primera parte del programa acerca de la posibilidad de que pueda quitarle la titularidad a <b>Rodrigo De Paul <\/b>en la Selecci\u00f3n para el Mundial 2026. \u201cEn esas canchas, las pegadas de los jugadores son importantes. Hay que jugar de otra manera, con pelotazos&#8230; <b>Pero la verdad que jug\u00f3 de una manera tan simple y los pibes de al lado (Aranda, Delgado y Ascacibar) le corren todo\u201d<\/b>, continu\u00f3.<\/p>\n<p class=\"paragraph\"><i>*El elogio de Ruggeri a Leandro Paredes y el mensaje a Lionel Scaloni<\/i><\/p>\n<p><soccer-worldcup2026-cta-predict\/><link rel=\"stylesheet\" crossorigin=\"true\" href=\"https:\/\/storage.googleapis.com\/arc-buckets\/web-components\/soccer\/ctas\/predict.css\"\/>\n<p class=\"paragraph\"><b>\u201cCuando un equipo empieza a ganar, agarran confianza todos. Vos dec\u00eds: \u2018Este pibe antes la agarraba y la perd\u00eda\u2019. El plantel siempre banc\u00f3 a \u00dabeda. Los equipos siempre son fuertes en la mitad de la cancha\u201d<\/b>, fue otra de las opiniones de Ruggeri respecto al presente de Boca Juniors, que qued\u00f3 junto al <b>Cruzeiro <\/b>como l\u00edderes del Grupo D de la Libertadores. <\/p>\n<p class=\"paragraph\">Luego del partido, <b>\u00dabeda <\/b>habl\u00f3 en conferencia de prensa y explic\u00f3 sobre el rendimiento: <b>\u201cHablamos de ser un equipo bien estructurado cuando no tenemos la pelota y tambi\u00e9n cuando la tenemos, aprender a cambiar r\u00e1pido la fase ofensiva y defensiva, ser agresivo para la marca, un poco de todo\u201d<\/b>. Luego, <i>Sif\u00f3n <\/i>analiz\u00f3<i>: <\/i><b>\u201cLo que creo que es importante es que el equipo tuvo personalidad para jugar bajo presi\u00f3n, tuvimos coraje para jugar, inteligencia para saber cu\u00e1ndo no pod\u00edamos jugar y tirarla para jugar en segunda l\u00ednea\u201d<\/b>.<\/p>\n<p class=\"paragraph\">Para terminar, <b>\u00dabeda <\/b>resalt\u00f3 el respaldo de los hinchas y el ambiente generado en cada compromiso fuera de casa, atribuyendo parte del rendimiento del plantel a la confianza interna: <b>\u201cLo importante es que el plantel y los jugadores est\u00e9n bien, que crean en ellos, que tengan m\u00e1s confianza porque tienen mucho potencial como jugadores para dar, mientras el equipo y el grupo est\u00e9 contento, es lo que m\u00e1s ayuda para el futuro\u201d<\/b>. El entrenador valor\u00f3 especialmente la racha positiva de <b>diez partidos sin derrotas sumando todas las competencias<\/b>, subrayando la importancia de generar situaciones para que los delanteros puedan convertir y mantener al equipo en la pelea en todas las competencias.<\/p>\n<p class=\"paragraph\">El <i>Xeneize <\/i>volver\u00e1 a jugar por el<b> Torneo Apertura<\/b> el pr\u00f3ximo s\u00e1bado 11 de abril en<i> La Bombonera<\/i> ante <b>Independiente<\/b>, mientras que por <b>Copa Libertadores <\/b>lo har\u00e1 el martes 14 ante <b>Barcelona de Guayaquil<\/b>, nuevamente como local. El domingo 19 visitar\u00e1 el <i>Monumental <\/i>para enfrentarse a <b>River Plate<\/b> en el <i>Supercl\u00e1sico<\/i>.<\/p>\n<\/div>\n<p><script defer=\"\">try{!function(f,b,e,v,n,t,s) {if(f.fbq)return;n=f.fbq=function(){n.callMethod? n.callMethod.apply(n,arguments):n.queue.push(arguments)}; if(!f._fbq)f._fbq=n;n.push=n;n.loaded=!0;n.version='2.0'; n.queue=[];t=b.createElement(e);t.async=!0; t.src=v;s=b.getElementsByTagName(e)[0]; s.parentNode.insertBefore(t,s)}(window, document,'script', ' fbq('init', '336383993555320'); fbq('track', 'PageView'); fbq('track', 'ViewContent');}catch(error){console.log(\"Error al inicializar facebookPixelRawCodeScript:\",error);}<\/script><\/p>\n","protected":false},"excerpt":{"rendered":"<p>Boca Juniors arranc\u00f3 a paso firme en la Copa Libertadores de Am\u00e9rica con un gran triunfo por 2-1 en Chile ante la Universidad Cat\u00f3lica. El buen rendimiento del equipo que comanda Claudio \u00dabeda despert\u00f3 los elogios de Oscar Ruggeri, quien ponder\u00f3 la actitud del presidente del club, Juan Rom\u00e1n Riquelme, en sostener al t\u00e9cnico que [&hellip;]<\/p>\n","protected":false},"author":2,"featured_media":85452,"comment_status":"","ping_status":"","sticky":false,"template":"","format":"standard","meta":{"footnotes":""},"categories":[2],"tags":[],"_links":{"self":[{"href":"https:\/\/maxradio923.com.ar\/index.php\/wp-json\/wp\/v2\/posts\/85451"}],"collection":[{"href":"https:\/\/maxradio923.com.ar\/index.php\/wp-json\/wp\/v2\/posts"}],"about":[{"href":"https:\/\/maxradio923.com.ar\/index.php\/wp-json\/wp\/v2\/types\/post"}],"author":[{"embeddable":true,"href":"https:\/\/maxradio923.com.ar\/index.php\/wp-json\/wp\/v2\/users\/2"}],"replies":[{"embeddable":true,"href":"https:\/\/maxradio923.com.ar\/index.php\/wp-json\/wp\/v2\/comments?post=85451"}],"version-history":[{"count":0,"href":"https:\/\/maxradio923.com.ar\/index.php\/wp-json\/wp\/v2\/posts\/85451\/revisions"}],"wp:featuredmedia":[{"embeddable":true,"href":"https:\/\/maxradio923.com.ar\/index.php\/wp-json\/wp\/v2\/media\/85452"}],"wp:attachment":[{"href":"https:\/\/maxradio923.com.ar\/index.php\/wp-json\/wp\/v2\/media?parent=85451"}],"wp:term":[{"taxonomy":"category","embeddable":true,"href":"https:\/\/maxradio923.com.ar\/index.php\/wp-json\/wp\/v2\/categories?post=85451"},{"taxonomy":"post_tag","embeddable":true,"href":"https:\/\/maxradio923.com.ar\/index.php\/wp-json\/wp\/v2\/tags?post=85451"}],"curies":[{"name":"wp","href":"https:\/\/api.w.org\/{rel}","templated":true}]}}