{"id":85447,"date":"2026-04-08T15:31:02","date_gmt":"2026-04-08T18:31:02","guid":{"rendered":"https:\/\/maxradio923.com.ar\/index.php\/2026\/04\/08\/netanyahu-advirtio-que-la-tregua-con-el-regimen-de-iran-no-pone-fin-a-la-guerra-seguimos-con-el-dedo-en-el-gatillo\/"},"modified":"2026-04-08T15:31:02","modified_gmt":"2026-04-08T18:31:02","slug":"netanyahu-advirtio-que-la-tregua-con-el-regimen-de-iran-no-pone-fin-a-la-guerra-seguimos-con-el-dedo-en-el-gatillo","status":"publish","type":"post","link":"https:\/\/maxradio923.com.ar\/index.php\/2026\/04\/08\/netanyahu-advirtio-que-la-tregua-con-el-regimen-de-iran-no-pone-fin-a-la-guerra-seguimos-con-el-dedo-en-el-gatillo\/","title":{"rendered":"Netanyahu advirti\u00f3 que la tregua con el r\u00e9gimen de Ir\u00e1n no pone fin a la guerra: \u201cSeguimos con el dedo en el gatillo\u201d"},"content":{"rendered":"<p><\/p>\n<div xmlns:default=\"http:\/\/www.w3.org\/2000\/svg\">\n<div class=\"visual__image image-initial-width\"><picture><source srcset=\"https:\/\/www.infobae.com\/resizer\/v2\/Z7QHP4LXW5DOLDJPJ3ZDXOFZ5E.jpg?auth=e26179474be37f1b4494fca0d51edb50be182fa1364ad8b51a4e6c35f1954f39&amp;smart=true&amp;width=992&amp;height=592&amp;quality=85\" media=\"(min-width: 1000px)\"\/><source srcset=\"https:\/\/www.infobae.com\/resizer\/v2\/Z7QHP4LXW5DOLDJPJ3ZDXOFZ5E.jpg?auth=e26179474be37f1b4494fca0d51edb50be182fa1364ad8b51a4e6c35f1954f39&amp;smart=true&amp;width=768&amp;height=458&amp;quality=85\" media=\"(min-width: 768px)\"\/><source srcset=\"https:\/\/www.infobae.com\/resizer\/v2\/Z7QHP4LXW5DOLDJPJ3ZDXOFZ5E.jpg?auth=e26179474be37f1b4494fca0d51edb50be182fa1364ad8b51a4e6c35f1954f39&amp;smart=true&amp;width=577&amp;height=344&amp;quality=85\" media=\"(min-width: 580px)\"\/><source srcset=\"https:\/\/www.infobae.com\/resizer\/v2\/Z7QHP4LXW5DOLDJPJ3ZDXOFZ5E.jpg?auth=e26179474be37f1b4494fca0d51edb50be182fa1364ad8b51a4e6c35f1954f39&amp;smart=true&amp;width=420&amp;height=250&amp;quality=85\" media=\"(min-width: 350px)\"\/><source srcset=\"https:\/\/www.infobae.com\/resizer\/v2\/Z7QHP4LXW5DOLDJPJ3ZDXOFZ5E.jpg?auth=e26179474be37f1b4494fca0d51edb50be182fa1364ad8b51a4e6c35f1954f39&amp;smart=true&amp;width=350&amp;height=209&amp;quality=85\" media=\"(min-width: 80px)\"\/><img alt=\"Netanyahu advirti\u00f3 que la tregua con el r\u00e9gimen de Ir\u00e1n no pone fin a la guerra: \u201cSeguimos con el dedo en el gatillo\u201d (Europa Press\/Archivo)&#10;\" class=\"global-image\" decoding=\"async\" fetchpriority=\"high\" height=\"1145\" loading=\"eager\" src=\"https:\/\/www.infobae.com\/resizer\/v2\/Z7QHP4LXW5DOLDJPJ3ZDXOFZ5E.jpg?auth=e26179474be37f1b4494fca0d51edb50be182fa1364ad8b51a4e6c35f1954f39&amp;smart=true&amp;width=350&amp;height=209&amp;quality=85\" width=\"1920\"\/><\/picture><figcaption class=\"article-figcaption-img\">Netanyahu advirti\u00f3 que la tregua con el r\u00e9gimen de Ir\u00e1n no pone fin a la guerra: \u201cSeguimos con el dedo en el gatillo\u201d (Europa Press\/Archivo)<br \/>\n<\/figcaption><\/div>\n<p class=\"paragraph\">El primer ministro de Israel, <b>Benjamin Netanyahu<\/b>, asegur\u00f3 este mi\u00e9rcoles que el <b>alto el fuego acordado entre Washington y Teher\u00e1n<\/b> no representa el cierre de la campa\u00f1a militar contra Ir\u00e1n y advirti\u00f3 que su pa\u00eds est\u00e1 preparado para reanudar los ataques en cualquier momento. <\/p>\n<p class=\"paragraph\">\u201c<b>Todav\u00eda nos quedan objetivos por cumplir y los alcanzaremos, ya sea mediante un acuerdo o reanudando los combates<\/b>\u201d, afirm\u00f3 Netanyahu en un mensaje televisado donde remarc\u00f3 que la decisi\u00f3n de Estados Unidos de pactar una tregua con Ir\u00e1n fue plenamente coordinada con Israel. <\/p>\n<p class=\"paragraph\">Seg\u00fan el l\u00edder israel\u00ed, la administraci\u00f3n estadounidense \u201cno nos sorprendi\u00f3 en el \u00faltimo minuto\u201d y la pausa en las hostilidades es solo \u201c<b>una estaci\u00f3n m\u00e1s en el camino hacia la consecuci\u00f3n de todos los objetivos<\/b>\u201d de la campa\u00f1a. <\/p>\n<p class=\"paragraph\">\u201c<b>Seguimos con el dedo en el gatillo. Este no es el final de la campa\u00f1a, sino un paso m\u00e1s para lograr nuestras metas<\/b>\u201d, reiter\u00f3.<\/p>\n<p class=\"paragraph\">El primer ministro tambi\u00e9n subray\u00f3 que Ir\u00e1n llega a las negociaciones en una posici\u00f3n debilitada tras los recientes enfrentamientos. Calific\u00f3 a Teher\u00e1n como \u201cm\u00e1s d\u00e9bil que nunca\u201d y enfatiz\u00f3 que Israel mantiene su fortaleza intacta. <\/p>\n<div class=\"visual__image\"><picture><source srcset=\"https:\/\/www.infobae.com\/resizer\/v2\/IZ2PPLOB55HVZMKQMPBXO73TIE.jpg?auth=64c95821c867064501f1c4d92846ad8764bc99e1427b685884ae81c8a8fb11f2&amp;smart=true&amp;width=992&amp;height=661&amp;quality=85\" media=\"(min-width: 1000px)\"\/><source srcset=\"https:\/\/www.infobae.com\/resizer\/v2\/IZ2PPLOB55HVZMKQMPBXO73TIE.jpg?auth=64c95821c867064501f1c4d92846ad8764bc99e1427b685884ae81c8a8fb11f2&amp;smart=true&amp;width=768&amp;height=512&amp;quality=85\" media=\"(min-width: 768px)\"\/><source srcset=\"https:\/\/www.infobae.com\/resizer\/v2\/IZ2PPLOB55HVZMKQMPBXO73TIE.jpg?auth=64c95821c867064501f1c4d92846ad8764bc99e1427b685884ae81c8a8fb11f2&amp;smart=true&amp;width=577&amp;height=385&amp;quality=85\" media=\"(min-width: 580px)\"\/><source srcset=\"https:\/\/www.infobae.com\/resizer\/v2\/IZ2PPLOB55HVZMKQMPBXO73TIE.jpg?auth=64c95821c867064501f1c4d92846ad8764bc99e1427b685884ae81c8a8fb11f2&amp;smart=true&amp;width=420&amp;height=280&amp;quality=85\" media=\"(min-width: 350px)\"\/><source srcset=\"https:\/\/www.infobae.com\/resizer\/v2\/IZ2PPLOB55HVZMKQMPBXO73TIE.jpg?auth=64c95821c867064501f1c4d92846ad8764bc99e1427b685884ae81c8a8fb11f2&amp;smart=true&amp;width=350&amp;height=233&amp;quality=85\" media=\"(min-width: 80px)\"\/><img alt=\"El primer ministro israel\u00ed asegur\u00f3 que la pausa acordada entre Washington y Teher\u00e1n es solo una etapa y que Israel est\u00e1 preparado para retomar las operaciones militares si lo considera necesario&#10;\" class=\"global-image\" decoding=\"async\" fetchpriority=\"low\" height=\"1280\" loading=\"lazy\" src=\"https:\/\/www.infobae.com\/resizer\/v2\/IZ2PPLOB55HVZMKQMPBXO73TIE.jpg?auth=64c95821c867064501f1c4d92846ad8764bc99e1427b685884ae81c8a8fb11f2&amp;smart=true&amp;width=350&amp;height=233&amp;quality=85\" width=\"1920\"\/><\/picture><figcaption class=\"article-figcaption-img\">El primer ministro israel\u00ed asegur\u00f3 que la pausa acordada entre Washington y Teher\u00e1n es solo una etapa y que Israel est\u00e1 preparado para retomar las operaciones militares si lo considera necesario<br \/>\n<\/figcaption><\/div>\n<p class=\"paragraph\"><b>\u201cIr\u00e1n entra a las conversaciones golpeado y m\u00e1s fr\u00e1gil que nunca, mientras Israel es m\u00e1s fuerte que nunca<\/b>\u201d, declar\u00f3 Netanyahu. Adem\u00e1s, sostuvo que la reapertura del estrecho de Ormuz por parte de Ir\u00e1n se produce despu\u00e9s de que Teher\u00e1n \u201crenunci\u00f3 a todas sus exigencias\u201d, como el levantamiento de sanciones, indemnizaciones, el fin definitivo de la guerra y el cese de los combates en L\u00edbano.<\/p>\n<h2 class=\"header headline-class-h2 headline\" id=\"article-headline la-posicion-de-estados-unidos\">La posici\u00f3n de Estados Unidos<\/h2>\n<p class=\"paragraph\">La Casa Blanca confirm\u00f3 que el presidente Donald Trump enviar\u00e1 al vicepresidente <b>JD Vance <\/b>a Islamabad para encabezar el equipo negociador de Estados Unidos en las conversaciones con representantes iran\u00edes, que comenzar\u00e1n el s\u00e1bado. <\/p>\n<p class=\"paragraph\">La delegaci\u00f3n estar\u00e1 integrada tambi\u00e9n por<b> Steve Witkoff<\/b>, enviado especial, y <b>Jared Kushner<\/b>. <\/p>\n<p class=\"paragraph\">\u201c<b>El presidente enviar\u00e1 a su equipo de negociadores encabezado por el vicepresidente JD Vance, el enviado especial (Steve) Witkoff y el se\u00f1or (Jared) Kushner a Islamabad para conversaciones este fin de semana<\/b>\u201d, se\u00f1al\u00f3 la portavoz Karoline Leavitt durante una conferencia de prensa.<\/p>\n<p class=\"paragraph\">Washington reiter\u00f3 que no aceptar\u00e1 el cierre del estrecho de Ormuz bajo ning\u00fan concepto, calificando la decisi\u00f3n como \u201ctotalmente inaceptable\u201d. <\/p>\n<p class=\"paragraph\">La portavoz Leavitt tambi\u00e9n inform\u00f3 que Estados Unidos mantuvo conversaciones de alto nivel con <b>China <\/b>sobre la situaci\u00f3n en Ir\u00e1n, aunque no dio detalles sobre el contenido de los encuentros diplom\u00e1ticos.<\/p>\n<div class=\"visual__image\"><picture><source srcset=\"https:\/\/www.infobae.com\/resizer\/v2\/6V2LYT4BH5FD3OT2NP7BKH3IJM.JPG?auth=4db20f5f6809f363e433ecb4c56a74fd03b88ebaa5cd6e0163d5558ab69d1ba3&amp;smart=true&amp;width=992&amp;height=662&amp;quality=85\" media=\"(min-width: 1000px)\"\/><source srcset=\"https:\/\/www.infobae.com\/resizer\/v2\/6V2LYT4BH5FD3OT2NP7BKH3IJM.JPG?auth=4db20f5f6809f363e433ecb4c56a74fd03b88ebaa5cd6e0163d5558ab69d1ba3&amp;smart=true&amp;width=768&amp;height=512&amp;quality=85\" media=\"(min-width: 768px)\"\/><source srcset=\"https:\/\/www.infobae.com\/resizer\/v2\/6V2LYT4BH5FD3OT2NP7BKH3IJM.JPG?auth=4db20f5f6809f363e433ecb4c56a74fd03b88ebaa5cd6e0163d5558ab69d1ba3&amp;smart=true&amp;width=577&amp;height=385&amp;quality=85\" media=\"(min-width: 580px)\"\/><source srcset=\"https:\/\/www.infobae.com\/resizer\/v2\/6V2LYT4BH5FD3OT2NP7BKH3IJM.JPG?auth=4db20f5f6809f363e433ecb4c56a74fd03b88ebaa5cd6e0163d5558ab69d1ba3&amp;smart=true&amp;width=420&amp;height=280&amp;quality=85\" media=\"(min-width: 350px)\"\/><source srcset=\"https:\/\/www.infobae.com\/resizer\/v2\/6V2LYT4BH5FD3OT2NP7BKH3IJM.JPG?auth=4db20f5f6809f363e433ecb4c56a74fd03b88ebaa5cd6e0163d5558ab69d1ba3&amp;smart=true&amp;width=350&amp;height=233&amp;quality=85\" media=\"(min-width: 80px)\"\/><img alt=\"La Casa Blanca confirm\u00f3 que el presidente Donald Trump enviar\u00e1 al vicepresidente JD Vance a Islamabad para encabezar el equipo negociador de Estados Unidos en las conversaciones con representantes iran\u00edes (REUTERS\/Evelyn Hockstein)\" class=\"global-image\" decoding=\"async\" fetchpriority=\"low\" height=\"2013\" loading=\"lazy\" src=\"https:\/\/www.infobae.com\/resizer\/v2\/6V2LYT4BH5FD3OT2NP7BKH3IJM.JPG?auth=4db20f5f6809f363e433ecb4c56a74fd03b88ebaa5cd6e0163d5558ab69d1ba3&amp;smart=true&amp;width=350&amp;height=233&amp;quality=85\" width=\"3018\"\/><\/picture><figcaption class=\"article-figcaption-img\">La Casa Blanca confirm\u00f3 que el presidente Donald Trump enviar\u00e1 al vicepresidente JD Vance a Islamabad para encabezar el equipo negociador de Estados Unidos en las conversaciones con representantes iran\u00edes (REUTERS\/Evelyn Hockstein)<\/figcaption><\/div>\n<p class=\"paragraph\">El presidente Trump, adem\u00e1s, deslig\u00f3 los ataques israel\u00edes en el L\u00edbano de la tregua con Ir\u00e1n. <\/p>\n<p class=\"paragraph\">\u201cLa ofensiva de Israel contra Hezbollah en L\u00edbano es una escaramuza separada\u201d, sostuvo el mandatario, aclarando que esos enfrentamientos no est\u00e1n incluidos en el cese al fuego de dos semanas pactado con Teher\u00e1n.<\/p>\n<h2 class=\"header headline-class-h2 headline\" id=\"article-headline iran-pide-respeto-al-alto-el-fuego\">Ir\u00e1n pide respeto al alto el fuego<\/h2>\n<p class=\"paragraph\">La posici\u00f3n iran\u00ed fue expresada por el ministro de Exteriores, <b>Abbas Araghchi<\/b>, quien declar\u00f3 que <b>Estados Unidos \u201cdebe elegir entre el alto el fuego o continuar la guerra a trav\u00e9s de Israel. No puede tener ambos\u201d<\/b>. <\/p>\n<p class=\"paragraph\"><b>Araghchi<\/b> insisti\u00f3 en que los t\u00e9rminos del alto el fuego entre Ir\u00e1n y Estados Unidos \u201cson claros\u201d y subray\u00f3 que la comunidad internacional observa atentamente si Washington cumplir\u00e1 sus compromisos. Denunci\u00f3 los bombardeos israel\u00edes sobre L\u00edbano, que han causado m\u00e1s de 250 muertos y m\u00e1s de mil heridos, y se\u00f1al\u00f3 que \u201cel mundo ve la masacre en L\u00edbano\u201d.<\/p>\n<p class=\"paragraph\">El acuerdo de tregua fue anunciado tras mediaci\u00f3n de Pakist\u00e1n y comprende dos semanas de negociaciones para buscar el fin de un conflicto iniciado el 28 de febrero. Ir\u00e1n sostiene que el cese al fuego debe ser total, incluyendo a todos los escenarios de combate, como L\u00edbano. <\/p>\n<p class=\"paragraph\">\u201cLa pelota est\u00e1 en el tejado de Estados Unidos y el mundo est\u00e1 pendiente\u201d, afirm\u00f3 Araghchi.<\/p>\n<div class=\"visual__image\"><picture><source srcset=\"https:\/\/www.infobae.com\/resizer\/v2\/ARRTDU3Z6NF2NF3KWEGDIXV6T4.JPG?auth=8ce181785ef74a1a49dbe4e9eca1ebacecba12fab38b068bf8930f03fec4de6a&amp;smart=true&amp;width=992&amp;height=663&amp;quality=85\" media=\"(min-width: 1000px)\"\/><source srcset=\"https:\/\/www.infobae.com\/resizer\/v2\/ARRTDU3Z6NF2NF3KWEGDIXV6T4.JPG?auth=8ce181785ef74a1a49dbe4e9eca1ebacecba12fab38b068bf8930f03fec4de6a&amp;smart=true&amp;width=768&amp;height=513&amp;quality=85\" media=\"(min-width: 768px)\"\/><source srcset=\"https:\/\/www.infobae.com\/resizer\/v2\/ARRTDU3Z6NF2NF3KWEGDIXV6T4.JPG?auth=8ce181785ef74a1a49dbe4e9eca1ebacecba12fab38b068bf8930f03fec4de6a&amp;smart=true&amp;width=577&amp;height=385&amp;quality=85\" media=\"(min-width: 580px)\"\/><source srcset=\"https:\/\/www.infobae.com\/resizer\/v2\/ARRTDU3Z6NF2NF3KWEGDIXV6T4.JPG?auth=8ce181785ef74a1a49dbe4e9eca1ebacecba12fab38b068bf8930f03fec4de6a&amp;smart=true&amp;width=420&amp;height=281&amp;quality=85\" media=\"(min-width: 350px)\"\/><source srcset=\"https:\/\/www.infobae.com\/resizer\/v2\/ARRTDU3Z6NF2NF3KWEGDIXV6T4.JPG?auth=8ce181785ef74a1a49dbe4e9eca1ebacecba12fab38b068bf8930f03fec4de6a&amp;smart=true&amp;width=350&amp;height=234&amp;quality=85\" media=\"(min-width: 80px)\"\/><img alt=\"El ministro de Exteriores de Ir\u00e1n, Abbas Araghchi, dijo que Estados Unidos \u201cdebe elegir entre el alto el fuego o continuar la guerra a trav\u00e9s de Israel. No puede tener ambos\u201d (REUTERS\/Pierre Albouy)\" class=\"global-image\" decoding=\"async\" fetchpriority=\"low\" height=\"2672\" loading=\"lazy\" src=\"https:\/\/www.infobae.com\/resizer\/v2\/ARRTDU3Z6NF2NF3KWEGDIXV6T4.JPG?auth=8ce181785ef74a1a49dbe4e9eca1ebacecba12fab38b068bf8930f03fec4de6a&amp;smart=true&amp;width=350&amp;height=234&amp;quality=85\" width=\"4000\"\/><\/picture><figcaption class=\"article-figcaption-img\">El ministro de Exteriores de Ir\u00e1n, Abbas Araghchi, dijo que Estados Unidos \u201cdebe elegir entre el alto el fuego o continuar la guerra a trav\u00e9s de Israel. No puede tener ambos\u201d (REUTERS\/Pierre Albouy)<\/figcaption><\/div>\n<p class=\"paragraph\">Los <b>Guardianes de la Revoluci\u00f3n iran\u00edes<\/b> amenazaron a Estados Unidos y a Israel si contin\u00faan los ataques en L\u00edbano. <\/p>\n<p class=\"paragraph\">\u201cEnviamos una fuerte advertencia a Estados Unidos, que viola tratados, y a su aliado sionista, su ejecutor: si la agresi\u00f3n contra el querido L\u00edbano no cesa inmediatamente, cumpliremos con nuestro deber y daremos una respuesta\u201d, se\u00f1alaron en un comunicado difundido por la televisi\u00f3n estatal iran\u00ed.<\/p>\n<p class=\"paragraph\"><i>(Con informaci\u00f3n de AFP y EFE)<\/i><\/p>\n<\/div>\n<p><script defer=\"\">try{!function(f,b,e,v,n,t,s) {if(f.fbq)return;n=f.fbq=function(){n.callMethod? n.callMethod.apply(n,arguments):n.queue.push(arguments)}; if(!f._fbq)f._fbq=n;n.push=n;n.loaded=!0;n.version='2.0'; n.queue=[];t=b.createElement(e);t.async=!0; t.src=v;s=b.getElementsByTagName(e)[0]; s.parentNode.insertBefore(t,s)}(window, document,'script', ' fbq('init', '336383993555320'); fbq('track', 'PageView'); fbq('track', 'ViewContent');}catch(error){console.log(\"Error al inicializar facebookPixelRawCodeScript:\",error);}<\/script><\/p>\n","protected":false},"excerpt":{"rendered":"<p>Netanyahu advirti\u00f3 que la tregua con el r\u00e9gimen de Ir\u00e1n no pone fin a la guerra: \u201cSeguimos con el dedo en el gatillo\u201d (Europa Press\/Archivo) El primer ministro de Israel, Benjamin Netanyahu, asegur\u00f3 este mi\u00e9rcoles que el alto el fuego acordado entre Washington y Teher\u00e1n no representa el cierre de la campa\u00f1a militar contra Ir\u00e1n [&hellip;]<\/p>\n","protected":false},"author":2,"featured_media":85448,"comment_status":"","ping_status":"","sticky":false,"template":"","format":"standard","meta":{"footnotes":""},"categories":[3],"tags":[],"_links":{"self":[{"href":"https:\/\/maxradio923.com.ar\/index.php\/wp-json\/wp\/v2\/posts\/85447"}],"collection":[{"href":"https:\/\/maxradio923.com.ar\/index.php\/wp-json\/wp\/v2\/posts"}],"about":[{"href":"https:\/\/maxradio923.com.ar\/index.php\/wp-json\/wp\/v2\/types\/post"}],"author":[{"embeddable":true,"href":"https:\/\/maxradio923.com.ar\/index.php\/wp-json\/wp\/v2\/users\/2"}],"replies":[{"embeddable":true,"href":"https:\/\/maxradio923.com.ar\/index.php\/wp-json\/wp\/v2\/comments?post=85447"}],"version-history":[{"count":0,"href":"https:\/\/maxradio923.com.ar\/index.php\/wp-json\/wp\/v2\/posts\/85447\/revisions"}],"wp:featuredmedia":[{"embeddable":true,"href":"https:\/\/maxradio923.com.ar\/index.php\/wp-json\/wp\/v2\/media\/85448"}],"wp:attachment":[{"href":"https:\/\/maxradio923.com.ar\/index.php\/wp-json\/wp\/v2\/media?parent=85447"}],"wp:term":[{"taxonomy":"category","embeddable":true,"href":"https:\/\/maxradio923.com.ar\/index.php\/wp-json\/wp\/v2\/categories?post=85447"},{"taxonomy":"post_tag","embeddable":true,"href":"https:\/\/maxradio923.com.ar\/index.php\/wp-json\/wp\/v2\/tags?post=85447"}],"curies":[{"name":"wp","href":"https:\/\/api.w.org\/{rel}","templated":true}]}}