{"id":85445,"date":"2026-04-08T15:27:03","date_gmt":"2026-04-08T18:27:03","guid":{"rendered":"https:\/\/maxradio923.com.ar\/index.php\/2026\/04\/08\/la-revolucion-de-astor-piazzolla-el-encuentro-con-gardel-que-le-cambio-la-vida-sus-anos-con-troilo-y-su-mito\/"},"modified":"2026-04-08T15:27:03","modified_gmt":"2026-04-08T18:27:03","slug":"la-revolucion-de-astor-piazzolla-el-encuentro-con-gardel-que-le-cambio-la-vida-sus-anos-con-troilo-y-su-mito","status":"publish","type":"post","link":"https:\/\/maxradio923.com.ar\/index.php\/2026\/04\/08\/la-revolucion-de-astor-piazzolla-el-encuentro-con-gardel-que-le-cambio-la-vida-sus-anos-con-troilo-y-su-mito\/","title":{"rendered":"La \u201crevoluci\u00f3n\u201d de \u00c1stor Piazzolla: el encuentro con Gardel que le cambi\u00f3 la vida, sus a\u00f1os con Troilo y su mito"},"content":{"rendered":"<p><\/p>\n<div>\n<p class=\"com-paragraph  --capital --s\">La herencia italiana de <strong>\u00c1stor Piazzolla<\/strong>. El nacimiento en Mar del Plata, la ciudad que lo marc\u00f3 para siempre. Sus padres y sus noninos. Sus viajes de ida y vuelta y sus estad\u00edas infantiles en el Little Italy de <strong>Nueva York<\/strong> donde hizo sus primeros pasos con la m\u00fasica y con el bandone\u00f3n. Esa pierna defectuosa con la que naci\u00f3 y que lo tuvo a maltraer durante una parte de su vida. Su acercamiento a <strong>Carlos Gardel<\/strong>, justamente en Manhattan, con aquella estatuilla que hab\u00eda hecho su padre para entregarle al cantor. Esa relaci\u00f3n con el Morocho que se hizo m\u00e1s cercana como que hasta lleg\u00f3 a invitarlo a participar en su pel\u00edcula <em>El d\u00eda que me quieras<\/em> y a girar luego con \u00e9l por Centroam\u00e9rica (afortunadamente para \u00c1stor, sus padres no lo autorizaron, porque si no hubiera muerto junto a Carlitos en aquel espantoso accidente a\u00e9reo de Medell\u00edn). <\/p>\n<p class=\"com-paragraph   --s\">Sus luchas internas por ser un m\u00fasico cl\u00e1sico y trabajar desde el piano en obras de c\u00e1mara y sinf\u00f3nica. Su pelea personal juvenil con el tango y con el bandone\u00f3n. Su idolatr\u00eda y posterior amistad con <strong>An\u00edbal Troilo<\/strong>, con quien trabaj\u00f3 como m\u00fasico de su orquesta y como arreglador algo atrevido. Sus amores, sus mujeres, su familia. Sus clases con <strong>Alberto Ginastera<\/strong> y su \u201crevelaci\u00f3n\u201d final como el gran m\u00fasico popular que fue despu\u00e9s de la beca que gan\u00f3 para estudiar con <strong>Nadia Boulanger<\/strong> en Par\u00eds y los consejos de esa maestra. Sus peleas para hacerse paso en el mundo de un tango que lo ve\u00eda a la vez con antipat\u00eda, desconfianza, admiraci\u00f3n, envidia y respeto (\u201cNos hizo estudiar a todos\u201d, dijo alguna vez <strong>Osvaldo Pugliese<\/strong>). Sus quintetos, sus dos octetos (ambos innovadores, aunque diferentes), su noneto, aquella orquesta t\u00edpica del 46 posterior a Troilo, sus composiciones cl\u00e1sicas, su amor por Bach y por ciertas expresiones del jazz, su relaci\u00f3n y sus registros con Gerry Mulligan, Gary Barton, Milva, Pichuco, Pugliese, Roberto Goyeneche, Amelita Baltar, Horacio Ferrer y tantos m\u00e1s, como con los grandes m\u00fasicos que pasaron por sus conjuntos. Su operita \u201cMar\u00eda de Buenos Aires\u201d, que le cost\u00f3 sudor y l\u00e1grimas en su momento y qued\u00f3 en la historia del siglo XX como uno de sus mayores hitos. Su abundante trabajo como musicalizador para el cine.<\/p>\n<div class=\"content-media\">\n<section role=\"button\" class=\"mod-media   \">\n<figure role=\"button\" tabindex=\"0\" class=\"mod-figure \"><figcaption class=\"mod-figcaption\"><span class=\"com-text --caption --twoxs\">Imagen de la pel\u00edcula El d\u00eda que me quieras, con Carlos Gardel y Tito Lusiardo y el peque\u00f1o \u00c1stor como canillita<\/span><\/figcaption><\/figure>\n<\/section>\n<\/div>\n<p class=\"com-paragraph   --s\">De todas esas cosas y de unas cu\u00e1ntas m\u00e1s habla <em><strong>\u00c1stor Piazzolla. M\u00fasica en estado de revoluci\u00f3n<\/strong><\/em>, el libro que edit\u00f3 <strong>Editorial Planeta<\/strong> con la firma de <strong>Marcelo Gobello<\/strong>, escritor, periodista colaborador de <strong>LA NACION<\/strong> y estudioso por d\u00e9cadas de la m\u00fasica y la vida del marplatense. A esta altura de la historia, cuando pasaron 115 a\u00f1os de su nacimiento y casi 34 de su prematura muerte en Buenos Aires, despu\u00e9s de una trombosis que se le produjo viviendo en Par\u00eds, hay mucho escrito sobre este artista enorme. Su figura, su m\u00fasica, su nombre est\u00e1n presentes en las carteleras y los programas de todo tipo de artistas, de un modo que Piazzolla jam\u00e1s hubiera imaginado. Y se fueron tambi\u00e9n acumulando libros, art\u00edculos, estudios y hasta congresos sobre su vida y su obra. <\/p>\n<p class=\"com-paragraph   --s\">Escritores e investigadores como Carlos Kuri, Mar\u00eda Susana Azzi, Omar Garc\u00eda Brunelli, Diego Fisherman y Natalio Gor\u00edn hicieron aportes fundamentales que se suman a lo hecho por <strong>Diana y Daniel Piazzolla<\/strong>, sus dos \u00fanicos hijos, u <strong>Oscar L\u00f3pez Ruiz<\/strong>, quien fuera su guitarrista en varios momentos. Con todo eso sobre su espalda, Gobello supo construir un libro diferente, con much\u00edsima informaci\u00f3n, con mucho de propia cosecha, con un lenguaje llano que apunta por igual a m\u00fasicos, music\u00f3logos o p\u00fablico en general. Y lo hizo desde su oficio y profesionalidad, pero sin esconder jam\u00e1s la admiraci\u00f3n infinita que tiene por el bandoneonista. <\/p>\n<p class=\"com-paragraph   --s\">Gobello no es precisamente un debutante en estas lides. Su curr\u00edculum, adem\u00e1s de su labor cotidiana como periodista gr\u00e1fico, difusor radial, gestor cultural con algunos cargos muy importantes o miembro de la Academia Porte\u00f1a del Lunfardo, da cuenta de una treintena de libros anteriores sobre distintos aspectos del rock, del tango y de otras m\u00fasicas; y varios de ellos con ediciones internacionales en Europa o los Estados Unidos. Pero sin dudas, con este trabajo alcanza uno de los momentos m\u00e1s altos de su historia profesional.<\/p>\n<div class=\"content-media\">\n<section role=\"button\" class=\"mod-media   \">\n<figure role=\"button\" tabindex=\"0\" class=\"mod-figure \"><figcaption class=\"mod-figcaption\"><span class=\"com-text --caption --twoxs\">Daniel y Astor Piazzolla en Nueva York<\/span><\/figcaption><\/figure>\n<\/section>\n<\/div>\n<p class=\"com-paragraph   --s\">Como valiosos bonus tracks, el libro ofrece la posibilidad de acceder a una selecci\u00f3n de m\u00fasicas de distintos momentos de Piazzolla, una entrevista al m\u00fasico realizada por Juan Carlos Licastro en 1976 que debi\u00f3 escucharse en Radio Municipal -y no pudo ser porque la radio fue intervenida por la dictadura militar-, unas palabras iniciales del guitarrista norteamericano Al Di Meola y de la \u00faltima esposa de \u00c1stor, Laura Escalada, y un texto de Daniel Piazzolla, el hijo menor que falleci\u00f3 hace muy poco tiempo.<\/p>\n<p class=\"com-paragraph   --s\"><em>\u00c1stor Piazzolla. M\u00fasica en estado de revoluci\u00f3n<\/em> es un libro imprescindible para cualquiera que quiera saber m\u00e1s y m\u00e1s profundamente sobre la vida y la obra de ese artista \u00fanico. Y tiene una maravillosa cualidad: puede ser interesante por igual para quienes ya han visitado otros libros anteriores o para quienes jam\u00e1s hayan ingresado en una biograf\u00eda fascinante. Puerta de entrada a Piazzolla o broche de oro para acomodar datos que pueden andar dispersos. Un trabajo necesario.<\/p>\n<section class=\"container-center-100 mb-40 border border-bottom border-thin border-neutral-light-700\">\n<hr\/>\n<\/section>\n<\/div>\n","protected":false},"excerpt":{"rendered":"<p>La herencia italiana de \u00c1stor Piazzolla. El nacimiento en Mar del Plata, la ciudad que lo marc\u00f3 para siempre. Sus padres y sus noninos. Sus viajes de ida y vuelta y sus estad\u00edas infantiles en el Little Italy de Nueva York donde hizo sus primeros pasos con la m\u00fasica y con el bandone\u00f3n. Esa pierna [&hellip;]<\/p>\n","protected":false},"author":2,"featured_media":85446,"comment_status":"","ping_status":"","sticky":false,"template":"","format":"standard","meta":{"footnotes":""},"categories":[14],"tags":[],"_links":{"self":[{"href":"https:\/\/maxradio923.com.ar\/index.php\/wp-json\/wp\/v2\/posts\/85445"}],"collection":[{"href":"https:\/\/maxradio923.com.ar\/index.php\/wp-json\/wp\/v2\/posts"}],"about":[{"href":"https:\/\/maxradio923.com.ar\/index.php\/wp-json\/wp\/v2\/types\/post"}],"author":[{"embeddable":true,"href":"https:\/\/maxradio923.com.ar\/index.php\/wp-json\/wp\/v2\/users\/2"}],"replies":[{"embeddable":true,"href":"https:\/\/maxradio923.com.ar\/index.php\/wp-json\/wp\/v2\/comments?post=85445"}],"version-history":[{"count":0,"href":"https:\/\/maxradio923.com.ar\/index.php\/wp-json\/wp\/v2\/posts\/85445\/revisions"}],"wp:featuredmedia":[{"embeddable":true,"href":"https:\/\/maxradio923.com.ar\/index.php\/wp-json\/wp\/v2\/media\/85446"}],"wp:attachment":[{"href":"https:\/\/maxradio923.com.ar\/index.php\/wp-json\/wp\/v2\/media?parent=85445"}],"wp:term":[{"taxonomy":"category","embeddable":true,"href":"https:\/\/maxradio923.com.ar\/index.php\/wp-json\/wp\/v2\/categories?post=85445"},{"taxonomy":"post_tag","embeddable":true,"href":"https:\/\/maxradio923.com.ar\/index.php\/wp-json\/wp\/v2\/tags?post=85445"}],"curies":[{"name":"wp","href":"https:\/\/api.w.org\/{rel}","templated":true}]}}