{"id":85443,"date":"2026-04-08T15:26:08","date_gmt":"2026-04-08T18:26:08","guid":{"rendered":"https:\/\/maxradio923.com.ar\/index.php\/2026\/04\/08\/la-escribana-declaro-que-adorni-le-compro-el-departamento-de-caballito-a-las-jubiladas-en-12-cuotas-sin-interes\/"},"modified":"2026-04-08T15:26:08","modified_gmt":"2026-04-08T18:26:08","slug":"la-escribana-declaro-que-adorni-le-compro-el-departamento-de-caballito-a-las-jubiladas-en-12-cuotas-sin-interes","status":"publish","type":"post","link":"https:\/\/maxradio923.com.ar\/index.php\/2026\/04\/08\/la-escribana-declaro-que-adorni-le-compro-el-departamento-de-caballito-a-las-jubiladas-en-12-cuotas-sin-interes\/","title":{"rendered":"La escribana declar\u00f3 que Adorni le compr\u00f3 el departamento de Caballito a las jubiladas en 12 cuotas sin inter\u00e9s"},"content":{"rendered":"<p><\/p>\n<h2 class=\"article-subheadline text_align_left\">Le cobraron un adelanto y pactaron un financiamiento a un a\u00f1o. Hizo una operaci\u00f3n similar con la propiedad de Parque Chacabuco. El juez Lijo orden\u00f3 allanar la inmobiliaria que vendi\u00f3 la propiedad <\/h2>\n<p><\/p>\n<p class=\"paragraph\">La escribana <b>Adriana M\u00f3nica Nechevenko <\/b>declar\u00f3 como testigo este mi\u00e9rcoles ante el fiscal federal <b>Gerardo Pollicita <\/b>y revel\u00f3 que el jefe de Gabinete, <b>Manuel Adorni, <\/b>compr\u00f3 su departamento del barrio porte\u00f1o de Caballito con <b>un adelanto de 30.000 d\u00f3lares y otros 200.000 financiados en 12 cuotas sin inter\u00e9s.<\/b><\/p>\n<p><\/p>\n<p class=\"paragraph\">Adem\u00e1s, el fiscal Pollicita le pidi\u00f3 acceder a conversaciones de su celular que pudieran ser de inter\u00e9s para la causa. <b>La escribana dijo que no lo ten\u00eda.<\/b><\/p>\n<p><\/p>\n<p class=\"paragraph\">Nechevenko tambi\u00e9n escritur\u00f3 el departamento que el jefe de Gabinete tiene sobre la calle Asamblea. <b>Y en esa transacci\u00f3n volvi\u00f3 a repetirse una operatoria similar, <\/b>seg\u00fan reconoci\u00f3 la testigo. <\/p>\n<p><\/p>\n<p class=\"paragraph\">En ese caso, Adorni accedi\u00f3 a <b>un financiamiento de 100.000 d\u00f3lares<\/b> de parte de la comisario retirada de la polic\u00eda <b>Graciela Isabel Molina <\/b>y de su hija, tambi\u00e9n uniformada, <b>Victoria Cancio<\/b>. <\/p>\n<p><\/p>\n<p class=\"paragraph\">Molina es acreedora del 85% del cr\u00e9dito y Cancio del 15%. La devoluci\u00f3n se pact\u00f3 en 24 cuotas, con un inter\u00e9s del 11%, seg\u00fan indic\u00f3 la escribana a la Justicia. <\/p>\n<p><\/p>\n<p class=\"paragraph\"><i>Noticia en desarrollo<\/i><i><b> <\/b><\/i><\/p>\n","protected":false},"excerpt":{"rendered":"<p>Le cobraron un adelanto y pactaron un financiamiento a un a\u00f1o. Hizo una operaci\u00f3n similar con la propiedad de Parque Chacabuco. El juez Lijo orden\u00f3 allanar la inmobiliaria que vendi\u00f3 la propiedad La escribana Adriana M\u00f3nica Nechevenko declar\u00f3 como testigo este mi\u00e9rcoles ante el fiscal federal Gerardo Pollicita y revel\u00f3 que el jefe de Gabinete, [&hellip;]<\/p>\n","protected":false},"author":2,"featured_media":85444,"comment_status":"","ping_status":"","sticky":false,"template":"","format":"standard","meta":{"footnotes":""},"categories":[12],"tags":[],"_links":{"self":[{"href":"https:\/\/maxradio923.com.ar\/index.php\/wp-json\/wp\/v2\/posts\/85443"}],"collection":[{"href":"https:\/\/maxradio923.com.ar\/index.php\/wp-json\/wp\/v2\/posts"}],"about":[{"href":"https:\/\/maxradio923.com.ar\/index.php\/wp-json\/wp\/v2\/types\/post"}],"author":[{"embeddable":true,"href":"https:\/\/maxradio923.com.ar\/index.php\/wp-json\/wp\/v2\/users\/2"}],"replies":[{"embeddable":true,"href":"https:\/\/maxradio923.com.ar\/index.php\/wp-json\/wp\/v2\/comments?post=85443"}],"version-history":[{"count":0,"href":"https:\/\/maxradio923.com.ar\/index.php\/wp-json\/wp\/v2\/posts\/85443\/revisions"}],"wp:featuredmedia":[{"embeddable":true,"href":"https:\/\/maxradio923.com.ar\/index.php\/wp-json\/wp\/v2\/media\/85444"}],"wp:attachment":[{"href":"https:\/\/maxradio923.com.ar\/index.php\/wp-json\/wp\/v2\/media?parent=85443"}],"wp:term":[{"taxonomy":"category","embeddable":true,"href":"https:\/\/maxradio923.com.ar\/index.php\/wp-json\/wp\/v2\/categories?post=85443"},{"taxonomy":"post_tag","embeddable":true,"href":"https:\/\/maxradio923.com.ar\/index.php\/wp-json\/wp\/v2\/tags?post=85443"}],"curies":[{"name":"wp","href":"https:\/\/api.w.org\/{rel}","templated":true}]}}