{"id":85441,"date":"2026-04-08T15:09:02","date_gmt":"2026-04-08T18:09:02","guid":{"rendered":"https:\/\/maxradio923.com.ar\/index.php\/2026\/04\/08\/el-emotivo-mensaje-de-maria-becerra-para-el-padre-de-una-fanatica-que-se-volvio-viral\/"},"modified":"2026-04-08T15:09:02","modified_gmt":"2026-04-08T18:09:02","slug":"el-emotivo-mensaje-de-maria-becerra-para-el-padre-de-una-fanatica-que-se-volvio-viral","status":"publish","type":"post","link":"https:\/\/maxradio923.com.ar\/index.php\/2026\/04\/08\/el-emotivo-mensaje-de-maria-becerra-para-el-padre-de-una-fanatica-que-se-volvio-viral\/","title":{"rendered":"El emotivo mensaje de Mar\u00eda Becerra para el padre de una fan\u00e1tica que se volvi\u00f3 viral"},"content":{"rendered":"<p><\/p>\n<h2 class=\"article-subheadline text_align_left\">La cantante se conmovi\u00f3 con el comentario de una seguidora y su reacci\u00f3n emocion\u00f3 a todos en las redes<\/h2>\n<p><\/p>\n<p class=\"paragraph\">En medio del revuelo medi\u00e1tico por su enfrentamiento con <b>Emilia Mernes<\/b>, <b>Mar\u00eda Becerra<\/b> volvi\u00f3 a captar la atenci\u00f3n de las redes sociales, pero esta vez por un motivo completamente distinto. La cantante fue protagonista de un emotivo video que se viraliz\u00f3 r\u00e1pidamente y que la muestra dejando de lado cualquier pol\u00e9mica <b>para conectar desde la empat\u00eda y la ternura con una fan y su familia<\/b>, recordando que el v\u00ednculo con sus seguidores es uno de sus sellos m\u00e1s valorados.<\/p>\n<p><\/p>\n<p class=\"paragraph\">El gesto de Becerra no tard\u00f3 en viralizarse y cosechar miles de reacciones y comentarios positivos, que destacaron su humildad, su empat\u00eda y la capacidad de conectar con personas de diferentes realidades. Muchos usuarios celebraron que, m\u00e1s all\u00e1 de la exposici\u00f3n y los conflictos medi\u00e1ticos, la cantante de \u201cAutom\u00e1tico\u201d siga eligiendo acercarse a la gente y transformar un encuentro casual en un momento inolvidable.<\/p>\n<p><\/p>\n<p class=\"paragraph\">Casi un mes pas\u00f3 desde que <b>Tini Stoessel<\/b> y la quilme\u00f1a dejaron de seguir en redes sociales a Mernes, desatando un esc\u00e1ndalo en la escena popstar que no encontr\u00f3 resoluci\u00f3n. Versiones cruzadas, especulaciones y el silencio absoluto de las protagonistas dominaron los d\u00edas posteriores, profundizando el quiebre en la relaci\u00f3n entre las referentes del g\u00e9nero.<\/p>\n<p><\/p>\n<p class=\"paragraph\">Tras varios d\u00edas de incertidumbre, fue Emilia quien decidi\u00f3 romper el silencio y comparti\u00f3 un comunicado en sus redes sociales, buscando poner palabras a la situaci\u00f3n y aclarar su postura frente a la pol\u00e9mica. A los pocos minutos del mensaje que dej\u00f3 la de Nogoy\u00e1, Becerra comparti\u00f3 un video en sus redes sociales que dej\u00f3 en claro su postura ante la situaci\u00f3n.<\/p>\n<p><\/p>\n<p class=\"paragraph\">En ese video, la cantante de \u201cCoraz\u00f3n Vac\u00edo\u201d apost\u00f3 a un look urbano y de tendencia: llev\u00f3 un buzo ajustado que simulaba la estructura de un corpi\u00f1o con corset, combinado con un pantal\u00f3n ancho camuflado adornado con detalles de brillos y una gorra a tono, que complet\u00f3 la paleta elegida.<\/p>\n<p><\/p>\n<p class=\"paragraph\">Con ese outfit, la cantante se sum\u00f3 al trend de la nueva canci\u00f3n que iba a lanzar en los d\u00edas siguientes, mostrando que su foco estaba puesto en la m\u00fasica y su carrera. El gesto marc\u00f3 distancia del esc\u00e1ndalo reciente, dejando en claro que las pol\u00e9micas no ocuparon sus prioridades en ese momento. <\/p>\n","protected":false},"excerpt":{"rendered":"<p>La cantante se conmovi\u00f3 con el comentario de una seguidora y su reacci\u00f3n emocion\u00f3 a todos en las redes En medio del revuelo medi\u00e1tico por su enfrentamiento con Emilia Mernes, Mar\u00eda Becerra volvi\u00f3 a captar la atenci\u00f3n de las redes sociales, pero esta vez por un motivo completamente distinto. La cantante fue protagonista de un [&hellip;]<\/p>\n","protected":false},"author":2,"featured_media":85442,"comment_status":"","ping_status":"","sticky":false,"template":"","format":"standard","meta":{"footnotes":""},"categories":[12],"tags":[],"_links":{"self":[{"href":"https:\/\/maxradio923.com.ar\/index.php\/wp-json\/wp\/v2\/posts\/85441"}],"collection":[{"href":"https:\/\/maxradio923.com.ar\/index.php\/wp-json\/wp\/v2\/posts"}],"about":[{"href":"https:\/\/maxradio923.com.ar\/index.php\/wp-json\/wp\/v2\/types\/post"}],"author":[{"embeddable":true,"href":"https:\/\/maxradio923.com.ar\/index.php\/wp-json\/wp\/v2\/users\/2"}],"replies":[{"embeddable":true,"href":"https:\/\/maxradio923.com.ar\/index.php\/wp-json\/wp\/v2\/comments?post=85441"}],"version-history":[{"count":0,"href":"https:\/\/maxradio923.com.ar\/index.php\/wp-json\/wp\/v2\/posts\/85441\/revisions"}],"wp:featuredmedia":[{"embeddable":true,"href":"https:\/\/maxradio923.com.ar\/index.php\/wp-json\/wp\/v2\/media\/85442"}],"wp:attachment":[{"href":"https:\/\/maxradio923.com.ar\/index.php\/wp-json\/wp\/v2\/media?parent=85441"}],"wp:term":[{"taxonomy":"category","embeddable":true,"href":"https:\/\/maxradio923.com.ar\/index.php\/wp-json\/wp\/v2\/categories?post=85441"},{"taxonomy":"post_tag","embeddable":true,"href":"https:\/\/maxradio923.com.ar\/index.php\/wp-json\/wp\/v2\/tags?post=85441"}],"curies":[{"name":"wp","href":"https:\/\/api.w.org\/{rel}","templated":true}]}}