{"id":85439,"date":"2026-04-08T15:06:07","date_gmt":"2026-04-08T18:06:07","guid":{"rendered":"https:\/\/maxradio923.com.ar\/index.php\/2026\/04\/08\/la-acida-respuesta-del-presidente-del-atletico-de-madrid-sobre-el-futuro-de-julian-alvarez-yo-soy-dios\/"},"modified":"2026-04-08T15:06:07","modified_gmt":"2026-04-08T18:06:07","slug":"la-acida-respuesta-del-presidente-del-atletico-de-madrid-sobre-el-futuro-de-julian-alvarez-yo-soy-dios","status":"publish","type":"post","link":"https:\/\/maxradio923.com.ar\/index.php\/2026\/04\/08\/la-acida-respuesta-del-presidente-del-atletico-de-madrid-sobre-el-futuro-de-julian-alvarez-yo-soy-dios\/","title":{"rendered":"La \u00e1cida respuesta del presidente del Atl\u00e9tico de Madrid sobre el futuro de Juli\u00e1n \u00c1lvarez: \u201cYo soy Dios\u201d"},"content":{"rendered":"<p><\/p>\n<div xmlns:default=\"http:\/\/www.w3.org\/2000\/svg\">\n<div class=\"jwplayer-ctn\"><figcaption class=\"jwplayer-figcaption\">La tajante postura del presidente del Atl\u00e9tico de Madrid sobre el futuro de Juli\u00e1n \u00c1lvarez<\/figcaption><\/div>\n<p class=\"paragraph\">El presidente de Atl\u00e9tico de Madrid, <b>Enrique Cerezo, defendi\u00f3 este mi\u00e9rcoles la permanencia de Juli\u00e1n \u00c1lvarez en el club rojiblanco.<\/b> En una rueda de prensa previa al partido de ida por los cuartos de final de la Liga de Campeones entre Barcelona y Atl\u00e9tico de Madrid, el dirigente respondi\u00f3 a la insistencia sobre una posible transferencia del delantero argentino al conjunto catal\u00e1n durante el pr\u00f3ximo mercado de pases. El mandatario asegur\u00f3 que <b>\u201chasta que no le diga que se marche, \u00e9l no se va a marchar\u201d<\/b>.<\/p>\n<p class=\"paragraph\">Durante el tradicional almuerzo de directivas realizado en la antesala del encuentro en el Camp Nou, varios periodistas interrogaron al presidente sobre el futuro del campe\u00f3n del mundo con argentina. Consultado sobre si pod\u00eda garantizar que el internacional argentino vestir\u00e1 la camiseta rojiblanca la pr\u00f3xima temporada, Cerezo contest\u00f3 en tono distendido: \u201c\u00bfT\u00fa puedes asegurar que no te vas a morir de aqu\u00ed a final de a\u00f1o?\u201d. <\/p>\n<p class=\"paragraph\">Ante la insistencia de los medios, Cerezo fue tajante al se\u00f1alar que la especulaci\u00f3n sobre un traspaso parte de la prensa y no de la instituci\u00f3n. <b>\u201cTe lo voy a explicar en tres palabras: tiene contrato con Atl\u00e9tico de Madrid. Bueno, han sido siete en vez de tres\u201d<\/b>, subray\u00f3 el m\u00e1ximo dirigente.<\/p>\n<p class=\"paragraph\">El presidente a\u00f1adi\u00f3 que el delantero argentino mantiene un v\u00ednculo vigente con el club y que restan varios a\u00f1os de contrato. <b>\u201cSi un jugador tiene contrato con un equipo y le quedan muchos a\u00f1os de contrato con ese equipo, pues t\u00fa dime a m\u00ed qu\u00e9 puede pasar\u201d<\/b>, coment\u00f3.<\/p>\n<p class=\"paragraph\">Respecto a la posibilidad de que el propio \u00c1lvarez manifieste su deseo de abandonar el Metropolitano, Cerezo volvi\u00f3 a utilizar una met\u00e1fora: <b>\u201cEn ese caso t\u00fa piensa que yo soy Dios, y hasta que no le diga que se marche, no se va a marchar\u201d.<\/b> Esta afirmaci\u00f3n refuerza la inflexible postura que adopt\u00f3 el conjunto colchonero ante los rumores sobre una posible salida del futbolista argentino durante el pr\u00f3ximo per\u00edodo de transferencias.<\/p>\n<p><soccer-worldcup2026-cta-predict\/><link rel=\"stylesheet\" crossorigin=\"true\" href=\"https:\/\/storage.googleapis.com\/arc-buckets\/web-components\/soccer\/ctas\/predict.css\"\/>\n<div class=\"visual__image\"><picture><source srcset=\"https:\/\/www.infobae.com\/resizer\/v2\/PYZGOVRPRJFE5GCB4T3Y6H46P4?auth=593f15516703bef1f5c9b1044dcdab3d473bcf1f2ccea5a017f111af8230a9e9&amp;smart=true&amp;width=992&amp;height=558&amp;quality=85\" media=\"(min-width: 1000px)\"\/><source srcset=\"https:\/\/www.infobae.com\/resizer\/v2\/PYZGOVRPRJFE5GCB4T3Y6H46P4?auth=593f15516703bef1f5c9b1044dcdab3d473bcf1f2ccea5a017f111af8230a9e9&amp;smart=true&amp;width=768&amp;height=432&amp;quality=85\" media=\"(min-width: 768px)\"\/><source srcset=\"https:\/\/www.infobae.com\/resizer\/v2\/PYZGOVRPRJFE5GCB4T3Y6H46P4?auth=593f15516703bef1f5c9b1044dcdab3d473bcf1f2ccea5a017f111af8230a9e9&amp;smart=true&amp;width=577&amp;height=325&amp;quality=85\" media=\"(min-width: 580px)\"\/><source srcset=\"https:\/\/www.infobae.com\/resizer\/v2\/PYZGOVRPRJFE5GCB4T3Y6H46P4?auth=593f15516703bef1f5c9b1044dcdab3d473bcf1f2ccea5a017f111af8230a9e9&amp;smart=true&amp;width=420&amp;height=236&amp;quality=85\" media=\"(min-width: 350px)\"\/><source srcset=\"https:\/\/www.infobae.com\/resizer\/v2\/PYZGOVRPRJFE5GCB4T3Y6H46P4?auth=593f15516703bef1f5c9b1044dcdab3d473bcf1f2ccea5a017f111af8230a9e9&amp;smart=true&amp;width=350&amp;height=197&amp;quality=85\" media=\"(min-width: 80px)\"\/><img alt=\"Barcelona tiene en la mira a Juli\u00e1n \u00c1lvarez, figura del Atl\u00e9tico de Madrid (EFE\/Juanjo Mart\u00edn)&#10;\" class=\"global-image\" decoding=\"async\" fetchpriority=\"low\" height=\"1155\" loading=\"lazy\" src=\"https:\/\/www.infobae.com\/resizer\/v2\/PYZGOVRPRJFE5GCB4T3Y6H46P4?auth=593f15516703bef1f5c9b1044dcdab3d473bcf1f2ccea5a017f111af8230a9e9&amp;smart=true&amp;width=350&amp;height=197&amp;quality=85\" width=\"2053\"\/><\/picture><figcaption class=\"article-figcaption-img\">Barcelona tiene en la mira a Juli\u00e1n \u00c1lvarez, figura del Atl\u00e9tico de Madrid (EFE\/Juanjo Mart\u00edn)<br \/>\n<\/figcaption><\/div>\n<p class=\"paragraph\">Juli\u00e1n \u00c1lvarez, de 26 a\u00f1os, lleg\u00f3 al Atl\u00e9tico de Madrid tras su paso por Manchester City y se ha consolidado como pieza clave en el esquema dirigido por Diego Simeone. En la actual temporada, el atacante argentino suma 17 goles y 7 asistencias en todas las competiciones, lo que ha incrementado su cotizaci\u00f3n en el mercado europeo y despertado el inter\u00e9s de otros grandes clubes.<\/p>\n<p class=\"paragraph\">El Colchonero, aunque se encuentra algo alejado en la disputa por La Liga de Espa\u00f1a (figura en la cuarta posici\u00f3n con 57 puntos, 19 menos que el l\u00edder Barcelona), sigue en carrera para cerrar la temporada con dos t\u00edtulos. Se encuentra en la final de la Copa del Rey (chocar\u00e1 ante Real Sociedad) y en cuartos de final de la Champions League (se medir\u00e1 justamente ante el elenco azulgrana). Juli\u00e1n \u00c1lvarez, desde su desembarco al conjunto de la capital espa\u00f1ola, aport\u00f3 46 goles y brind\u00f3 17 asistencias en 101 partidos. Vale mencionar que el partido de vuelta ante los Cul\u00e9 por el m\u00e1ximo certamen europeo se llevar\u00e1 adelante el martes 14 de abril, en el estadio Metropolitano. <\/p>\n<p class=\"paragraph\">Por otro lado, Cerezo se\u00f1al\u00f3 que le \u201cparece bien\u201d la decisi\u00f3n del Comit\u00e9 T\u00e9cnico de \u00c1rbitros de aclarar que el VAR no ten\u00eda que haber intervenido en la expulsi\u00f3n de Gerard Mart\u00edn durante el \u00faltimo Atl\u00e9tico-Bar\u00e7a en La Liga (1-2), aunque expres\u00f3 su descontento por el desenlace del encuentro: <b>\u201c\u00bfQui\u00e9n nos compensa a nosotros por la equivocaci\u00f3n?\u201d.<\/b><\/p>\n<p class=\"paragraph\">Adem\u00e1s, el presidente del Atl\u00e9tico indic\u00f3 que tiene \u201cbuen \u2018feeling\u2019\u201d de cara al duelo de este mi\u00e9rcoles, aunque record\u00f3 que \u201cesto es muy largo\u201d y que lo fundamental ser\u00e1 \u201cjugar bien y meter goles\u201d, antes de destacar que el equipo rojiblanco \u201cse juega el prestigio\u201d en una competici\u00f3n, la Champions, que le \u201capetece ganar mucho m\u00e1s que a cualquier otro equipo\u201d.<\/p>\n<p class=\"paragraph\">Finalmente, Cerezo sostuvo que \u201ctodo lo que hace\u201d su entrenador, Diego Pablo Simeone, le parece \u201cperfecto\u201d, y elogi\u00f3 al presidente reelecto del FC Barcelona, Joan Laporta, al describirlo como \u201cun buen amigo, una gran persona y un buen presidente\u201d.<\/p>\n<\/div>\n<p><script defer=\"\">try{!function(f,b,e,v,n,t,s) {if(f.fbq)return;n=f.fbq=function(){n.callMethod? n.callMethod.apply(n,arguments):n.queue.push(arguments)}; if(!f._fbq)f._fbq=n;n.push=n;n.loaded=!0;n.version='2.0'; n.queue=[];t=b.createElement(e);t.async=!0; t.src=v;s=b.getElementsByTagName(e)[0]; s.parentNode.insertBefore(t,s)}(window, document,'script', ' fbq('init', '336383993555320'); fbq('track', 'PageView'); fbq('track', 'ViewContent');}catch(error){console.log(\"Error al inicializar facebookPixelRawCodeScript:\",error);}<\/script><\/p>\n","protected":false},"excerpt":{"rendered":"<p>La tajante postura del presidente del Atl\u00e9tico de Madrid sobre el futuro de Juli\u00e1n \u00c1lvarez El presidente de Atl\u00e9tico de Madrid, Enrique Cerezo, defendi\u00f3 este mi\u00e9rcoles la permanencia de Juli\u00e1n \u00c1lvarez en el club rojiblanco. En una rueda de prensa previa al partido de ida por los cuartos de final de la Liga de Campeones [&hellip;]<\/p>\n","protected":false},"author":2,"featured_media":85440,"comment_status":"","ping_status":"","sticky":false,"template":"","format":"standard","meta":{"footnotes":""},"categories":[2],"tags":[],"_links":{"self":[{"href":"https:\/\/maxradio923.com.ar\/index.php\/wp-json\/wp\/v2\/posts\/85439"}],"collection":[{"href":"https:\/\/maxradio923.com.ar\/index.php\/wp-json\/wp\/v2\/posts"}],"about":[{"href":"https:\/\/maxradio923.com.ar\/index.php\/wp-json\/wp\/v2\/types\/post"}],"author":[{"embeddable":true,"href":"https:\/\/maxradio923.com.ar\/index.php\/wp-json\/wp\/v2\/users\/2"}],"replies":[{"embeddable":true,"href":"https:\/\/maxradio923.com.ar\/index.php\/wp-json\/wp\/v2\/comments?post=85439"}],"version-history":[{"count":0,"href":"https:\/\/maxradio923.com.ar\/index.php\/wp-json\/wp\/v2\/posts\/85439\/revisions"}],"wp:featuredmedia":[{"embeddable":true,"href":"https:\/\/maxradio923.com.ar\/index.php\/wp-json\/wp\/v2\/media\/85440"}],"wp:attachment":[{"href":"https:\/\/maxradio923.com.ar\/index.php\/wp-json\/wp\/v2\/media?parent=85439"}],"wp:term":[{"taxonomy":"category","embeddable":true,"href":"https:\/\/maxradio923.com.ar\/index.php\/wp-json\/wp\/v2\/categories?post=85439"},{"taxonomy":"post_tag","embeddable":true,"href":"https:\/\/maxradio923.com.ar\/index.php\/wp-json\/wp\/v2\/tags?post=85439"}],"curies":[{"name":"wp","href":"https:\/\/api.w.org\/{rel}","templated":true}]}}