{"id":85437,"date":"2026-04-08T15:00:18","date_gmt":"2026-04-08T18:00:18","guid":{"rendered":"https:\/\/maxradio923.com.ar\/index.php\/2026\/04\/08\/el-bloque-europeo-avanza-en-la-cooperacion-digital-con-america-latina-y-estados-unidos\/"},"modified":"2026-04-08T15:00:18","modified_gmt":"2026-04-08T18:00:18","slug":"el-bloque-europeo-avanza-en-la-cooperacion-digital-con-america-latina-y-estados-unidos","status":"publish","type":"post","link":"https:\/\/maxradio923.com.ar\/index.php\/2026\/04\/08\/el-bloque-europeo-avanza-en-la-cooperacion-digital-con-america-latina-y-estados-unidos\/","title":{"rendered":"El bloque europeo avanza en la cooperaci\u00f3n digital con Am\u00e9rica Latina y Estados Unidos"},"content":{"rendered":"<p><\/p>\n<div xmlns:default=\"http:\/\/www.w3.org\/2000\/svg\">\n<div class=\"visual__image image-initial-width\"><picture><source srcset=\"https:\/\/www.infobae.com\/resizer\/v2\/23HXXB5CG5FHNFJHMEOO74VKSE.jpg?auth=9b06bb5d8ed256597b9f7939ccc3b13c142f6a1786ceca9163df731abdd487dd&amp;smart=true&amp;width=992&amp;height=558&amp;quality=85\" media=\"(min-width: 1000px)\"\/><source srcset=\"https:\/\/www.infobae.com\/resizer\/v2\/23HXXB5CG5FHNFJHMEOO74VKSE.jpg?auth=9b06bb5d8ed256597b9f7939ccc3b13c142f6a1786ceca9163df731abdd487dd&amp;smart=true&amp;width=768&amp;height=432&amp;quality=85\" media=\"(min-width: 768px)\"\/><source srcset=\"https:\/\/www.infobae.com\/resizer\/v2\/23HXXB5CG5FHNFJHMEOO74VKSE.jpg?auth=9b06bb5d8ed256597b9f7939ccc3b13c142f6a1786ceca9163df731abdd487dd&amp;smart=true&amp;width=577&amp;height=325&amp;quality=85\" media=\"(min-width: 580px)\"\/><source srcset=\"https:\/\/www.infobae.com\/resizer\/v2\/23HXXB5CG5FHNFJHMEOO74VKSE.jpg?auth=9b06bb5d8ed256597b9f7939ccc3b13c142f6a1786ceca9163df731abdd487dd&amp;smart=true&amp;width=420&amp;height=236&amp;quality=85\" media=\"(min-width: 350px)\"\/><source srcset=\"https:\/\/www.infobae.com\/resizer\/v2\/23HXXB5CG5FHNFJHMEOO74VKSE.jpg?auth=9b06bb5d8ed256597b9f7939ccc3b13c142f6a1786ceca9163df731abdd487dd&amp;smart=true&amp;width=350&amp;height=197&amp;quality=85\" media=\"(min-width: 80px)\"\/><img alt=\"Brando Benifei\" class=\"global-image\" decoding=\"async\" fetchpriority=\"high\" height=\"1080\" loading=\"eager\" src=\"https:\/\/www.infobae.com\/resizer\/v2\/23HXXB5CG5FHNFJHMEOO74VKSE.jpg?auth=9b06bb5d8ed256597b9f7939ccc3b13c142f6a1786ceca9163df731abdd487dd&amp;smart=true&amp;width=350&amp;height=197&amp;quality=85\" width=\"1920\"\/><\/picture><figcaption class=\"article-figcaption-img\">Brando Benifei, diputado del Parlamento Europeo y presidente de la delegaci\u00f3n para las relaciones con Estados Unidos<\/p>\n<p>EFE<\/figcaption><\/div>\n<p class=\"paragraph\">La creciente presi\u00f3n pol\u00edtica y el uso m\u00e1s frecuente de herramientas comerciales han alterado el equilibrio tradicional de la <b>relaci\u00f3n transatl\u00e1ntica<\/b> entre la <b>Uni\u00f3n Europea<\/b> y <b>Estados Unidos<\/b>, seg\u00fan advirti\u00f3 <b>Brando Benifei<\/b>, diputado del Parlamento Europeo y presidente de la delegaci\u00f3n para las relaciones con Estados Unidos, en una entrevista con <i>CCLATAM<\/i>. <\/p>\n<p class=\"paragraph\">Benifei identific\u00f3 la necesidad de restaurar la simetr\u00eda y previsibilidad comercial antes de 2026 y subray\u00f3 el efecto inmediato de la aplicaci\u00f3n de regulaciones digitales del bloque europeo, que en Washington ya se perciben como barreras no tarifarias.<\/p>\n<p class=\"paragraph\">El jefe de la delegaci\u00f3n parlamentaria expuso que varios episodios recientes han puesto a prueba el respeto mutuo y la autonom\u00eda regulatoria europea. Indic\u00f3 que el panorama de 2026 debe priorizar la reactivaci\u00f3n del di\u00e1logo entre legisladores y la cooperaci\u00f3n pragm\u00e1tica donde contin\u00fae existiendo base com\u00fan, en respuesta a una etapa de creciente tensi\u00f3n y desequilibrios.<\/p>\n<p class=\"paragraph\">Para Benifei, la clave de la <b>autonom\u00eda estrat\u00e9gica de Europa<\/b> reside en asegurar la capacidad de elecci\u00f3n, alej\u00e1ndose de la noci\u00f3n de confrontaci\u00f3n. <\/p>\n<p class=\"paragraph\">Declar\u00f3 que Europa debe reducir dependencias unilaterales en tecnolog\u00edas e infraestructuras cr\u00edticas, invertir en capacidades propias, diversificar cadenas de suministro y mantener canales estructurados de gesti\u00f3n temprana de tensiones con Washington, de modo que la diversificaci\u00f3n fortalezca la alianza y no la debilite.<\/p>\n<p class=\"paragraph\">Respecto al futuro de la regulaci\u00f3n transatl\u00e1ntica en inteligencia artificial, Benifei aclar\u00f3 que no prev\u00e9 una convergencia normativa total en el corto plazo. <\/p>\n<p class=\"paragraph\">Diferenci\u00f3 los enfoques regulatorios al afirmar que la Uni\u00f3n Europea posee un marco horizontal, mientras que el debate en Estados Unidos es m\u00e1s fragmentado, como muestra la resistencia persistente de las grandes tecnol\u00f3gicas estadounidenses a las normas europeas. <\/p>\n<p class=\"paragraph\"><b>\u201cVarios estados de Estados Unidos han adoptado reglas de transparencia y responsabilidad en IA, similares a elementos centrales de la Ley de Inteligencia Artificial europea\u201d<\/b>, incluso cuando esto va en contra de ciertos intentos federales e industriales por frenar iniciativas estatales.<\/p>\n<div class=\"visual__image\"><picture><source srcset=\"https:\/\/www.infobae.com\/resizer\/v2\/EINZ6NRVZZDSDJTRLAZXD5VJUQ.jpg?auth=0c96bba31dd0e0456147b2a6e5428a872a587fc0e19e848b5c8abc87707c0821&amp;smart=true&amp;width=992&amp;height=558&amp;quality=85\" media=\"(min-width: 1000px)\"\/><source srcset=\"https:\/\/www.infobae.com\/resizer\/v2\/EINZ6NRVZZDSDJTRLAZXD5VJUQ.jpg?auth=0c96bba31dd0e0456147b2a6e5428a872a587fc0e19e848b5c8abc87707c0821&amp;smart=true&amp;width=768&amp;height=432&amp;quality=85\" media=\"(min-width: 768px)\"\/><source srcset=\"https:\/\/www.infobae.com\/resizer\/v2\/EINZ6NRVZZDSDJTRLAZXD5VJUQ.jpg?auth=0c96bba31dd0e0456147b2a6e5428a872a587fc0e19e848b5c8abc87707c0821&amp;smart=true&amp;width=577&amp;height=325&amp;quality=85\" media=\"(min-width: 580px)\"\/><source srcset=\"https:\/\/www.infobae.com\/resizer\/v2\/EINZ6NRVZZDSDJTRLAZXD5VJUQ.jpg?auth=0c96bba31dd0e0456147b2a6e5428a872a587fc0e19e848b5c8abc87707c0821&amp;smart=true&amp;width=420&amp;height=236&amp;quality=85\" media=\"(min-width: 350px)\"\/><source srcset=\"https:\/\/www.infobae.com\/resizer\/v2\/EINZ6NRVZZDSDJTRLAZXD5VJUQ.jpg?auth=0c96bba31dd0e0456147b2a6e5428a872a587fc0e19e848b5c8abc87707c0821&amp;smart=true&amp;width=350&amp;height=197&amp;quality=85\" media=\"(min-width: 80px)\"\/><img alt=\"Brando Benifei\" class=\"global-image\" decoding=\"async\" fetchpriority=\"low\" height=\"1080\" loading=\"lazy\" src=\"https:\/\/www.infobae.com\/resizer\/v2\/EINZ6NRVZZDSDJTRLAZXD5VJUQ.jpg?auth=0c96bba31dd0e0456147b2a6e5428a872a587fc0e19e848b5c8abc87707c0821&amp;smart=true&amp;width=350&amp;height=197&amp;quality=85\" width=\"1920\"\/><\/picture><figcaption class=\"article-figcaption-img\">Brando Benifei en el Parlamento Europeo <\/figcaption><\/div>\n<h2 class=\"header headline-class-h2 headline\" id=\"article-headline la-ue-ante-el-dilema-de-pasar-del-dialogo-a-la-accion-en-america-latina\">La UE ante el dilema de pasar del di\u00e1logo a la acci\u00f3n en Am\u00e9rica Latina<\/h2>\n<p class=\"paragraph\">Benifei cuestion\u00f3 la prioridad que la <b>Uni\u00f3n Europea<\/b> otorga a su relaci\u00f3n con <b>Latinoam\u00e9rica y el Caribe<\/b>, aunque reconoci\u00f3 avances recientes. Subray\u00f3 que la regi\u00f3n no es solo un socio econ\u00f3mico, sino un \u201cactor clave en la transformaci\u00f3n digital centrada en el ser humano y basada en reglas\u201d. <\/p>\n<p class=\"paragraph\"><b>\u201cBrasil lidera con una propuesta de IA alineada con el enfoque europeo\u201d<\/b>, y mencion\u00f3 trayectorias similares en <b>Per\u00fa, Chile, Colombia, M\u00e9xico<\/b> y <b>Argentina<\/b>.<\/p>\n<p class=\"paragraph\">El eurodiputado puntualiz\u00f3: <b>\u201cEl di\u00e1logo debe dar paso a la acci\u00f3n. Hay que profundizar asociaciones institucionales, buscar convergencia regulatoria e invertir conjuntamente en infraestructura, innovaci\u00f3n y competencias\u201d<\/b>. <\/p>\n<p class=\"paragraph\">Se\u00f1al\u00f3 que su contacto directo con actores brasile\u00f1os confirma la convergencia hacia una soberan\u00eda digital cooperativa: se impulsan capacidades dom\u00e9sticas sin renunciar a est\u00e1ndares compartidos.<\/p>\n<p class=\"paragraph\">Al referirse a la credibilidad de la <b>UE<\/b> como socio estable de inversi\u00f3n digital en Am\u00e9rica Latina, Benifei insisti\u00f3 en la necesidad de entregar inversiones y reglas claras y previsibles. <\/p>\n<p class=\"paragraph\">Destac\u00f3 el llamado a materializar proyectos concretos en infraestructura digital, inteligencia artificial, nube, semiconductores y formaci\u00f3n. Remarc\u00f3 que la fortaleza europea reside en <b>\u201ccombinar regulaci\u00f3n y financiaci\u00f3n\u201d<\/b>, aunque advirti\u00f3 que la simplificaci\u00f3n regulatoria debe preservar salvaguardas clave, haciendo alusi\u00f3n a iniciativas como el AI and Data Omnibus. <\/p>\n<p class=\"paragraph\">\u201cEl objetivo es mayor coherencia y claridad para la industria, sin sacrificar los principios fundamentales del marco europeo.\u201d<\/p>\n<h2 class=\"header headline-class-h2 headline\" id=\"article-headline el-potencial-de-una-agenda-trilateral:-ue-estados-unidos-latinoamerica\">El potencial de una agenda trilateral: UE\u2013Estados Unidos\u2013Latinoam\u00e9rica<\/h2>\n<p class=\"paragraph\">En el escenario global actual, Benifei considera que una agenda estructurada entre <b>Uni\u00f3n Europea<\/b>, Estados Unidos y los pa\u00edses latinoamericanos representa un avance esencial en est\u00e1ndares digitales, ciberseguridad y cadenas de suministro. <\/p>\n<div class=\"visual__image\"><picture><source srcset=\"https:\/\/www.infobae.com\/resizer\/v2\/PAAY5327YJBHDM4Z5C3SE6LYQA.jpg?auth=de30bd2f29fce20f6cbfd2209ce6363b7e578cab5bb785a079a0ed205d1d1140&amp;smart=true&amp;width=992&amp;height=558&amp;quality=85\" media=\"(min-width: 1000px)\"\/><source srcset=\"https:\/\/www.infobae.com\/resizer\/v2\/PAAY5327YJBHDM4Z5C3SE6LYQA.jpg?auth=de30bd2f29fce20f6cbfd2209ce6363b7e578cab5bb785a079a0ed205d1d1140&amp;smart=true&amp;width=768&amp;height=432&amp;quality=85\" media=\"(min-width: 768px)\"\/><source srcset=\"https:\/\/www.infobae.com\/resizer\/v2\/PAAY5327YJBHDM4Z5C3SE6LYQA.jpg?auth=de30bd2f29fce20f6cbfd2209ce6363b7e578cab5bb785a079a0ed205d1d1140&amp;smart=true&amp;width=577&amp;height=325&amp;quality=85\" media=\"(min-width: 580px)\"\/><source srcset=\"https:\/\/www.infobae.com\/resizer\/v2\/PAAY5327YJBHDM4Z5C3SE6LYQA.jpg?auth=de30bd2f29fce20f6cbfd2209ce6363b7e578cab5bb785a079a0ed205d1d1140&amp;smart=true&amp;width=420&amp;height=236&amp;quality=85\" media=\"(min-width: 350px)\"\/><source srcset=\"https:\/\/www.infobae.com\/resizer\/v2\/PAAY5327YJBHDM4Z5C3SE6LYQA.jpg?auth=de30bd2f29fce20f6cbfd2209ce6363b7e578cab5bb785a079a0ed205d1d1140&amp;smart=true&amp;width=350&amp;height=197&amp;quality=85\" media=\"(min-width: 80px)\"\/><img alt=\"Brando Benifei\" class=\"global-image\" decoding=\"async\" fetchpriority=\"low\" height=\"1080\" loading=\"lazy\" src=\"https:\/\/www.infobae.com\/resizer\/v2\/PAAY5327YJBHDM4Z5C3SE6LYQA.jpg?auth=de30bd2f29fce20f6cbfd2209ce6363b7e578cab5bb785a079a0ed205d1d1140&amp;smart=true&amp;width=350&amp;height=197&amp;quality=85\" width=\"1920\"\/><\/picture><figcaption class=\"article-figcaption-img\">Brando Benifei<\/p>\n<p>Europa Press<\/figcaption><\/div>\n<p class=\"paragraph\"><b>\u201cEn un entorno global m\u00e1s fragmentado, la cooperaci\u00f3n entre democracias es indispensable \u2014sobre todo en IA y gobernanza digital\u2014. Las normas claras y proporcionadas no son un obst\u00e1culo, sino la base para la confianza y la innovaci\u00f3n\u201d<\/b>.<\/p>\n<p class=\"paragraph\">Describi\u00f3 tres l\u00edneas prioritarias para la futura agenda conjunta: <b>\u201cest\u00e1ndares digitales y gobernanza de IA; ciberseguridad y resiliencia; y cadenas de suministro seguras, especialmente en semiconductores y servicios en la nube\u201d<\/b>. <\/p>\n<p class=\"paragraph\">Benifei remarc\u00f3 la oportunidad que ofrece Latinoam\u00e9rica para compartir experiencias y construir un marco com\u00fan.<\/p>\n<p class=\"paragraph\">Respecto a las reformas pendientes en la <b>UE<\/b> para consolidar su liderazgo global, Benifei defini\u00f3 tres prioridades. La primera: fortalecer la coherencia interna, aludiendo a las advertencias de <b>Letta y Draghi<\/b> sobre los riesgos de fragmentaci\u00f3n en el mercado \u00fanico, cuya culminaci\u00f3n consider\u00f3 esencial. <\/p>\n<p class=\"paragraph\">El segundo eje es el alineamiento de regulaci\u00f3n, pol\u00edtica industrial e inversi\u00f3n \u2014lo que implica proveer recursos a gran escala, posiblemente mediante instrumentos de financiamiento com\u00fan, en sectores estrat\u00e9gicos como inteligencia artificial, nube y semiconductores\u2014.<\/p>\n<p class=\"paragraph\">Finalmente, afirm\u00f3 que para actuar con mayor resoluci\u00f3n en la escena global, la Uni\u00f3n Europea debe hablar con una sola voz y avanzar hacia una gobernanza m\u00e1s integrada y federal.<\/p>\n<\/div>\n<p><script defer=\"\">try{!function(f,b,e,v,n,t,s) {if(f.fbq)return;n=f.fbq=function(){n.callMethod? n.callMethod.apply(n,arguments):n.queue.push(arguments)}; if(!f._fbq)f._fbq=n;n.push=n;n.loaded=!0;n.version='2.0'; n.queue=[];t=b.createElement(e);t.async=!0; t.src=v;s=b.getElementsByTagName(e)[0]; s.parentNode.insertBefore(t,s)}(window, document,'script', ' fbq('init', '336383993555320'); fbq('track', 'PageView'); fbq('track', 'ViewContent');}catch(error){console.log(\"Error al inicializar facebookPixelRawCodeScript:\",error);}<\/script><\/p>\n","protected":false},"excerpt":{"rendered":"<p>Brando Benifei, diputado del Parlamento Europeo y presidente de la delegaci\u00f3n para las relaciones con Estados Unidos EFE La creciente presi\u00f3n pol\u00edtica y el uso m\u00e1s frecuente de herramientas comerciales han alterado el equilibrio tradicional de la relaci\u00f3n transatl\u00e1ntica entre la Uni\u00f3n Europea y Estados Unidos, seg\u00fan advirti\u00f3 Brando Benifei, diputado del Parlamento Europeo y [&hellip;]<\/p>\n","protected":false},"author":2,"featured_media":85438,"comment_status":"","ping_status":"","sticky":false,"template":"","format":"standard","meta":{"footnotes":""},"categories":[3],"tags":[],"_links":{"self":[{"href":"https:\/\/maxradio923.com.ar\/index.php\/wp-json\/wp\/v2\/posts\/85437"}],"collection":[{"href":"https:\/\/maxradio923.com.ar\/index.php\/wp-json\/wp\/v2\/posts"}],"about":[{"href":"https:\/\/maxradio923.com.ar\/index.php\/wp-json\/wp\/v2\/types\/post"}],"author":[{"embeddable":true,"href":"https:\/\/maxradio923.com.ar\/index.php\/wp-json\/wp\/v2\/users\/2"}],"replies":[{"embeddable":true,"href":"https:\/\/maxradio923.com.ar\/index.php\/wp-json\/wp\/v2\/comments?post=85437"}],"version-history":[{"count":0,"href":"https:\/\/maxradio923.com.ar\/index.php\/wp-json\/wp\/v2\/posts\/85437\/revisions"}],"wp:featuredmedia":[{"embeddable":true,"href":"https:\/\/maxradio923.com.ar\/index.php\/wp-json\/wp\/v2\/media\/85438"}],"wp:attachment":[{"href":"https:\/\/maxradio923.com.ar\/index.php\/wp-json\/wp\/v2\/media?parent=85437"}],"wp:term":[{"taxonomy":"category","embeddable":true,"href":"https:\/\/maxradio923.com.ar\/index.php\/wp-json\/wp\/v2\/categories?post=85437"},{"taxonomy":"post_tag","embeddable":true,"href":"https:\/\/maxradio923.com.ar\/index.php\/wp-json\/wp\/v2\/tags?post=85437"}],"curies":[{"name":"wp","href":"https:\/\/api.w.org\/{rel}","templated":true}]}}