{"id":85433,"date":"2026-04-08T14:44:08","date_gmt":"2026-04-08T17:44:08","guid":{"rendered":"https:\/\/maxradio923.com.ar\/index.php\/2026\/04\/08\/tomas-etcheverry-derroto-a-terence-atmane-y-enfrentara-a-carlos-alcaraz-en-los-octavos-del-masters-1000-de-montecarlo\/"},"modified":"2026-04-08T14:44:08","modified_gmt":"2026-04-08T17:44:08","slug":"tomas-etcheverry-derroto-a-terence-atmane-y-enfrentara-a-carlos-alcaraz-en-los-octavos-del-masters-1000-de-montecarlo","status":"publish","type":"post","link":"https:\/\/maxradio923.com.ar\/index.php\/2026\/04\/08\/tomas-etcheverry-derroto-a-terence-atmane-y-enfrentara-a-carlos-alcaraz-en-los-octavos-del-masters-1000-de-montecarlo\/","title":{"rendered":"Tom\u00e1s Etcheverry derrot\u00f3 a Terence Atmane y enfrentar\u00e1 a Carlos Alcaraz en los octavos del Masters 1000 de Montecarlo"},"content":{"rendered":"<p><\/p>\n<div xmlns:default=\"http:\/\/www.w3.org\/2000\/svg\">\n<p class=\"paragraph\"><b>Tom\u00e1s Etcheverry<\/b> se clasific\u00f3 por primera vez a los octavos de final en el<b> Masters 1000 de Montecarlo,<\/b> se disputa sobre canchas de polvo de ladrillo, al derrotar en tres sets al franc\u00e9s <b>Terence Atmane<\/b> con un marcador de 3-6, 6-3 y 6-2 en una hora y 58 minutos de competencia. Por un lugar en los cuartos de final, enfrentar\u00e1 al espa\u00f1ol <b>Carlos Alcaraz<\/b>.<\/p>\n<p class=\"paragraph\"><b>Atmane<\/b> (ocupa el puesto 45 del ranking ATP) disput\u00f3 su primera participaci\u00f3n en el <b>Principado<\/b> <b>de<\/b> <b>M\u00f3naco<\/b> con la confianza en alza, tras haber alcanzado los octavos de final en el <b>Masters<\/b> <b>1000<\/b> <b>de<\/b> <b>Miami<\/b>, donde venci\u00f3 al canadiense <b>Felix<\/b> <b>Auger<\/b>&#8211;<b>Aliassime<\/b> (7\u00b0). Luego de superar en el debut al estadounidense <b>Ethan<\/b> <b>Quinn<\/b> (54\u00b0), se present\u00f3 este mi\u00e9rcoles en la segunda ronda frente a <b>Etcheverry<\/b> (30\u00b0), a quien no le dio tregua en el inicio.<\/p>\n<p class=\"paragraph\">El tenista, de 24 a\u00f1os y nacido en <b>Saint-Martin-Boulogne<\/b>, golpe\u00f3 primero al conseguir el quiebre en el cuarto game para adelantarse 4-1. S\u00f3lido con el rev\u00e9s, agresivo y con variantes desde la derecha, el galo tom\u00f3 la iniciativa de los puntos y se llev\u00f3 el primer set por 6-3.<\/p>\n<p class=\"paragraph\">En el segundo parcial se invirtieron los roles. <b>Etcheverry<\/b> mostr\u00f3 mayor paciencia para forzar el error de su rival, estuvo m\u00e1s enfocado y ley\u00f3 mejor sus ejecuciones. En el cuarto game, y por primera vez en la tarde monegasca, logr\u00f3 quebrarle el servicio al franc\u00e9s para colocarse 3-1, aunque no pudo confirmar la ventaja en el juego siguiente.<\/p>\n<p class=\"paragraph\">Sin desesperarse, el platense continu\u00f3 presionando desde el fondo y, con<b> Atmane <\/b>al saque 3-4 y 15-40, el franc\u00e9s mostr\u00f3 su fastidio al arrojar la raqueta al suelo tras quedar con doble quiebre en contra. El argentino aprovech\u00f3 ese momento y encamin\u00f3 el set hacia la igualdad con un 6-3.<\/p>\n<p><soccer-worldcup2026-cta-predict\/><link rel=\"stylesheet\" crossorigin=\"true\" href=\"https:\/\/storage.googleapis.com\/arc-buckets\/web-components\/soccer\/ctas\/predict.css\"\/>\n<p class=\"paragraph\">En la manga decisiva, <b>Etcheverry<\/b> demostr\u00f3 por qu\u00e9 es el jugador con m\u00e1s triunfos en lo que va de la temporada sobre canchas lentas, con un total de 12. El platense mantuvo la misma sinton\u00eda, elev\u00f3 su nivel y, en un abrir y cerrar de ojos, se adelant\u00f3 4-0. Desde entonces, el ritmo del partido qued\u00f3 en manos del <i>Retu<\/i>, que termin\u00f3 imponi\u00e9ndose por 6-2<\/p>\n<p class=\"paragraph\">El tenista argentino enfrentar\u00e1 en la siguiente fase al espa\u00f1ol <b>Carlos Alcaraz<\/b>, n\u00famero 1 del mundo, quien viene de vencer de forma contundente al bonaerense <b>Sebasti\u00e1n B\u00e1ez<\/b> (65\u00b0) por 6-1 y 6-3. El \u00fanico registro entre ambos qued\u00f3 en manos del murciano en el <b>Challenger de Trieste<\/b> 2020.<\/p>\n<p class=\"paragraph\">El juego est\u00e1 programado para este jueves, en el tercer turno de la Court Rainier III, cuyo primer partido ser\u00e1 a las 6:00 (hora argentina), y podr\u00e1 verse en vivo a trav\u00e9s de ESPN y la plataforma Disney+ Premium.<\/p>\n<div class=\"visual__image\"><picture><source srcset=\"https:\/\/www.infobae.com\/resizer\/v2\/4F3J3QXP5FFWRCGUKMZVZWKTZE.jpg?auth=c2de3ced5b1f367cacda788856efb6a858142f1c4633ba2496a6e0fb478e639c&amp;smart=true&amp;width=992&amp;height=558&amp;quality=85\" media=\"(min-width: 1000px)\"\/><source srcset=\"https:\/\/www.infobae.com\/resizer\/v2\/4F3J3QXP5FFWRCGUKMZVZWKTZE.jpg?auth=c2de3ced5b1f367cacda788856efb6a858142f1c4633ba2496a6e0fb478e639c&amp;smart=true&amp;width=768&amp;height=432&amp;quality=85\" media=\"(min-width: 768px)\"\/><source srcset=\"https:\/\/www.infobae.com\/resizer\/v2\/4F3J3QXP5FFWRCGUKMZVZWKTZE.jpg?auth=c2de3ced5b1f367cacda788856efb6a858142f1c4633ba2496a6e0fb478e639c&amp;smart=true&amp;width=577&amp;height=325&amp;quality=85\" media=\"(min-width: 580px)\"\/><source srcset=\"https:\/\/www.infobae.com\/resizer\/v2\/4F3J3QXP5FFWRCGUKMZVZWKTZE.jpg?auth=c2de3ced5b1f367cacda788856efb6a858142f1c4633ba2496a6e0fb478e639c&amp;smart=true&amp;width=420&amp;height=236&amp;quality=85\" media=\"(min-width: 350px)\"\/><source srcset=\"https:\/\/www.infobae.com\/resizer\/v2\/4F3J3QXP5FFWRCGUKMZVZWKTZE.jpg?auth=c2de3ced5b1f367cacda788856efb6a858142f1c4633ba2496a6e0fb478e639c&amp;smart=true&amp;width=350&amp;height=197&amp;quality=85\" media=\"(min-width: 80px)\"\/><img alt=\"Hombre tenista con cinta blanca, ropa deportiva blanca, celebra con pu\u00f1o derecho alzado y raqueta en mano en cancha\" class=\"global-image\" decoding=\"async\" fetchpriority=\"low\" height=\"1080\" loading=\"lazy\" src=\"https:\/\/www.infobae.com\/resizer\/v2\/4F3J3QXP5FFWRCGUKMZVZWKTZE.jpg?auth=c2de3ced5b1f367cacda788856efb6a858142f1c4633ba2496a6e0fb478e639c&amp;smart=true&amp;width=350&amp;height=197&amp;quality=85\" width=\"1920\"\/><\/picture><figcaption class=\"article-figcaption-img\">Tom\u00e1s Etcheverry enfrentar\u00e1 en los octavos de final del Masters 1000 de Montecarlo al espa\u00f1ol Carlos Alcaraz<\/figcaption><\/div>\n<p class=\"paragraph\"><b>Etcheverry<\/b> logr\u00f3 esta temporada sacarse una espina que arrastraba desde hac\u00eda tiempo, luego de haber perdido tres finales consecutivas: <b>Santiago<\/b> y <b>Houston<\/b> en 2023, y <b>Lyon<\/b> en 2024. A partir de ese punto, el platense inici\u00f3 un proceso de reconstrucci\u00f3n tanto dentro como fuera de la cancha, en busca de dar el salto definitivo.<\/p>\n<p class=\"paragraph\">Tras una serie de resultados adversos, decidi\u00f3 ponerle fin a su v\u00ednculo con <b>Walter Grinovero.<\/b> Durante algunas semanas atraves\u00f3 una etapa de transici\u00f3n junto a <b>Jer\u00f3nimo<\/b> <b>Lanteri<\/b> y <b>Eduardo<\/b> <b>Infantino<\/b>, hasta que sum\u00f3 a su equipo a <b>Horacio<\/b> <b>De<\/b> <b>la<\/b> <b>Pe\u00f1a<\/b>, quien permaneci\u00f3 ocho meses al frente del proyecto sin lograr consolidar resultados.<\/p>\n<p class=\"paragraph\">En ese contexto, <i>el Retu<\/i> opt\u00f3 por volver a sus ra\u00edces y retom\u00f3 la relaci\u00f3n con <b>Grinovero<\/b>, esta vez acompa\u00f1ado por <b>Kevin<\/b> <b>Konfederak<\/b>. Con el tiempo, el trabajo dio sus frutos: el bonaerense conquist\u00f3 su primer t\u00edtulo en el circuito<b> ATP en R\u00edo de Janeiro,<\/b> tras vencer en la final al chileno <b>Alejandro<\/b> <b>Tabilo<\/b>.<\/p>\n<p class=\"paragraph\">Cabe destacar que en primer turno <b>Francisco<\/b> <b>Cer\u00fandolo<\/b>, la mejor raqueta sudamericana, ocupa el puesto 19 del escalaf\u00f3n mundial, qued\u00f3 eliminado en la segunda ronda por el checo <b>Tomas Machac <\/b>por 7-6(2) y 6-2.<\/p>\n<p class=\"paragraph\"><b>Cer\u00fandolo<\/b> se despide de <b>Montecarlo<\/b> habiendo alcanzado 50 triunfos en torneos <b>Masters 1000<\/b>, categor\u00eda en la que es el jugador argentino activo con m\u00e1s \u00e9xitos. Adem\u00e1s, alcanz\u00f3 el noveno puesto hist\u00f3rico entre los tenistas nacionales, por detr\u00e1s de <b>David Nalbandian<\/b> (113), <b>Juan Mart\u00edn del Potro<\/b> (107), <b>Juan M\u00f3naco<\/b> (80), <b>Juan Ignacio Chela<\/b> (72), <b>Guillermo Coria<\/b> (72), <b>Gast\u00f3n Gaudio<\/b> (62) y <b>Diego Schwartzman<\/b> (61), e igualando la marca de <b>Guillermo Ca\u00f1as<\/b> (51).<\/p>\n<p class=\"paragraph\">Adem\u00e1s, acumul\u00f3 una racha de 12 triunfos consecutivos en debuts, desde su derrota ante el kazajo <b>Alexander Shevchenko<\/b> (77\u00b0) en <b>Shangh\u00e1i 2024<\/b>. <\/p>\n<\/div>\n<p><script defer=\"\">try{!function(f,b,e,v,n,t,s) {if(f.fbq)return;n=f.fbq=function(){n.callMethod? n.callMethod.apply(n,arguments):n.queue.push(arguments)}; if(!f._fbq)f._fbq=n;n.push=n;n.loaded=!0;n.version='2.0'; n.queue=[];t=b.createElement(e);t.async=!0; t.src=v;s=b.getElementsByTagName(e)[0]; s.parentNode.insertBefore(t,s)}(window, document,'script', ' fbq('init', '336383993555320'); fbq('track', 'PageView'); fbq('track', 'ViewContent');}catch(error){console.log(\"Error al inicializar facebookPixelRawCodeScript:\",error);}<\/script><\/p>\n","protected":false},"excerpt":{"rendered":"<p>Tom\u00e1s Etcheverry se clasific\u00f3 por primera vez a los octavos de final en el Masters 1000 de Montecarlo, se disputa sobre canchas de polvo de ladrillo, al derrotar en tres sets al franc\u00e9s Terence Atmane con un marcador de 3-6, 6-3 y 6-2 en una hora y 58 minutos de competencia. Por un lugar en [&hellip;]<\/p>\n","protected":false},"author":2,"featured_media":85434,"comment_status":"","ping_status":"","sticky":false,"template":"","format":"standard","meta":{"footnotes":""},"categories":[2],"tags":[],"_links":{"self":[{"href":"https:\/\/maxradio923.com.ar\/index.php\/wp-json\/wp\/v2\/posts\/85433"}],"collection":[{"href":"https:\/\/maxradio923.com.ar\/index.php\/wp-json\/wp\/v2\/posts"}],"about":[{"href":"https:\/\/maxradio923.com.ar\/index.php\/wp-json\/wp\/v2\/types\/post"}],"author":[{"embeddable":true,"href":"https:\/\/maxradio923.com.ar\/index.php\/wp-json\/wp\/v2\/users\/2"}],"replies":[{"embeddable":true,"href":"https:\/\/maxradio923.com.ar\/index.php\/wp-json\/wp\/v2\/comments?post=85433"}],"version-history":[{"count":0,"href":"https:\/\/maxradio923.com.ar\/index.php\/wp-json\/wp\/v2\/posts\/85433\/revisions"}],"wp:featuredmedia":[{"embeddable":true,"href":"https:\/\/maxradio923.com.ar\/index.php\/wp-json\/wp\/v2\/media\/85434"}],"wp:attachment":[{"href":"https:\/\/maxradio923.com.ar\/index.php\/wp-json\/wp\/v2\/media?parent=85433"}],"wp:term":[{"taxonomy":"category","embeddable":true,"href":"https:\/\/maxradio923.com.ar\/index.php\/wp-json\/wp\/v2\/categories?post=85433"},{"taxonomy":"post_tag","embeddable":true,"href":"https:\/\/maxradio923.com.ar\/index.php\/wp-json\/wp\/v2\/tags?post=85433"}],"curies":[{"name":"wp","href":"https:\/\/api.w.org\/{rel}","templated":true}]}}