{"id":85419,"date":"2026-04-08T14:21:02","date_gmt":"2026-04-08T17:21:02","guid":{"rendered":"https:\/\/maxradio923.com.ar\/index.php\/2026\/04\/08\/para-el-banco-mundial-la-argentina-crecera-menos-este-ano-pero-es-la-principal-excepcion-de-la-region-los-motivos\/"},"modified":"2026-04-08T14:21:02","modified_gmt":"2026-04-08T17:21:02","slug":"para-el-banco-mundial-la-argentina-crecera-menos-este-ano-pero-es-la-principal-excepcion-de-la-region-los-motivos","status":"publish","type":"post","link":"https:\/\/maxradio923.com.ar\/index.php\/2026\/04\/08\/para-el-banco-mundial-la-argentina-crecera-menos-este-ano-pero-es-la-principal-excepcion-de-la-region-los-motivos\/","title":{"rendered":"Para el Banco Mundial, la Argentina crecer\u00e1 menos este a\u00f1o pero es \u201cla principal excepci\u00f3n\u201d de la regi\u00f3n: los motivos"},"content":{"rendered":"<p><\/p>\n<h2 class=\"article-subheadline text_align_left\">El organismo expuso su visi\u00f3n sobre el pa\u00eds en un marco regional y global complejo. Los ejes que destac\u00f3<\/h2>\n<p><\/p>\n<p class=\"paragraph\">El Banco Mundial recort\u00f3 sus previsiones de crecimiento para la Argentina en 2026, al pasar de 4% a 3,6%, en un contexto global adverso para la regi\u00f3n por el conflicto en Medio Oriente. De todos modos, consider\u00f3 que el pa\u00eds resulta una excepci\u00f3n, dada la estabilizaci\u00f3n y la implementaci\u00f3n de reformas.<\/p>\n<p><\/p>\n<p class=\"paragraph\">Mientras tanto, la inversi\u00f3n contin\u00faa siendo baja, ya que las empresas esperan mayor claridad sobre el contexto externo y las pol\u00edticas internas.<\/p>\n<p><\/p>\n<p class=\"paragraph\">Pero<b> \u201cArgentina ha emergido como la principal excepci\u00f3n al alza, ya que la estabilizaci\u00f3n y las reformas han mejorado las expectativas y las condiciones financieras\u201d<\/b>, resalt\u00f3 el banco Mundial. <\/p>\n<p><\/p>\n<p class=\"paragraph\">\u201cFuera de Argentina, persisten focos de dinamismo entre econom\u00edas m\u00e1s peque\u00f1as de ALC\u201d, agreg\u00f3.<\/p>\n<p><\/p>\n<p class=\"paragraph\"><b>William Maloney<\/b>, economista jefe del Banco Mundial para Am\u00e9rica latina y el Caribe, dijo en conferencia de prensa que \u201cArgentina tiene, al igual que el resto de la regi\u00f3n en general, una tasa de crecimiento (3,6%) m\u00e1s lenta de la proyectada hace unos meses, que igualmente es bastante buena para los est\u00e1ndares de la regi\u00f3n\u201d. Sobre la inflaci\u00f3n, cree que \u201cseguir\u00e1 evolucionando\u201d.<\/p>\n<p><\/p>\n<p class=\"paragraph\">En tanto, el documento publicado este mi\u00e9rcoles explica que \u201cla aprobaci\u00f3n de reformas en el mercado laboral por el Congreso y esfuerzos en curso para mejorar el clima de negocios y el entorno regulatorio respaldan las perspectivas para la inversi\u00f3n. Junto con una cosecha agr\u00edcola fuerte que est\u00e1 respaldando la actividad en el corto plazo, estas medidas han modificado las expectativas considerablemente: el crecimiento acumulado pas\u00f3 del -0,4% entre 2011 y 2024 a un 12,2% proyectado para el per\u00edodo 2024-2027\u2033.<\/p>\n","protected":false},"excerpt":{"rendered":"<p>El organismo expuso su visi\u00f3n sobre el pa\u00eds en un marco regional y global complejo. Los ejes que destac\u00f3 El Banco Mundial recort\u00f3 sus previsiones de crecimiento para la Argentina en 2026, al pasar de 4% a 3,6%, en un contexto global adverso para la regi\u00f3n por el conflicto en Medio Oriente. De todos modos, [&hellip;]<\/p>\n","protected":false},"author":2,"featured_media":85420,"comment_status":"","ping_status":"","sticky":false,"template":"","format":"standard","meta":{"footnotes":""},"categories":[12],"tags":[],"_links":{"self":[{"href":"https:\/\/maxradio923.com.ar\/index.php\/wp-json\/wp\/v2\/posts\/85419"}],"collection":[{"href":"https:\/\/maxradio923.com.ar\/index.php\/wp-json\/wp\/v2\/posts"}],"about":[{"href":"https:\/\/maxradio923.com.ar\/index.php\/wp-json\/wp\/v2\/types\/post"}],"author":[{"embeddable":true,"href":"https:\/\/maxradio923.com.ar\/index.php\/wp-json\/wp\/v2\/users\/2"}],"replies":[{"embeddable":true,"href":"https:\/\/maxradio923.com.ar\/index.php\/wp-json\/wp\/v2\/comments?post=85419"}],"version-history":[{"count":0,"href":"https:\/\/maxradio923.com.ar\/index.php\/wp-json\/wp\/v2\/posts\/85419\/revisions"}],"wp:featuredmedia":[{"embeddable":true,"href":"https:\/\/maxradio923.com.ar\/index.php\/wp-json\/wp\/v2\/media\/85420"}],"wp:attachment":[{"href":"https:\/\/maxradio923.com.ar\/index.php\/wp-json\/wp\/v2\/media?parent=85419"}],"wp:term":[{"taxonomy":"category","embeddable":true,"href":"https:\/\/maxradio923.com.ar\/index.php\/wp-json\/wp\/v2\/categories?post=85419"},{"taxonomy":"post_tag","embeddable":true,"href":"https:\/\/maxradio923.com.ar\/index.php\/wp-json\/wp\/v2\/tags?post=85419"}],"curies":[{"name":"wp","href":"https:\/\/api.w.org\/{rel}","templated":true}]}}