{"id":85413,"date":"2026-04-08T14:00:17","date_gmt":"2026-04-08T17:00:17","guid":{"rendered":"https:\/\/maxradio923.com.ar\/index.php\/2026\/04\/08\/tan-bionica-celebro-su-regreso-en-un-show-epico-bajo-la-lluvia\/"},"modified":"2026-04-08T14:00:17","modified_gmt":"2026-04-08T17:00:17","slug":"tan-bionica-celebro-su-regreso-en-un-show-epico-bajo-la-lluvia","status":"publish","type":"post","link":"https:\/\/maxradio923.com.ar\/index.php\/2026\/04\/08\/tan-bionica-celebro-su-regreso-en-un-show-epico-bajo-la-lluvia\/","title":{"rendered":"Tan Bi\u00f3nica celebr\u00f3 su regreso en un show \u00e9pico bajo la lluvia"},"content":{"rendered":"<p><\/p>\n<div>\n<p class=\"com-paragraph  --capital --s\">Tan Bi\u00f3nica lo hizo otra vez. La banda formada por Santiago \u201cChano\u201d Moreno Charpentier, Gonzalo \u201cBambi\u201d Moreno Charpentier, Diego \u201cDiega\u201d Lichtenstein y Sebasti\u00e1n \u201cSeby\u201d Seoane; volvi\u00f3 a los escenarios anoche en el estadio V\u00e9lez con un sonido renovado y una mirada distinta sobre su propia historia. <\/p>\n<p class=\"com-paragraph   --s\">A lo largo del show, de m\u00e1s de dos horas, los fan\u00e1ticos pudieron disfrutar de las canciones del nuevo \u00e1lbum <em>El regreso<\/em> que incluye colaboraciones con artistas locales como <strong>Nicki Nicole, Andr\u00e9s Calamaro y Airbag. <\/strong><\/p>\n<div class=\"content-media\">\n<section role=\"button\" class=\"mod-media   \">\n<figure role=\"button\" tabindex=\"0\" class=\"mod-figure \"><figcaption class=\"mod-figcaption\"><span class=\"com-text --caption --twoxs\">Tan Bi\u00f3nica en el Estadio de V\u00e9lez Sarfield<\/span><span class=\"com-text --credit --twoxs\">Pilar Camacho<\/span><\/figcaption><\/figure>\n<\/section>\n<\/div>\n<p class=\"com-paragraph   --s\">El recital del viernes por la noche fue el primero de una serie de shows que la banda paut\u00f3 para el 27, 28 y 29 de marzo en el Amalfitani tras su retorno hist\u00f3rico a los escenarios. \u201c<strong>Estamos dise\u00f1ando una experiencia para cada uno de los venues. La mayor\u00eda de esta gira son estadios, pero tambi\u00e9n estamos armando todo para que los shows que son a techo cubierto, sean incre\u00edbles tambi\u00e9n. Esta, sin dudas, va a ser la gira m\u00e1s incre\u00edble de nuestras vidas<\/strong>\u201d, hab\u00eda adelantado Chano en sus redes antes de mostrar un peque\u00f1o fragmento de los ensayos de la banda. <\/p>\n<p class=\"com-paragraph   --s\">Para cuando el reloj marc\u00f3 las 21, el estadio de Liniers, completamente repleto de fan\u00e1ticos, esperaba con ansias el comienzo del show. Unas 50 mil personas se manten\u00edan expectantes y dispuestas a acompa\u00f1ar a Chano en esta nueva aventura. Diez a\u00f1os despu\u00e9s de su \u00faltimo disco y ahora con canciones nuevas, esta serie de shows marca un nuevo hito en la historia del grupo. Parece que el tiempo no pas\u00f3 para Tan Bi\u00f3nica: su convocatoria se mantiene inoxidable.<\/p>\n<p class=\"com-paragraph   --s\">A las 21:15 y envuelto en un halo de misticismo, Chano pis\u00f3 el escenario con las manos en oraci\u00f3n. Con sus ojos desbordados de emoci\u00f3n dio inicio al recital y enton\u00f3 \u201cX=4\u201d y \u201cSanta Mar\u00eda\u201d. Como tercera canci\u00f3n la banda eligi\u00f3 \u201cElla\u201d y con la euforia de ese hit, el cantante termin\u00f3 de darle la bienvenida a los presentes. \u201cEs muy emocionante\u201d, repiti\u00f3 tres veces Chano sin dejar de llorar. \u201c<strong>Gracias a todos: platea, popular, campo<\/strong>. \u00a1Qu\u00e9 noche maravillosa estamos teniendo! Creo que el regreso no existe porque uno siempre es otro cuando vuelve a un lugar. Para nosotros el regreso fue lo mejor que nos pas\u00f3. Encontramos una nueva forma de ser amigos con mis compa\u00f1eros y con ustedes, de vuelta\u201d, expres\u00f3 justo antes de cantar otro de sus viejos conocidos: \u201cArruinarse\u201d. <\/p>\n<div class=\"content-media\">\n<section role=\"button\" class=\"mod-media   \">\n<figure role=\"button\" tabindex=\"0\" class=\"mod-figure \"><figcaption class=\"mod-figcaption\"><span class=\"com-text --caption --twoxs\">Tan Bi\u00f3nica en el Estadio de V\u00e9lez Sarfield<\/span><span class=\"com-text --credit --twoxs\">Pilar Camacho<\/span><\/figcaption><\/figure>\n<\/section>\n<\/div>\n<p class=\"com-paragraph   --s\">La banda se luci\u00f3 en vivo alternando sus nuevas canciones y los cl\u00e1sicos de siempre: \u201cLas cosas que pasan\u201d, \u201cBoquitas pintadas\u201d, \u201cBeautiful\u201d, \u201cEl alma en el camino\u201d, \u201cLa ensalada\u201d, \u201cM\u00fasica\u201d y \u201cLoca\u201d. <\/p>\n<p class=\"com-paragraph   --s\">A las 22, el predio se encendi\u00f3 con la aparici\u00f3n de un invitado de lujo en el escenario. \u201cLa vida se trata de momentos y esto va a ser un momento imborrable para siempre. Lo escuchamos desde que tenemos 12 a\u00f1os, es una persona generosa, el m\u00e1s grande m\u00fasico argentino. \u00a1Aplausos para Andr\u00e9s Calamaro!\u201c, areng\u00f3 Chano junto antes de fundirse en un abrazo con el m\u00fasico. Juntos, interpretaron \u201cMi vida\u201d -la colaboraci\u00f3n del compositor con la banda en el \u00faltimo disco- a la que le sumaron una versi\u00f3n a d\u00fao y en vivo de \u201cFlaca\u201d. La participaci\u00f3n de \u201cEl salm\u00f3n\u201d fue uno de los momentos m\u00e1s celebrados de la noche por los fan\u00e1ticos.<\/p>\n<p><iframe loading=\"lazy\" title=\"Tan Bionica, Andr\u00e9s Calamaro - Mi Vida (Video Oficial)\" width=\"1170\" height=\"658\" src=\"https:\/\/www.youtube.com\/embed\/HNjn3dIOtD0?wmode=transparent&amp;rel=0&amp;feature=oembed\" frameborder=\"0\" allow=\"accelerometer; autoplay; clipboard-write; encrypted-media; gyroscope; picture-in-picture; web-share\" referrerpolicy=\"strict-origin-when-cross-origin\" allowfullscreen><\/iframe><\/p>\n<p class=\"com-paragraph   --s\">La noche tambi\u00e9n le otorg\u00f3 a Bambi un momento de protagonismo. Ya bajo una fuerte lluvia, el hermano de Chano se acerc\u00f3 solo a proscenio e interpret\u00f3 una canci\u00f3n de su autor\u00eda \u201cMil d\u00edas\u201d. \u201cCuando escrib\u00ed esta canci\u00f3n jam\u00e1s me imagin\u00e9 cantarla en un lugar como este y menos con este clima\u201d, destac\u00f3 emocionado el bajista y productor de la banda. <\/p>\n<p class=\"com-paragraph   --s\">A las 22:40 la banda se mud\u00f3 a un escenario trasero para acercarse a la otra parte del estadio. \u201cQu\u00e9 linda noche. Cuando ten\u00eda 14 a\u00f1os no le encontraba la vuelta a la vida e hicimos este grupo con mis compa\u00f1eros y amigos. Lo \u00fanico que no dej\u00e9 de hacer en la vida fue ensayar todos los fines de semana. Yo ya hab\u00eda entendido mi suerte y ahora tengo una vida feliz con ustedes y con todo el amor que me dan. Me hace muy bien. Me hace una persona muy feliz, no la quiero caretear\u201d, se sincer\u00f3 el l\u00edder de Tan Bi\u00f3nica que tras un per\u00edodo de inestabilidad emocional pareciera transitar una etapa de calma. Tras esas sinceras palabras interpret\u00f3 una canci\u00f3n muy poco conocida que compuso en sus inicios, \u201cNac\u00ed en primavera\u201d y luego, antes de entonar \u201cLoca\u201d acot\u00f3 una reflexi\u00f3n sobre sus propias vivencias. \u201cEsta canci\u00f3n pens\u00e9 que se la hac\u00eda a alguien y me la hac\u00eda a mi. Como m\u00ednimo somos todos neur\u00f3ticos. La locura es peligrosa. Muchas veces jugu\u00e9 con mi locura y no me fue nada bien. Hay que estar bajo control\u201d. En todo momento Chano se mostr\u00f3 conectado, l\u00facido y sin temor de convertir a su m\u00fasica en su cat\u00e1rsis y en su sanaci\u00f3n. <\/p>\n<div class=\"content-media\">\n<section role=\"button\" class=\"mod-media   \">\n<figure role=\"button\" tabindex=\"0\" class=\"mod-figure \"><figcaption class=\"mod-figcaption\"><span class=\"com-text --caption --twoxs\">Tan Bi\u00f3nica en el Estadio de V\u00e9lez Sarfield<\/span><span class=\"com-text --credit --twoxs\">Pilar Camacho<\/span><\/figcaption><\/figure>\n<\/section>\n<\/div>\n<p class=\"com-paragraph   --s\">Otro de los momentos emocionantes del show fue la interpretaci\u00f3n de los hermanos Charpentier de \u201cVasos vac\u00edos\u201d, como homenaje al primer recital que compartieron junto a su padre, de los Fabulosos Cadillacs. Cerca de la medianoche la banda deslumbr\u00f3 con \u201cCiudad m\u00e1gica\u201d, \u201cMis noches de enero\u201d, y \u201cObsesionario\u201d, \u201cEl problema del amor\u201d y \u201c La melod\u00eda de Dios. \u201cTen\u00eda que ser as\u00ed de \u00e9pica esta noche, la lluvia le aport\u00f3 su color. Los abrazo. La vida est\u00e1 llena de colectivos que no vienen pero seguimos confiando en que lo mejor est\u00e1 por venir\u201d, cerr\u00f3 Chano envuelto en una ovaci\u00f3n. <\/p>\n<p class=\"com-paragraph   --s\">A lo largo de las casi tres horas de la presentaci\u00f3n en vivo, los m\u00fasicos y sus fan\u00e1ticos celebraron el regreso de una banda que supo deslumbrar con material nuevo -el \u00e1lbum con diez canciones in\u00e9ditas fue publicado pocos d\u00edas antes del anuncio del show y super\u00f3 los <strong>12 millones de reproducciones <\/strong>en plataformas digitales- sin dejar de mantenerse conectada con sus grandes \u00e9xitos. Tan Bi\u00f3nica demostr\u00f3 que sigue siendo absolutamente fiel a s\u00ed misma. <\/p>\n<section class=\"container-center-100 mb-40 border border-bottom border-thin border-neutral-light-700\">\n<hr\/>\n<\/section>\n<\/div>\n","protected":false},"excerpt":{"rendered":"<p>Tan Bi\u00f3nica lo hizo otra vez. La banda formada por Santiago \u201cChano\u201d Moreno Charpentier, Gonzalo \u201cBambi\u201d Moreno Charpentier, Diego \u201cDiega\u201d Lichtenstein y Sebasti\u00e1n \u201cSeby\u201d Seoane; volvi\u00f3 a los escenarios anoche en el estadio V\u00e9lez con un sonido renovado y una mirada distinta sobre su propia historia. A lo largo del show, de m\u00e1s de dos [&hellip;]<\/p>\n","protected":false},"author":2,"featured_media":85414,"comment_status":"","ping_status":"","sticky":false,"template":"","format":"standard","meta":{"footnotes":""},"categories":[14],"tags":[],"_links":{"self":[{"href":"https:\/\/maxradio923.com.ar\/index.php\/wp-json\/wp\/v2\/posts\/85413"}],"collection":[{"href":"https:\/\/maxradio923.com.ar\/index.php\/wp-json\/wp\/v2\/posts"}],"about":[{"href":"https:\/\/maxradio923.com.ar\/index.php\/wp-json\/wp\/v2\/types\/post"}],"author":[{"embeddable":true,"href":"https:\/\/maxradio923.com.ar\/index.php\/wp-json\/wp\/v2\/users\/2"}],"replies":[{"embeddable":true,"href":"https:\/\/maxradio923.com.ar\/index.php\/wp-json\/wp\/v2\/comments?post=85413"}],"version-history":[{"count":0,"href":"https:\/\/maxradio923.com.ar\/index.php\/wp-json\/wp\/v2\/posts\/85413\/revisions"}],"wp:featuredmedia":[{"embeddable":true,"href":"https:\/\/maxradio923.com.ar\/index.php\/wp-json\/wp\/v2\/media\/85414"}],"wp:attachment":[{"href":"https:\/\/maxradio923.com.ar\/index.php\/wp-json\/wp\/v2\/media?parent=85413"}],"wp:term":[{"taxonomy":"category","embeddable":true,"href":"https:\/\/maxradio923.com.ar\/index.php\/wp-json\/wp\/v2\/categories?post=85413"},{"taxonomy":"post_tag","embeddable":true,"href":"https:\/\/maxradio923.com.ar\/index.php\/wp-json\/wp\/v2\/tags?post=85413"}],"curies":[{"name":"wp","href":"https:\/\/api.w.org\/{rel}","templated":true}]}}