{"id":85409,"date":"2026-04-08T13:49:02","date_gmt":"2026-04-08T16:49:02","guid":{"rendered":"https:\/\/maxradio923.com.ar\/index.php\/2026\/04\/08\/la-furia-de-nicole-neumann-tras-las-criticas-que-recibio-durante-la-internacion-de-su-hija-allegra-gente-resentida\/"},"modified":"2026-04-08T13:49:02","modified_gmt":"2026-04-08T16:49:02","slug":"la-furia-de-nicole-neumann-tras-las-criticas-que-recibio-durante-la-internacion-de-su-hija-allegra-gente-resentida","status":"publish","type":"post","link":"https:\/\/maxradio923.com.ar\/index.php\/2026\/04\/08\/la-furia-de-nicole-neumann-tras-las-criticas-que-recibio-durante-la-internacion-de-su-hija-allegra-gente-resentida\/","title":{"rendered":"La furia de Nicole Neumann tras las cr\u00edticas que recibi\u00f3 durante la internaci\u00f3n de su hija Allegra: \u201cGente resentida\u201d"},"content":{"rendered":"<p><\/p>\n<h2 class=\"article-subheadline text_align_left\">La modelo habl\u00f3 luego de que la acusaran de no visitar a la adolescente en la cl\u00ednica y se mostr\u00f3 enojada por la exposici\u00f3n de las tres ni\u00f1as<\/h2>\n<p><\/p>\n<p class=\"paragraph\">Una nueva interna familiar sacudi\u00f3 a <b>Nicole Neumann<\/b> y <b>Fabi\u00e1n Cubero<\/b> luego de que trascendi\u00f3 que su hija <b>Allegra<\/b> estuvo internada por un tema de salud en una cl\u00ednica durante el fin de semana. La pol\u00e9mica estall\u00f3 cuando Nicol\u00e1s Peralta en el ciclo <i>SQP<\/i> circul\u00f3 la versi\u00f3n de que los familiares de Mar del Plata se habr\u00edan enterado por los medios y Ximena Capristo agreg\u00f3 que Nicole solo la habr\u00eda visitado diez minutos. Estos comentarios dispararon un nuevo round de enfrentamientos y acusaciones cruzadas en la expareja. La situaci\u00f3n fue tan tensa que la propia Allegra se vio obligada a romper el silencio y defender a su madre a trav\u00e9s de un descargo en redes sociales.<\/p>\n<p><\/p>\n<p class=\"paragraph\">Sobre la exposici\u00f3n medi\u00e1tica y el seguimiento constante de sus movimientos, la modelo expres\u00f3: \u201cSe ve que est\u00e1n viendo todo el tiempo qu\u00e9 digo, cada minuto milim\u00e9trico, qu\u00e9 hago, para ver d\u00f3nde se pueden&#8230; <b>sanguijuelas<\/b>\u201d. Y fue contundente sobre el da\u00f1o que generan en su propia hija: \u201c<b>Esa es la \u00fanica l\u00e1stima. Imaginate que a m\u00ed me dan igual<\/b>. Cuando algo es mentira no me afecta, porque<b> de qu\u00e9 me va a afectar si la situaci\u00f3n fue otra<\/b>, si los protagonistas y quienes a m\u00ed me importan de \u00faltima, que es mi hija, mi suegra que se qued\u00f3 cuidando a mi beb\u00e9 porque Manu estaba en Rosario, estaba sola con el gordo y dem\u00e1s. Ya est\u00e1, fin. Qu\u00e9 me interesa la <b>gente malintencionada<\/b>, <b>la gente resentida tantos a\u00f1os<\/b>, que siga queriendo inventar y ensuciar. Bueno, problema de ellos, chicos&#8230; <b>Yo por suerte todo lindo\u201d.<\/b><\/p>\n<p><\/p>\n<p class=\"paragraph\">La conductora confes\u00f3 que<b> Allegra est\u00e1 atravesando un momento dif\u00edcil <\/b>a ra\u00edz de la pol\u00e9mica que se gener\u00f3 a su alrededor: \u201c<b>La est\u00e1 pasando muy mal. Me parten el alma mis hijas<\/b>, mis hijas tienen que quedar afuera&#8230; No quiero hablar de nada privado. Pero s\u00ed, <b>ac\u00e1 el problema son las criaturas<\/b>, lamentablemente. <b>Es lamentable que la gente grande no se d\u00e9 cuenta <\/b>de eso\u201d.<\/p>\n<p><\/p>\n<p class=\"paragraph\">Sobre la posibilidad de un acercamiento privado con Cubero para resolver diferencias, la modelo descart\u00f3 cualquier instancia de di\u00e1logo: \u201cNo, no se maneja as\u00ed igual la cosa\u201d. Y, ante la consulta de si considera a Cubero un mal padre, Nicole prefiri\u00f3 no responder: \u201cNo voy a hablar de esas cosas, y menos, te repito, <b>mis hijas ven, as\u00ed que no tengo nada para decir<\/b>\u201d.<\/p>\n<p><\/p>\n<p class=\"paragraph\">La nota dej\u00f3 a la vista el desgaste emocional y <b>la desesperaci\u00f3n de Nicole Neumann por intentar proteger a sus hijas<\/b> en medio de un entorno medi\u00e1tico y familiar que, lejos de calmarse, parece sumar tensi\u00f3n y exponer cada detalle de la vida privada ante la opini\u00f3n p\u00fablica.<\/p>\n<p><\/p>\n<p class=\"paragraph\">Esta no es la primera vez que la hija del medio de la expareja queda envuelta en este tipo de esc\u00e1ndalos. Meses atr\u00e1s, la fiesta de 15 de la adolescente fue el centro de atenci\u00f3n puesto que<b> gener\u00f3 rispideces entre sus padres<\/b>, quienes decidieron<b> hacer dos fiestas diferentes <\/b>para no tener que cruzarse, esto tambi\u00e9n provoc\u00f3 que la ni\u00f1a salga a aclarar la situaci\u00f3n en sus redes sociales. <\/p>\n","protected":false},"excerpt":{"rendered":"<p>La modelo habl\u00f3 luego de que la acusaran de no visitar a la adolescente en la cl\u00ednica y se mostr\u00f3 enojada por la exposici\u00f3n de las tres ni\u00f1as Una nueva interna familiar sacudi\u00f3 a Nicole Neumann y Fabi\u00e1n Cubero luego de que trascendi\u00f3 que su hija Allegra estuvo internada por un tema de salud en [&hellip;]<\/p>\n","protected":false},"author":2,"featured_media":85410,"comment_status":"","ping_status":"","sticky":false,"template":"","format":"standard","meta":{"footnotes":""},"categories":[12],"tags":[],"_links":{"self":[{"href":"https:\/\/maxradio923.com.ar\/index.php\/wp-json\/wp\/v2\/posts\/85409"}],"collection":[{"href":"https:\/\/maxradio923.com.ar\/index.php\/wp-json\/wp\/v2\/posts"}],"about":[{"href":"https:\/\/maxradio923.com.ar\/index.php\/wp-json\/wp\/v2\/types\/post"}],"author":[{"embeddable":true,"href":"https:\/\/maxradio923.com.ar\/index.php\/wp-json\/wp\/v2\/users\/2"}],"replies":[{"embeddable":true,"href":"https:\/\/maxradio923.com.ar\/index.php\/wp-json\/wp\/v2\/comments?post=85409"}],"version-history":[{"count":0,"href":"https:\/\/maxradio923.com.ar\/index.php\/wp-json\/wp\/v2\/posts\/85409\/revisions"}],"wp:featuredmedia":[{"embeddable":true,"href":"https:\/\/maxradio923.com.ar\/index.php\/wp-json\/wp\/v2\/media\/85410"}],"wp:attachment":[{"href":"https:\/\/maxradio923.com.ar\/index.php\/wp-json\/wp\/v2\/media?parent=85409"}],"wp:term":[{"taxonomy":"category","embeddable":true,"href":"https:\/\/maxradio923.com.ar\/index.php\/wp-json\/wp\/v2\/categories?post=85409"},{"taxonomy":"post_tag","embeddable":true,"href":"https:\/\/maxradio923.com.ar\/index.php\/wp-json\/wp\/v2\/tags?post=85409"}],"curies":[{"name":"wp","href":"https:\/\/api.w.org\/{rel}","templated":true}]}}