{"id":85401,"date":"2026-04-08T13:33:03","date_gmt":"2026-04-08T16:33:03","guid":{"rendered":"https:\/\/maxradio923.com.ar\/index.php\/2026\/04\/08\/angel-de-brito-revelo-el-nombre-falso-con-el-que-internaron-a-andrea-del-boca\/"},"modified":"2026-04-08T13:33:03","modified_gmt":"2026-04-08T16:33:03","slug":"angel-de-brito-revelo-el-nombre-falso-con-el-que-internaron-a-andrea-del-boca","status":"publish","type":"post","link":"https:\/\/maxradio923.com.ar\/index.php\/2026\/04\/08\/angel-de-brito-revelo-el-nombre-falso-con-el-que-internaron-a-andrea-del-boca\/","title":{"rendered":"\u00c1ngel de Brito revel\u00f3 el nombre falso con el que internaron a Andrea del Boca"},"content":{"rendered":"<p><\/p>\n<h2 class=\"article-subheadline text_align_left\">El periodista comparti\u00f3 en LAM parte del informe m\u00e9dico despu\u00e9s del accidente de la actriz en Gran Hermano<\/h2>\n<p><\/p>\n<p class=\"paragraph\">El reciente parte m\u00e9dico de <b>Andrea del Boca<\/b> tras su salida de <i><b>Gran Hermano Generaci\u00f3n Dorada<\/b><\/i><b> <\/b>incluy\u00f3 un detalle inesperado: la actriz fue ingresada al centro de salud bajo el nombre \u201c<b>Mar\u00eda del B<\/b>\u201d. La revelaci\u00f3n sorprendi\u00f3 al panel de <i>LAM<\/i>, donde <b>\u00c1ngel de Brito<\/b> precis\u00f3: <b>\u201cAs\u00ed la internaron\u201d<\/b>, generando instant\u00e1neas reacciones entre sus colegas.<\/p>\n<p><\/p>\n<p class=\"paragraph\">Pilar Smith, tambi\u00e9n presente en la emisi\u00f3n, dej\u00f3 flotando una inc\u00f3gnita: <b>\u201cSiempre hay misterio alrededor de Andrea\u201d<\/b>. Con esa frase, se consolid\u00f3 la sensaci\u00f3n de incertidumbre y se instal\u00f3 el debate sobre si el accidente fue tan grave como se sugiri\u00f3 en un principio.<\/p>\n<p><\/p>\n<p class=\"paragraph\"><b>La internaci\u00f3n de Andrea del Boca tras su accidente en <\/b><i><b>Gran Hermano<\/b><\/i><b> gener\u00f3 dudas respecto a la gravedad real de sus lesiones.<\/b> Aunque se la registr\u00f3 con un nombre diferente y se mencion\u00f3 un supuesto golpe, el parte m\u00e9dico oficial no confirm\u00f3 lesiones traum\u00e1ticas de consideraci\u00f3n, lo que llev\u00f3 a los panelistas a preguntarse si el episodio pudo haber sido sobreactuado para el show.<\/p>\n<p><\/p>\n<p class=\"paragraph\">La decisi\u00f3n de utilizar un nombre alternativo al ser hospitalizada fue uno de los temas que m\u00e1s llam\u00f3 la atenci\u00f3n en el espacio conducido por De Brito. <b>El conductor remarc\u00f3 la sorpresa del equipo al conocer la elecci\u00f3n de \u201cMar\u00eda del B\u201d como identificaci\u00f3n oficial durante la atenci\u00f3n m\u00e9dica.<\/b><\/p>\n<p><\/p>\n<p class=\"paragraph\">Mientras tanto, se multiplican las preguntas sobre los motivos de la salida de la actriz del programa. La combinaci\u00f3n entre un incidente f\u00edsico y versiones sobre un ambiente adverso dentro de la casa alimentan las interpretaciones sobre lo ocurrido. <\/p>\n<p><\/p>\n<p class=\"paragraph\">El reciente accidente de Andrea del Boca en la casa de <i><b>Gran Hermano: Generaci\u00f3n Dorada<\/b><\/i> gener\u00f3 alarma tanto entre los participantes como fuera de la pantalla. <b>Las c\u00e1maras registraron el momento en que la actriz, en plena cocina, cay\u00f3 de frente, lo que motiv\u00f3 una atenci\u00f3n m\u00e9dica inmediata y la preocupaci\u00f3n del p\u00fablico.<\/b><\/p>\n","protected":false},"excerpt":{"rendered":"<p>El periodista comparti\u00f3 en LAM parte del informe m\u00e9dico despu\u00e9s del accidente de la actriz en Gran Hermano El reciente parte m\u00e9dico de Andrea del Boca tras su salida de Gran Hermano Generaci\u00f3n Dorada incluy\u00f3 un detalle inesperado: la actriz fue ingresada al centro de salud bajo el nombre \u201cMar\u00eda del B\u201d. La revelaci\u00f3n sorprendi\u00f3 [&hellip;]<\/p>\n","protected":false},"author":2,"featured_media":85402,"comment_status":"","ping_status":"","sticky":false,"template":"","format":"standard","meta":{"footnotes":""},"categories":[12],"tags":[],"_links":{"self":[{"href":"https:\/\/maxradio923.com.ar\/index.php\/wp-json\/wp\/v2\/posts\/85401"}],"collection":[{"href":"https:\/\/maxradio923.com.ar\/index.php\/wp-json\/wp\/v2\/posts"}],"about":[{"href":"https:\/\/maxradio923.com.ar\/index.php\/wp-json\/wp\/v2\/types\/post"}],"author":[{"embeddable":true,"href":"https:\/\/maxradio923.com.ar\/index.php\/wp-json\/wp\/v2\/users\/2"}],"replies":[{"embeddable":true,"href":"https:\/\/maxradio923.com.ar\/index.php\/wp-json\/wp\/v2\/comments?post=85401"}],"version-history":[{"count":0,"href":"https:\/\/maxradio923.com.ar\/index.php\/wp-json\/wp\/v2\/posts\/85401\/revisions"}],"wp:featuredmedia":[{"embeddable":true,"href":"https:\/\/maxradio923.com.ar\/index.php\/wp-json\/wp\/v2\/media\/85402"}],"wp:attachment":[{"href":"https:\/\/maxradio923.com.ar\/index.php\/wp-json\/wp\/v2\/media?parent=85401"}],"wp:term":[{"taxonomy":"category","embeddable":true,"href":"https:\/\/maxradio923.com.ar\/index.php\/wp-json\/wp\/v2\/categories?post=85401"},{"taxonomy":"post_tag","embeddable":true,"href":"https:\/\/maxradio923.com.ar\/index.php\/wp-json\/wp\/v2\/tags?post=85401"}],"curies":[{"name":"wp","href":"https:\/\/api.w.org\/{rel}","templated":true}]}}