{"id":85391,"date":"2026-04-08T13:01:02","date_gmt":"2026-04-08T16:01:02","guid":{"rendered":"https:\/\/maxradio923.com.ar\/index.php\/2026\/04\/08\/luciano-caceres-y-el-unipersonal-que-pone-el-foco-en-la-diversidad-busco-un-publico-que-saque-sus-conclusiones\/"},"modified":"2026-04-08T13:01:02","modified_gmt":"2026-04-08T16:01:02","slug":"luciano-caceres-y-el-unipersonal-que-pone-el-foco-en-la-diversidad-busco-un-publico-que-saque-sus-conclusiones","status":"publish","type":"post","link":"https:\/\/maxradio923.com.ar\/index.php\/2026\/04\/08\/luciano-caceres-y-el-unipersonal-que-pone-el-foco-en-la-diversidad-busco-un-publico-que-saque-sus-conclusiones\/","title":{"rendered":"Luciano C\u00e1ceres y el unipersonal que pone el foco en la diversidad: \u201cBusco un p\u00fablico que saque sus conclusiones\u201d"},"content":{"rendered":"<p><\/p>\n<h2 class=\"article-subheadline text_align_left\">El actor pas\u00f3 por Infobae en Vivo para hablar de Para\u00edso, la obra que renueva el debate sobre identidad y prejuicios con la dosis justa de humor<\/h2>\n<p><\/p>\n<p class=\"paragraph\"><b>Luciano C\u00e1ceres<\/b> regresa al teatro con <i><b>Para\u00edso<\/b><\/i><b> <\/b>un trabajo en el que los desaf\u00edos y las exigencias interpelan tanto a \u00e9l como al p\u00fablico. El unipersonal, con texto de Inmaculada Alvear, versi\u00f3n de Dany Ma\u00f1as y direcci\u00f3n de Ignacio Rodr\u00edguez de Anca, agot\u00f3 localidades en el San Mart\u00edn y suma nuevas funciones en el Teatro Regio. En su visita a<b> <\/b><b>Infobae en Vivo<\/b>, el actor reflexion\u00f3 sobre la puesta que reestrenar\u00e1 el mi\u00e9rcoles 15 de abril, tras una temporada en Mar del Plata y mientras se prepara para girar por diferentes salas del pa\u00eds.<\/p>\n<p><\/p>\n<p class=\"paragraph\">La propuesta pone en primer plano cuestiones de racismo, homofobia, xenofobia y clase en las que el personaje verbaliza sus propios sesgos: \u201cAhora no solo tengo la inteligencia masculina, sino que tambi\u00e9n la intuici\u00f3n femenina\u201d, sintetiza. Sobre ese sustento, el texto desenmascara la tendencia a subestimar capacidades en funci\u00f3n del g\u00e9nero y muestra c\u00f3mo las estructuras de poder y los prejuicios atraviesan la experiencia cotidiana.<\/p>\n<p><\/p>\n<p class=\"paragraph\">C\u00e1ceres destaca que <i>Para\u00edso<\/i> no busca espectadores pasivos. La obra exige atenci\u00f3n y reflexi\u00f3n, y el p\u00fablico debe construir su propia interpretaci\u00f3n. \u201cSon espect\u00e1culos no predigeridos.<b> Se piensa en un espectador activo que saca sus propias conclusiones, que tiene ideas, pensamientos, emociones y que las pone tambi\u00e9n a debatir con lo que est\u00e1 viendo<\/b>\u201d. El humor, lejos de suavizar los conflictos, aparece como recurso para habilitar la reflexi\u00f3n: \u201cEl humor siempre es la mejor forma para reflexionar. Ya lo dec\u00eda Moli\u00e8re\u201d, justifica.<\/p>\n<p><\/p>\n<p class=\"paragraph\">La experiencia personal de C\u00e1ceres con la diferencia y el cambio de \u00e9poca se cuela en la conversaci\u00f3n. Relata c\u00f3mo en su infancia ser un chico interesado en el arte lo convert\u00eda en <b>\u201cel raro de la escuela\u201d<\/b>. Valora que las generaciones actuales viven la diversidad como algo natural: \u201cPor suerte los tiempos han cambiado, y hay un mont\u00f3n de cosas que ya vienen incorporadas en las nuevas generaciones que ni se preguntan, que nosotros ten\u00edamos que rotular\u201d. En ese proceso, el v\u00ednculo con su hija Amelia y el intercambio familiar refuerzan la idea de aprendizaje mutuo: \u201cLo que uno le ense\u00f1a a sus hijos es lo que uno aprende de sus hijos. Yo soy consciente de eso\u201d.<\/p>\n<p><\/p>\n<p class=\"paragraph\">La met\u00e1fora del trasplante de coraz\u00f3n funciona como detonante para hablar de segundas oportunidades y de la posibilidad de cambio. \u201cLa obra, de alguna manera, toma esto como excusa, como cualquier hecho traum\u00e1tico que hace que la vida te cambie. Y por ah\u00ed es pedir un permiso para que algo que estaba adentro y que no le dabas, aflore\u201d, concluye<\/p>\n<p><\/p>\n<p class=\"paragraph\"><b>Infobae <\/b>te acompa\u00f1a cada d\u00eda en YouTube con entrevistas, an\u00e1lisis y la informaci\u00f3n m\u00e1s destacada, en un formato cercano y din\u00e1mico.<\/p>\n","protected":false},"excerpt":{"rendered":"<p>El actor pas\u00f3 por Infobae en Vivo para hablar de Para\u00edso, la obra que renueva el debate sobre identidad y prejuicios con la dosis justa de humor Luciano C\u00e1ceres regresa al teatro con Para\u00edso un trabajo en el que los desaf\u00edos y las exigencias interpelan tanto a \u00e9l como al p\u00fablico. El unipersonal, con texto [&hellip;]<\/p>\n","protected":false},"author":2,"featured_media":85392,"comment_status":"","ping_status":"","sticky":false,"template":"","format":"standard","meta":{"footnotes":""},"categories":[12],"tags":[],"_links":{"self":[{"href":"https:\/\/maxradio923.com.ar\/index.php\/wp-json\/wp\/v2\/posts\/85391"}],"collection":[{"href":"https:\/\/maxradio923.com.ar\/index.php\/wp-json\/wp\/v2\/posts"}],"about":[{"href":"https:\/\/maxradio923.com.ar\/index.php\/wp-json\/wp\/v2\/types\/post"}],"author":[{"embeddable":true,"href":"https:\/\/maxradio923.com.ar\/index.php\/wp-json\/wp\/v2\/users\/2"}],"replies":[{"embeddable":true,"href":"https:\/\/maxradio923.com.ar\/index.php\/wp-json\/wp\/v2\/comments?post=85391"}],"version-history":[{"count":0,"href":"https:\/\/maxradio923.com.ar\/index.php\/wp-json\/wp\/v2\/posts\/85391\/revisions"}],"wp:featuredmedia":[{"embeddable":true,"href":"https:\/\/maxradio923.com.ar\/index.php\/wp-json\/wp\/v2\/media\/85392"}],"wp:attachment":[{"href":"https:\/\/maxradio923.com.ar\/index.php\/wp-json\/wp\/v2\/media?parent=85391"}],"wp:term":[{"taxonomy":"category","embeddable":true,"href":"https:\/\/maxradio923.com.ar\/index.php\/wp-json\/wp\/v2\/categories?post=85391"},{"taxonomy":"post_tag","embeddable":true,"href":"https:\/\/maxradio923.com.ar\/index.php\/wp-json\/wp\/v2\/tags?post=85391"}],"curies":[{"name":"wp","href":"https:\/\/api.w.org\/{rel}","templated":true}]}}