{"id":85389,"date":"2026-04-08T12:58:08","date_gmt":"2026-04-08T15:58:08","guid":{"rendered":"https:\/\/maxradio923.com.ar\/index.php\/2026\/04\/08\/sudamericano-sub-17-un-arquero-cometio-un-insolito-penal-cuando-ya-tenia-la-pelota-en-sus-manos\/"},"modified":"2026-04-08T12:58:08","modified_gmt":"2026-04-08T15:58:08","slug":"sudamericano-sub-17-un-arquero-cometio-un-insolito-penal-cuando-ya-tenia-la-pelota-en-sus-manos","status":"publish","type":"post","link":"https:\/\/maxradio923.com.ar\/index.php\/2026\/04\/08\/sudamericano-sub-17-un-arquero-cometio-un-insolito-penal-cuando-ya-tenia-la-pelota-en-sus-manos\/","title":{"rendered":"Sudamericano Sub 17: un arquero cometi\u00f3 un ins\u00f3lito penal cuando ya ten\u00eda la pelota en sus manos"},"content":{"rendered":"<p><\/p>\n<div xmlns:default=\"http:\/\/www.w3.org\/2000\/svg\">\n<div class=\"jwplayer-ctn\"><figcaption class=\"jwplayer-figcaption\">El ins\u00f3lito penal del arquero de Chile ante Colombia en el Sudamericano Sub 17<\/figcaption><\/div>\n<p class=\"paragraph\">La selecci\u00f3n chilena sub 17 cay\u00f3 por 1-0 ante <b>Colombia<\/b> tras un penal sancionado por una acci\u00f3n desacertada de su arquero, resultado que profundiz\u00f3 su crisis en el <b>Campeonato<\/b> <b>Sudamericano<\/b> que se lleva a cabo en Paraguay, y lo releg\u00f3 al \u00faltimo puesto de su grupo, situaci\u00f3n que amenaza sus opciones de clasificaci\u00f3n para el Mundial de la categor\u00eda. <\/p>\n<p class=\"paragraph\">La Roja perdi\u00f3 frente al elenco cafetero por un penal concedido tras una falta del arquero <b>Vicente Villegas sobre Julio Sinisterra<\/b> cuando estaba por terminar el primer tiempo. Lo que parec\u00eda una jugada controlada deriv\u00f3 en una reacci\u00f3n impulsiva del arquero chileno, quien cometi\u00f3 una falta innecesaria con una patada que hizo trastabillar dentro del \u00e1rea al delantero colombiano. <\/p>\n<p class=\"paragraph\">El \u00e1rbitro boliviano Rodolfo Vera sancion\u00f3 el penal (no hay VAR en este certamen), que fue ejecutado y convertido por <b>Jos\u00e9 Escorcia<\/b>, lo que signific\u00f3 el \u00fanico gol del encuentro. Esta acci\u00f3n, marcada m\u00e1s por la emotividad que por la t\u00e1ctica, modific\u00f3 por completo el escenario competitivo y dej\u00f3 a Chile en desventaja. Si bien el arquero que milita en Coquimbo Unido se destac\u00f3 con un par de buenas atajadas en el complemento, su equipo no pudo siquiera rescatar un empate.<\/p>\n<p class=\"paragraph\">Este rev\u00e9s oblig\u00f3 al equipo dirigido por <b>Ariel Leporati<\/b> a ganar en los pr\u00f3ximos compromisos frente a Paraguay y Ecuador si pretende mantener posibilidades en el torneo. Antes de este encuentro, el equipo chileno proced\u00eda de un empate frente a <b>Uruguay<\/b>. Tras la derrota, la tabla del grupo los ubica en el \u00faltimo lugar con apenas un punto, un saldo magro que exige una reacci\u00f3n inmediata de cara a los pr\u00f3ximos partidos clave: enfrentar\u00e1n el jueves al anfitri\u00f3n <i>guaran\u00ed <\/i>y el domingo a la <i>Tri<\/i>, el l\u00edder de la zona, ambos encuentros programados para las 20:00 (hora argentina). La falta de triunfos, las deficiencias en la generaci\u00f3n ofensiva y los errores individuales han configurado un contexto donde cualquier descuido puede ser determinante para las aspiraciones globales de los trasandinos.<\/p>\n<p class=\"paragraph\">A diferencia de otras ediciones, el formato contempla diez selecciones divididas en dos grupos de cinco: los dos primeros avanzan a semifinales y garantizan su boleto al Mundial, mientras que un sistema de \u201cFinal Four\u201d entre terceros y cuartos otorga los tres cupos restantes. Actualmente, los chilenos solos superan a s\u00ed mismos en la tabla, un dato que los diferencia de rivales que ya han sumado victorias y pone en evidencia el retroceso competitivo en comparaci\u00f3n con sus participaciones previas.<\/p>\n<p><soccer-worldcup2026-cta-predict\/><link rel=\"stylesheet\" crossorigin=\"true\" href=\"https:\/\/storage.googleapis.com\/arc-buckets\/web-components\/soccer\/ctas\/predict.css\"\/>\n<p class=\"paragraph\">En la categor\u00eda Sub 17,<b> Chile nunca fue campe\u00f3n <\/b>pero s\u00ed termin\u00f3 en el segundo puesto en tres oportunidades (Colombia 1993, Chile 2017 y Per\u00fa 2019). Adem\u00e1s, termin\u00f3 en el tercer lugar del podio en Paraguay 1997.<\/p>\n<\/div>\n<p><script defer=\"\">try{!function(f,b,e,v,n,t,s) {if(f.fbq)return;n=f.fbq=function(){n.callMethod? n.callMethod.apply(n,arguments):n.queue.push(arguments)}; if(!f._fbq)f._fbq=n;n.push=n;n.loaded=!0;n.version='2.0'; n.queue=[];t=b.createElement(e);t.async=!0; t.src=v;s=b.getElementsByTagName(e)[0]; s.parentNode.insertBefore(t,s)}(window, document,'script', ' fbq('init', '336383993555320'); fbq('track', 'PageView'); fbq('track', 'ViewContent');}catch(error){console.log(\"Error al inicializar facebookPixelRawCodeScript:\",error);}<\/script><\/p>\n","protected":false},"excerpt":{"rendered":"<p>El ins\u00f3lito penal del arquero de Chile ante Colombia en el Sudamericano Sub 17 La selecci\u00f3n chilena sub 17 cay\u00f3 por 1-0 ante Colombia tras un penal sancionado por una acci\u00f3n desacertada de su arquero, resultado que profundiz\u00f3 su crisis en el Campeonato Sudamericano que se lleva a cabo en Paraguay, y lo releg\u00f3 al [&hellip;]<\/p>\n","protected":false},"author":2,"featured_media":85390,"comment_status":"","ping_status":"","sticky":false,"template":"","format":"standard","meta":{"footnotes":""},"categories":[2],"tags":[],"_links":{"self":[{"href":"https:\/\/maxradio923.com.ar\/index.php\/wp-json\/wp\/v2\/posts\/85389"}],"collection":[{"href":"https:\/\/maxradio923.com.ar\/index.php\/wp-json\/wp\/v2\/posts"}],"about":[{"href":"https:\/\/maxradio923.com.ar\/index.php\/wp-json\/wp\/v2\/types\/post"}],"author":[{"embeddable":true,"href":"https:\/\/maxradio923.com.ar\/index.php\/wp-json\/wp\/v2\/users\/2"}],"replies":[{"embeddable":true,"href":"https:\/\/maxradio923.com.ar\/index.php\/wp-json\/wp\/v2\/comments?post=85389"}],"version-history":[{"count":0,"href":"https:\/\/maxradio923.com.ar\/index.php\/wp-json\/wp\/v2\/posts\/85389\/revisions"}],"wp:featuredmedia":[{"embeddable":true,"href":"https:\/\/maxradio923.com.ar\/index.php\/wp-json\/wp\/v2\/media\/85390"}],"wp:attachment":[{"href":"https:\/\/maxradio923.com.ar\/index.php\/wp-json\/wp\/v2\/media?parent=85389"}],"wp:term":[{"taxonomy":"category","embeddable":true,"href":"https:\/\/maxradio923.com.ar\/index.php\/wp-json\/wp\/v2\/categories?post=85389"},{"taxonomy":"post_tag","embeddable":true,"href":"https:\/\/maxradio923.com.ar\/index.php\/wp-json\/wp\/v2\/tags?post=85389"}],"curies":[{"name":"wp","href":"https:\/\/api.w.org\/{rel}","templated":true}]}}