{"id":85387,"date":"2026-04-08T12:57:05","date_gmt":"2026-04-08T15:57:05","guid":{"rendered":"https:\/\/maxradio923.com.ar\/index.php\/2026\/04\/08\/tras-los-agraviantes-comentarios-sobre-mercedes-sosa-de-un-funcionario-tucumano-la-familia-de-la-artista-emitio-un-comunicado\/"},"modified":"2026-04-08T12:57:05","modified_gmt":"2026-04-08T15:57:05","slug":"tras-los-agraviantes-comentarios-sobre-mercedes-sosa-de-un-funcionario-tucumano-la-familia-de-la-artista-emitio-un-comunicado","status":"publish","type":"post","link":"https:\/\/maxradio923.com.ar\/index.php\/2026\/04\/08\/tras-los-agraviantes-comentarios-sobre-mercedes-sosa-de-un-funcionario-tucumano-la-familia-de-la-artista-emitio-un-comunicado\/","title":{"rendered":"Tras los agraviantes comentarios sobre Mercedes Sosa de un funcionario tucumano, la familia de la artista emiti\u00f3 un comunicado"},"content":{"rendered":"<p><\/p>\n<div>\n<p class=\"com-paragraph  --capital --s\">Como si fuera parte de un rito, la voz de <strong>Mercedes Sosa<\/strong> son\u00f3 al finalizar las palabras de los oradores principales de la reciente marcha por la memoria, verdad y justicia que record\u00f3 los 50 a\u00f1os del golpe del 24 de marzo de 1976. En la misma semana, el nombre de la exquisita cantante empez\u00f3 a circular en redes y en los portales de noticias. En pocos d\u00edas se pas\u00f3 de la reivindicaci\u00f3n de su voz \u00fanica al agravio. <\/p>\n<p class=\"com-paragraph   --s\">Comentarios de <strong>Enzo Ferreira<\/strong>, referente de La Libertad Avanza<strong> <\/strong>en la provincia de Tucum\u00e1n y coordinador de Radio Nacional de dicha provincia, que lleva justamente el nombre de Mercedes Sosa, generaron una fuerte pol\u00e9mica. Todo se inici\u00f3 cuando tild\u00f3 a la recordada artista de \u201cgorda comunista\u201d al repostear el mensaje de otro usuario que dec\u00eda: \u201cEsta gorda fue un c\u00e1ncer\u201d. Motivado por un comentario de otro forista, afirm\u00f3 luego:<strong> <\/strong>\u201csolo hice una descripci\u00f3n f\u00edsica e ideol\u00f3gica\u201d.<\/p>\n<p class=\"com-paragraph   --s\">Aquello sucedi\u00f3 en febrero pero, como suele suceder en las redes, a veces los efectos empiezan a tomar cuerpo con el tiempo. \u201cSiempre dije que separo el talento de la ideolog\u00eda con algunos artistas\u201d, agreg\u00f3 Ferreira incluyendo en su listado al<strong> Indio Solari<\/strong>, exl\u00edder de Patricio Rey y sus Redonditos de Ricota.<\/p>\n<div class=\"content-media\">\n<section role=\"button\" class=\"mod-media   \">\n<figure role=\"button\" tabindex=\"0\" class=\"mod-figure \"><figcaption class=\"mod-figcaption\"><span class=\"com-text --caption --twoxs\">Mercedes Sosa<\/span><span class=\"com-text --credit --twoxs\">ALFREDO SANCHEZ<\/span><\/figcaption><\/figure>\n<\/section>\n<\/div>\n<p class=\"com-paragraph   --s\">A ra\u00edz de estos comentarios, el diario <em>La Gaceta <\/em>de Tucum\u00e1n se comunic\u00f3 con Ferreira, quien minimiz\u00f3 el episodio al se\u00f1alar que \u201cfue solo un retuit, no un tuit\u201d escrito en el contexto de la presentaci\u00f3n de Bad Bunny en el Super Bowl. Sugiri\u00f3 que la difusi\u00f3n actual de esos mensajes podr\u00eda responder a una represalia pol\u00edtica luego de haber realizado una denuncia.<\/p>\n<p class=\"com-paragraph   --s\">Frente a esta situaci\u00f3n, el <strong>Ente Cultural de Tucum\u00e1n<\/strong> denunci\u00f3 que \u201ces inadmisible que discursos de odio, violencia simb\u00f3lica y desvalorizaci\u00f3n circulen en el espacio p\u00fablico, y m\u00e1s a\u00fan cuando provienen de personas que ejercen funciones institucionales\u201d. La entidad agreg\u00f3 que este tipo de ataques no solamente afectan la memoria de la cantora, sino a toda la comunidad para la cual Sosa es \u201creferente indiscutida\u201d de identidad y patrimonio. Al cierre de esta nota, en la p\u00e1gina oficial de Radio Nacional, que dirige Fernando Subirat, no hab\u00eda menci\u00f3n alguna al caso. <\/p>\n<p class=\"com-paragraph   --s\">Este s\u00e1bado, Enzo Ferreira, que en su cuenta de X aparece en una foto suya acompa\u00f1ada por la frase \u201cNo venimos a destruir sino a organizar\u201d, subi\u00f3 a Instagram su versi\u00f3n. \u201cSoy periodista, pero por no pertenecer a un <em>establishment<\/em> period\u00edstico jam\u00e1s recib\u00ed el apoyo de medios tradicionales ante los avances sobre mi libertad de expresi\u00f3n y prensa -sostuvo-. Toda una operaci\u00f3n pol\u00edtica busc\u00f3 desviar la atenci\u00f3n para hablar de m\u00ed y un tuit. \u00bfEstuve mal? En parte s\u00ed y lo reconozco, pero hay cosas innegables que, como periodista, siempre voy a sostener con pruebas y argumentos. La cultura va mucho m\u00e1s all\u00e1 de defender figuras emblem\u00e1ticas, tambi\u00e9n tiene que ver con nuestras pr\u00e1cticas como ciudadanos y\/o autoridades. Muchos de los que me atacaron y amenazaron son parte de d\u00e9cadas de decadencia y apoyan abiertamente a gente que a la cultura no le suma nada, porque sus ideas y pr\u00e1cticas dejan mucho que desear\u201d.<\/p>\n<div class=\"content-media\">\n<section role=\"button\" class=\"mod-media   \">\n<figure role=\"button\" tabindex=\"0\" class=\"mod-figure \"><figcaption class=\"mod-figcaption\"><span class=\"com-text --caption --twoxs\">Agust\u00edn Laje junto a Enzo Ferreira, el funcionario de Radio Nacional <\/span><\/figcaption><\/figure>\n<\/section>\n<\/div>\n<p class=\"com-paragraph   --s\">En paralelo, <strong>los familiares de Mercedes Sosa<\/strong> repudiaron en las redes sociales las palabras del funcionario. \u201cSu memoria no necesita defensa. Como familia, trabajamos permanentemente en la difusi\u00f3n de su obra y elegimos no responder al odio con m\u00e1s odio, porque como Mercedes nos ense\u00f1\u00f3, la mejor respuesta es la construcci\u00f3n cultural. Seguiremos trabajando en la protecci\u00f3n de su legado que es de todos y todas, y para todos y todas. Es por eso tambi\u00e9n que pedimos la renuncia del coordinador de Radio Nacional Tucum\u00e1n, Mercedes Sosa. Es inadmisible que un funcionario p\u00fablico est\u00e9 al frente de la emisora que lleva el nombre de quien intent\u00f3 desprestigiar\u201d, se\u00f1ala el comunicado que finaliza de este modo: \u201cEl ruido de las redes es pasajero; la voz de Mercedes, como nuestra tierra, es eterna\u201d.<\/p>\n<div class=\"content-media\">\n<section role=\"button\" class=\"mod-media   \">\n<figure role=\"button\" tabindex=\"0\" class=\"mod-figure \"><figcaption class=\"mod-figcaption\"><span class=\"com-text --caption --twoxs\">Carta abierta de la familia de Mercedes Sosa<\/span><\/figcaption><\/figure>\n<\/section>\n<\/div>\n<p class=\"com-paragraph   --s\">El comunicado aparece replicado en la cuenta de Instagram de <strong>Maby Sosa<\/strong>, sobrina de la cantante. En intercambio de mensajes con <strong>LA NACION<\/strong>, la tambi\u00e9n periodista se\u00f1ala que nadie de la emisora estatal como de Cultura Naci\u00f3n se comunic\u00f3 con ellos. <\/p>\n<p class=\"com-paragraph   --s\">En estos d\u00edas, fue entrevistada por la FM La Tucumana. \u201cCada uno puede querer al artista que quiera, pero el problema es, primero, el insulto por una forma de pensar y, segundo y grave, que sea un funcionario p\u00fablico, del Estado. Y, adem\u00e1s, de una radio que lleva el nombre de Mercedes Sosa\u201d .<\/p>\n<section class=\"container-center-100 mb-40 border border-bottom border-thin border-neutral-light-700\">\n<hr\/>\n<\/section>\n<\/div>\n","protected":false},"excerpt":{"rendered":"<p>Como si fuera parte de un rito, la voz de Mercedes Sosa son\u00f3 al finalizar las palabras de los oradores principales de la reciente marcha por la memoria, verdad y justicia que record\u00f3 los 50 a\u00f1os del golpe del 24 de marzo de 1976. En la misma semana, el nombre de la exquisita cantante empez\u00f3 [&hellip;]<\/p>\n","protected":false},"author":2,"featured_media":85388,"comment_status":"","ping_status":"","sticky":false,"template":"","format":"standard","meta":{"footnotes":""},"categories":[14],"tags":[],"_links":{"self":[{"href":"https:\/\/maxradio923.com.ar\/index.php\/wp-json\/wp\/v2\/posts\/85387"}],"collection":[{"href":"https:\/\/maxradio923.com.ar\/index.php\/wp-json\/wp\/v2\/posts"}],"about":[{"href":"https:\/\/maxradio923.com.ar\/index.php\/wp-json\/wp\/v2\/types\/post"}],"author":[{"embeddable":true,"href":"https:\/\/maxradio923.com.ar\/index.php\/wp-json\/wp\/v2\/users\/2"}],"replies":[{"embeddable":true,"href":"https:\/\/maxradio923.com.ar\/index.php\/wp-json\/wp\/v2\/comments?post=85387"}],"version-history":[{"count":0,"href":"https:\/\/maxradio923.com.ar\/index.php\/wp-json\/wp\/v2\/posts\/85387\/revisions"}],"wp:featuredmedia":[{"embeddable":true,"href":"https:\/\/maxradio923.com.ar\/index.php\/wp-json\/wp\/v2\/media\/85388"}],"wp:attachment":[{"href":"https:\/\/maxradio923.com.ar\/index.php\/wp-json\/wp\/v2\/media?parent=85387"}],"wp:term":[{"taxonomy":"category","embeddable":true,"href":"https:\/\/maxradio923.com.ar\/index.php\/wp-json\/wp\/v2\/categories?post=85387"},{"taxonomy":"post_tag","embeddable":true,"href":"https:\/\/maxradio923.com.ar\/index.php\/wp-json\/wp\/v2\/tags?post=85387"}],"curies":[{"name":"wp","href":"https:\/\/api.w.org\/{rel}","templated":true}]}}