{"id":85383,"date":"2026-04-08T12:45:03","date_gmt":"2026-04-08T15:45:03","guid":{"rendered":"https:\/\/maxradio923.com.ar\/index.php\/2026\/04\/08\/sali-de-arriba-de-ella-esta-violeta-violenta-pelea-entre-dos-mujeres-en-la-plata-por-una-discusion-de-transito\/"},"modified":"2026-04-08T12:45:03","modified_gmt":"2026-04-08T15:45:03","slug":"sali-de-arriba-de-ella-esta-violeta-violenta-pelea-entre-dos-mujeres-en-la-plata-por-una-discusion-de-transito","status":"publish","type":"post","link":"https:\/\/maxradio923.com.ar\/index.php\/2026\/04\/08\/sali-de-arriba-de-ella-esta-violeta-violenta-pelea-entre-dos-mujeres-en-la-plata-por-una-discusion-de-transito\/","title":{"rendered":"\u201cSal\u00ed de arriba de ella, est\u00e1 violeta\u201d: violenta pelea entre dos mujeres en La Plata por una discusi\u00f3n de tr\u00e1nsito"},"content":{"rendered":"<p><\/p>\n<h2 class=\"article-subheadline text_align_left\">Un roce entre un auto y una moto deriv\u00f3 en un confuso altercado en el cruce de 12 y 58. La motociclista habr\u00eda atacado con un cuchillo a la otra persona, que termin\u00f3 asfixi\u00e1ndola contra el asfalto<\/h2>\n<p><\/p>\n<p class=\"paragraph\">Una violenta pelea se produjo en la intersecci\u00f3n de <b>12 y 58<\/b> en La Plata, y parte del enfrentamiento qued\u00f3 registrado en video: una joven motociclista fue <b>reducida sobre el asfalto<\/b> por una mujer de mayor envergadura f\u00edsica.<\/p>\n<p><\/p>\n<p class=\"paragraph\">Seg\u00fan versiones iniciales, el conflicto se gener\u00f3 por un <b>roce entre un autom\u00f3vil y la moto<\/b>. Seg\u00fan la abuela de la mujer que conduc\u00eda el veh\u00edculo, quien <b>coment\u00f3 en una publicaci\u00f3n de Instagram sobre el video del hecho<\/b>, dijo que la <b>motociclista atac\u00f3 con un cuchillo a su nieta.<\/b> \u201cLe peg\u00f3 una pi\u00f1a y la roz\u00f3 con el cuchillo\u201d, argument\u00f3 la mujer. <b>En el video no se ve ning\u00fan arma blanca cerca<\/b>.<\/p>\n<p><\/p>\n<p class=\"paragraph\">Seg\u00fan el relato de esta persona, tras el arribo de agentes policiales y una patrulla municipal, <b>la motociclista -que todav\u00eda ten\u00eda el cuchillo- \u201cse fue muy piola en su moto\u201d<\/b> y despu\u00e9s habr\u00eda radicado la denuncia en la comisar\u00eda 9\u00b0 de La Plata, donde -de acuerdo a la familiar- <b>el arma blanca \u201cdesapareci\u00f3\u201d y la denuncia se tom\u00f3 contra la conductora del autom\u00f3vil, no contra la motociclista<\/b>.<\/p>\n<p><\/p>\n<p class=\"paragraph\">La mujer plante\u00f3 que, pese a comunicar los hechos a la dependencia policial y dialogar con un subcomisario, <b>recibi\u00f3 evasivas y no obtuvo explicaciones satisfactorias<\/b> sobre el destino de la motociclista, a quien defini\u00f3 como \u201cagresora\u201d.<\/p>\n<p><\/p>\n<p class=\"paragraph\">\u201c<b>Mi nieta solo se defendi\u00f3 para que no la matara con el cuchillo. Ma\u00f1ana debe presentarse ante el cuerpo m\u00e9dico<\/b>\u201d, expres\u00f3 en redes la abuela de la automovilista.<\/p>\n<p><\/p>\n<p class=\"paragraph\">Una <b>discusi\u00f3n de tr\u00e1nsito<\/b> entre un <b>motociclista<\/b> y un <b>automovilista<\/b> deriv\u00f3 en una pelea a golpes el jueves pasado por la ma\u00f1ana en la esquina de las avenidas <b>Juan B. Justo<\/b> y <b>Peralta Ramos<\/b>, en <b>Mar del Plata<\/b>, seg\u00fan registr\u00f3 un video difundido en el portal <i>0223<\/i>.<\/p>\n","protected":false},"excerpt":{"rendered":"<p>Un roce entre un auto y una moto deriv\u00f3 en un confuso altercado en el cruce de 12 y 58. La motociclista habr\u00eda atacado con un cuchillo a la otra persona, que termin\u00f3 asfixi\u00e1ndola contra el asfalto Una violenta pelea se produjo en la intersecci\u00f3n de 12 y 58 en La Plata, y parte del [&hellip;]<\/p>\n","protected":false},"author":2,"featured_media":85384,"comment_status":"","ping_status":"","sticky":false,"template":"","format":"standard","meta":{"footnotes":""},"categories":[12],"tags":[],"_links":{"self":[{"href":"https:\/\/maxradio923.com.ar\/index.php\/wp-json\/wp\/v2\/posts\/85383"}],"collection":[{"href":"https:\/\/maxradio923.com.ar\/index.php\/wp-json\/wp\/v2\/posts"}],"about":[{"href":"https:\/\/maxradio923.com.ar\/index.php\/wp-json\/wp\/v2\/types\/post"}],"author":[{"embeddable":true,"href":"https:\/\/maxradio923.com.ar\/index.php\/wp-json\/wp\/v2\/users\/2"}],"replies":[{"embeddable":true,"href":"https:\/\/maxradio923.com.ar\/index.php\/wp-json\/wp\/v2\/comments?post=85383"}],"version-history":[{"count":0,"href":"https:\/\/maxradio923.com.ar\/index.php\/wp-json\/wp\/v2\/posts\/85383\/revisions"}],"wp:featuredmedia":[{"embeddable":true,"href":"https:\/\/maxradio923.com.ar\/index.php\/wp-json\/wp\/v2\/media\/85384"}],"wp:attachment":[{"href":"https:\/\/maxradio923.com.ar\/index.php\/wp-json\/wp\/v2\/media?parent=85383"}],"wp:term":[{"taxonomy":"category","embeddable":true,"href":"https:\/\/maxradio923.com.ar\/index.php\/wp-json\/wp\/v2\/categories?post=85383"},{"taxonomy":"post_tag","embeddable":true,"href":"https:\/\/maxradio923.com.ar\/index.php\/wp-json\/wp\/v2\/tags?post=85383"}],"curies":[{"name":"wp","href":"https:\/\/api.w.org\/{rel}","templated":true}]}}