{"id":85379,"date":"2026-04-08T12:35:05","date_gmt":"2026-04-08T15:35:05","guid":{"rendered":"https:\/\/maxradio923.com.ar\/index.php\/2026\/04\/08\/murio-el-musico-lucho-gonzalez-recordado-integrante-de-un-trio-historico-con-lito-vitale-y-bernardo-baraj\/"},"modified":"2026-04-08T12:35:05","modified_gmt":"2026-04-08T15:35:05","slug":"murio-el-musico-lucho-gonzalez-recordado-integrante-de-un-trio-historico-con-lito-vitale-y-bernardo-baraj","status":"publish","type":"post","link":"https:\/\/maxradio923.com.ar\/index.php\/2026\/04\/08\/murio-el-musico-lucho-gonzalez-recordado-integrante-de-un-trio-historico-con-lito-vitale-y-bernardo-baraj\/","title":{"rendered":"Muri\u00f3 el m\u00fasico Lucho Gonz\u00e1lez, recordado integrante de un tr\u00edo hist\u00f3rico con Lito Vitale y Bernardo Baraj"},"content":{"rendered":"<p><\/p>\n<div>\n<p class=\"com-paragraph  --capital --s\">El maestro de la guitarra criolla, <strong>Luis Alejandro Gonz\u00e1lez C\u00e1rpena<\/strong> o, conocido por todos como <strong>Lucho Gonz\u00e1lez<\/strong>, <strong>muri\u00f3 a los 79 a\u00f1os.<\/strong> La noticia fue anunciada por el Instituto Nacional de la M\u00fasica (INAMU) y r\u00e1pidamente gener\u00f3 una ola de mensajes y recuerdos por parte de colegas de quien durante muchos a\u00f1os fue parte del tr\u00edo <strong>Vitale-Baraj-Gonz\u00e1lez.<\/strong><\/p>\n<p class=\"com-paragraph   --s\">De hecho,<strong> Lito Vitale <\/strong>subi\u00f3 una foto a sus redes en la que aparece el m\u00fasico peruano que acompa\u00f1\u00f3 con su propia despedida. \u201cGracias Lucho por todo lo que nos ense\u00f1aste, por todo lo que nos re\u00edmos y por tu m\u00fasica que seguir\u00e1 viva por siempre!\u201d, afirm\u00f3. <\/p>\n<p class=\"com-paragraph   --s\">Lucho Gonz\u00e1lez naci\u00f3 en Lima, Per\u00fa, el 25 de noviembre de 1946. Lleg\u00f3 a Buenos Aires a los pocos meses de vida. Creci\u00f3 en un entorno atravesado por la m\u00fasica. Su padre integraba Los Trovadores del Per\u00fa. Comenz\u00f3 a tocar la guitarra desde muy chico y desarroll\u00f3 su formaci\u00f3n de manera emp\u00edrica con un temprano inter\u00e9s por la composici\u00f3n y los arreglos. En 1968, tras conocer a <strong>Chabuca Granda<\/strong>, dej\u00f3 sus estudios de Derecho para dedicarse de lleno a la m\u00fasica. <\/p>\n<p><iframe loading=\"lazy\" title=\"Vitale, Baraj y Gonz\u00e1lez: Cueca Loca - Lito Vitale a la Medianoche\" width=\"1170\" height=\"658\" src=\"https:\/\/www.youtube.com\/embed\/2T6VJy-oM2s?wmode=transparent&amp;rel=0&amp;feature=oembed\" frameborder=\"0\" allow=\"accelerometer; autoplay; clipboard-write; encrypted-media; gyroscope; picture-in-picture; web-share\" referrerpolicy=\"strict-origin-when-cross-origin\" allowfullscreen><\/iframe><\/p>\n<p class=\"com-paragraph   --s\">Junto a la gran cantante trabaj\u00f3 como guitarrista, arreglador y director musical. Tambi\u00e9n integr\u00f3 la orquesta contempor\u00e1nea de Jaime Delgado Aparicio, donde profundiz\u00f3 su formaci\u00f3n en arreglos orquestales y composici\u00f3n. A lo largo de su trayectoria particip\u00f3 en grabaciones y proyectos junto a artistas de distintos pa\u00edses. Trabaj\u00f3 como guitarrista y arreglador con<strong> Mercedes Sosa<\/strong>, <strong>Pedro Aznar<\/strong>, <strong>Fito P\u00e1ez<\/strong>, Tania Libertad, Vicentico, Sandra Mihanovich y Juan Carlos Baglietto. Integr\u00f3 el tr\u00edo Vitale-Baraj-Gonz\u00e1lez, tambi\u00e9n Nebbia -Baraj- Gonz\u00e1lez y particip\u00f3 en el proyecto Los hijos del Sol, grabado en Los \u00c1ngeles con m\u00fasicos de distintas tradiciones de la regi\u00f3n.<\/p>\n<p class=\"com-paragraph   --s\">En las redes, fue el mismo Fito P\u00e1ez quien lo record\u00f3. \u201cFue uno de los amores de mi vida -apunt\u00f3 el cantante y compositor-. Una persona entra\u00f1able, artista apasionado y maestro del bien dotado con el don de la m\u00fasica. Fue uno de mis referentes totales y un faro de luz dentro de la m\u00fasica peruana. Hijo pr\u00f3digo de Chabuca Granda y gran conocedor de todas las materias musicales. La curiosidad lo desbordaba. Pod\u00eda rearmonizar e improvisar sobre m\u00fasicas de cualquier orden, componer y arreglar 6 x 8 nuestros y <em>draguearlos <\/em>de m\u00fasica peruana. Tuve la suerte de verlo en acci\u00f3n. De tocar con \u00e9l y verlo inventar los riffs inextinguibles de <em>Detr\u00e1s del muro de los lamentos <\/em>y T<em>u sonrisa inolvidable.<\/em> Fue un ser c\u00e1lido y desprejuiciado. Pleno de amor, conocedor de los arrabales del mundo y las esferas celestes. Mis condolencias y abrazo de amor a sus familiares y amigos. Deben ser un mont\u00f3n alrededor del planeta. Te voy a extra\u00f1ar mucho, Lucho de mi alma&#8221;.<\/p>\n<p class=\"com-paragraph   --s\">P\u00e1ez ten\u00eda raz\u00f3n porque, con el correr de las horas, figuras como <strong>Diego Torres<\/strong>, <strong>Patricia Sosa<\/strong> y <strong>Sandra Mihanovich fueron expresando su tristeza en las redes. <\/strong><\/p>\n<p class=\"com-paragraph   --s\">A lo largo de su trayectoria grab\u00f3 dos discos como solista, <em>Esta parte del camino<\/em> y <em>Chabuca de c\u00e1mara<\/em>, y desarroll\u00f3 una labor docente sostenida a trav\u00e9s de su sistema de ense\u00f1anza \u201csiembra musical\u201d, en la Universidad Nacional de Villa Mar\u00eda y en distintos pa\u00edses de Am\u00e9rica Latina. Tambi\u00e9n realiz\u00f3 para el INAMU capacitaciones de Armon\u00eda estructural. <\/p>\n<p class=\"com-paragraph   --s\">\u201cSu trabajo articul\u00f3 elementos del folclore peruano, argentino y brasile\u00f1o. Desde el Instituto Nacional de la M\u00fasica despedimos a Lucho Gonz\u00e1lez, reconocemos su gran aporte a la m\u00fasica y acompa\u00f1amos a sus familiares, amistades y seres queridos en este doloroso momento\u201d, afirm\u00f3 el organismo en la despedida del maestro.<\/p>\n<section class=\"container-center-100 mb-40 border border-bottom border-thin border-neutral-light-700\">\n<hr\/>\n<\/section>\n<\/div>\n","protected":false},"excerpt":{"rendered":"<p>El maestro de la guitarra criolla, Luis Alejandro Gonz\u00e1lez C\u00e1rpena o, conocido por todos como Lucho Gonz\u00e1lez, muri\u00f3 a los 79 a\u00f1os. La noticia fue anunciada por el Instituto Nacional de la M\u00fasica (INAMU) y r\u00e1pidamente gener\u00f3 una ola de mensajes y recuerdos por parte de colegas de quien durante muchos a\u00f1os fue parte del [&hellip;]<\/p>\n","protected":false},"author":2,"featured_media":85380,"comment_status":"","ping_status":"","sticky":false,"template":"","format":"standard","meta":{"footnotes":""},"categories":[14],"tags":[],"_links":{"self":[{"href":"https:\/\/maxradio923.com.ar\/index.php\/wp-json\/wp\/v2\/posts\/85379"}],"collection":[{"href":"https:\/\/maxradio923.com.ar\/index.php\/wp-json\/wp\/v2\/posts"}],"about":[{"href":"https:\/\/maxradio923.com.ar\/index.php\/wp-json\/wp\/v2\/types\/post"}],"author":[{"embeddable":true,"href":"https:\/\/maxradio923.com.ar\/index.php\/wp-json\/wp\/v2\/users\/2"}],"replies":[{"embeddable":true,"href":"https:\/\/maxradio923.com.ar\/index.php\/wp-json\/wp\/v2\/comments?post=85379"}],"version-history":[{"count":0,"href":"https:\/\/maxradio923.com.ar\/index.php\/wp-json\/wp\/v2\/posts\/85379\/revisions"}],"wp:featuredmedia":[{"embeddable":true,"href":"https:\/\/maxradio923.com.ar\/index.php\/wp-json\/wp\/v2\/media\/85380"}],"wp:attachment":[{"href":"https:\/\/maxradio923.com.ar\/index.php\/wp-json\/wp\/v2\/media?parent=85379"}],"wp:term":[{"taxonomy":"category","embeddable":true,"href":"https:\/\/maxradio923.com.ar\/index.php\/wp-json\/wp\/v2\/categories?post=85379"},{"taxonomy":"post_tag","embeddable":true,"href":"https:\/\/maxradio923.com.ar\/index.php\/wp-json\/wp\/v2\/tags?post=85379"}],"curies":[{"name":"wp","href":"https:\/\/api.w.org\/{rel}","templated":true}]}}