{"id":85375,"date":"2026-04-08T12:26:08","date_gmt":"2026-04-08T15:26:08","guid":{"rendered":"https:\/\/maxradio923.com.ar\/index.php\/2026\/04\/08\/inscripciones-presenciales-en-san-expedito\/"},"modified":"2026-04-08T12:26:08","modified_gmt":"2026-04-08T15:26:08","slug":"inscripciones-presenciales-en-san-expedito","status":"publish","type":"post","link":"https:\/\/maxradio923.com.ar\/index.php\/2026\/04\/08\/inscripciones-presenciales-en-san-expedito\/","title":{"rendered":"inscripciones presenciales en San Expedito"},"content":{"rendered":"<p><\/p>\n<div>\n<p>Este jueves 9 de abril, de 9:30 a 12:30, personal de la Direcci\u00f3n de Empleo y Formaci\u00f3n visitar\u00e1 la Uni\u00f3n Vecinal Bermejo San Expedito, en el departamento Caucete, para brindar asesoramiento e informaci\u00f3n sobre algunas propuestas formativas del programa Aprender, Trabajar y Producir.<\/p>\n<p>Adem\u00e1s, los vecinos que asistan podr\u00e1n concretar su inscripci\u00f3n para los cursos de panader\u00eda regional, electricidad b\u00e1sica y artesan\u00eda en porcelana fr\u00eda.<\/p>\n<p>Estas acciones buscan acercar herramientas de formaci\u00f3n a la comunidad, promoviendo el desarrollo de habilidades para el empleo y el fortalecimiento de la econom\u00eda local.<\/p>\n<\/p><\/div>\n<p><script async defer crossorigin=\"anonymous\" src=\"https:\/\/connect.facebook.net\/es_ES\/sdk.js#xfbml=1&#038;version=v3.3\"><\/script><\/p>\n","protected":false},"excerpt":{"rendered":"<p>Este jueves 9 de abril, de 9:30 a 12:30, personal de la Direcci\u00f3n de Empleo y Formaci\u00f3n visitar\u00e1 la Uni\u00f3n Vecinal Bermejo San Expedito, en el departamento Caucete, para brindar asesoramiento e informaci\u00f3n sobre algunas propuestas formativas del programa Aprender, Trabajar y Producir. Adem\u00e1s, los vecinos que asistan podr\u00e1n concretar su inscripci\u00f3n para los cursos [&hellip;]<\/p>\n","protected":false},"author":2,"featured_media":85376,"comment_status":"","ping_status":"","sticky":false,"template":"","format":"standard","meta":{"footnotes":""},"categories":[8],"tags":[],"_links":{"self":[{"href":"https:\/\/maxradio923.com.ar\/index.php\/wp-json\/wp\/v2\/posts\/85375"}],"collection":[{"href":"https:\/\/maxradio923.com.ar\/index.php\/wp-json\/wp\/v2\/posts"}],"about":[{"href":"https:\/\/maxradio923.com.ar\/index.php\/wp-json\/wp\/v2\/types\/post"}],"author":[{"embeddable":true,"href":"https:\/\/maxradio923.com.ar\/index.php\/wp-json\/wp\/v2\/users\/2"}],"replies":[{"embeddable":true,"href":"https:\/\/maxradio923.com.ar\/index.php\/wp-json\/wp\/v2\/comments?post=85375"}],"version-history":[{"count":0,"href":"https:\/\/maxradio923.com.ar\/index.php\/wp-json\/wp\/v2\/posts\/85375\/revisions"}],"wp:featuredmedia":[{"embeddable":true,"href":"https:\/\/maxradio923.com.ar\/index.php\/wp-json\/wp\/v2\/media\/85376"}],"wp:attachment":[{"href":"https:\/\/maxradio923.com.ar\/index.php\/wp-json\/wp\/v2\/media?parent=85375"}],"wp:term":[{"taxonomy":"category","embeddable":true,"href":"https:\/\/maxradio923.com.ar\/index.php\/wp-json\/wp\/v2\/categories?post=85375"},{"taxonomy":"post_tag","embeddable":true,"href":"https:\/\/maxradio923.com.ar\/index.php\/wp-json\/wp\/v2\/tags?post=85375"}],"curies":[{"name":"wp","href":"https:\/\/api.w.org\/{rel}","templated":true}]}}