{"id":85366,"date":"2026-04-08T11:57:03","date_gmt":"2026-04-08T14:57:03","guid":{"rendered":"https:\/\/maxradio923.com.ar\/index.php\/2026\/04\/08\/que-pasara-con-los-precios-de-la-nafta-y-el-gasoil-tras-la-tregua-en-iran-y-la-baja-del-petroleo\/"},"modified":"2026-04-08T11:57:03","modified_gmt":"2026-04-08T14:57:03","slug":"que-pasara-con-los-precios-de-la-nafta-y-el-gasoil-tras-la-tregua-en-iran-y-la-baja-del-petroleo","status":"publish","type":"post","link":"https:\/\/maxradio923.com.ar\/index.php\/2026\/04\/08\/que-pasara-con-los-precios-de-la-nafta-y-el-gasoil-tras-la-tregua-en-iran-y-la-baja-del-petroleo\/","title":{"rendered":"Qu\u00e9 pasar\u00e1 con los precios de la nafta y el gasoil tras la tregua en Ir\u00e1n y la baja del petr\u00f3leo"},"content":{"rendered":"<p><\/p>\n<h2 class=\"article-subheadline text_align_left\">La petrolera seguir\u00e1 con el congelamiento anunciado d\u00edas atr\u00e1s, con pocas posibilidades de que los combustibles vuelvan a los valores previos a la guerra<\/h2>\n<p><\/p>\n<p class=\"paragraph\">Tras el principio de acuerdo entre EEUU e Ir\u00e1n para poner fin a la escalada b\u00e9lica que bloque\u00f3 el estrecho de Ormuz y la consecuente baja de aproximadamente 20% en el precio del petr\u00f3leo, YPF mantendr\u00e1 los precios de la nafta. <\/p>\n<p><\/p>\n<p class=\"paragraph\">Vale mencionar que en marzo la nafta subi\u00f3 20% y qued\u00f3 a un 15% de distancia de la paridad de exportaci\u00f3n.<\/p>\n<p><\/p>\n<p class=\"paragraph\"><b>Daniel Dreizzen<\/b>, ex secretario de Planeamiento, advirti\u00f3 en una entrevista en <b>Infobae en Vivo <\/b>que el precio de los combustibles en la Argentina aument\u00f3 menos que en mercados como EEUU y<b> <\/b>asegur\u00f3 que sin la estabilizaci\u00f3n de precios de YPF la nafta \u201cdeber\u00eda haber subido m\u00e1s del 30%\u201d.<\/p>\n<p><\/p>\n<p class=\"paragraph\">Tambi\u00e9n contribuy\u00f3 el hecho que el Gobierno suspendiera la suba programada en el impuesto a los combustibles, lo que de haberse implementado habr\u00eda llevado el litro de nafta s\u00faper a $2.250 en la Ciudad de Buenos Aires, de acuerdo con estimaciones de <b>Nadin Arga\u00f1araz.<\/b><\/p>\n<p><\/p>\n<p class=\"paragraph\">En el sector indican que solo bajar\u00edan los precios en caso que el valor internacional caiga marcadamente, en torno a los USD 60, lo cual se considera poco probable porque, con la guerra, se da\u00f1\u00f3 mucho la infraestructura en Medio Oriente. Es decir, hay una parte de la producci\u00f3n de combustibles que se perdi\u00f3 y que va a llevar a\u00f1os recuperarla. <\/p>\n<p><\/p>\n<p class=\"paragraph\">Cabe recordar que el presidente de YPF, <b>Horacio Mar\u00edn<\/b><b>,<\/b> hab\u00eda afirmado: \u201cNos debemos a los consumidores, porque son nuestros clientes. Gracias a ellos facturamos USD 12.000 millones por a\u00f1o. Esta es una situaci\u00f3n transitoria (\u2026) Cuando analiz\u00e1s oferta y demanda, trasladarlo (el aumento del precio internacional) de USD 70 a 120 el barril es sacado, muy grande. \u00cdbamos a generar una baja de consumo tan grande que iba a ser peor el remedio que la enfermedad y la gente no lo iba a aguantar e iba a pensar que YPF est\u00e1 especulando&#8221;.<\/p>\n","protected":false},"excerpt":{"rendered":"<p>La petrolera seguir\u00e1 con el congelamiento anunciado d\u00edas atr\u00e1s, con pocas posibilidades de que los combustibles vuelvan a los valores previos a la guerra Tras el principio de acuerdo entre EEUU e Ir\u00e1n para poner fin a la escalada b\u00e9lica que bloque\u00f3 el estrecho de Ormuz y la consecuente baja de aproximadamente 20% en el [&hellip;]<\/p>\n","protected":false},"author":2,"featured_media":85367,"comment_status":"","ping_status":"","sticky":false,"template":"","format":"standard","meta":{"footnotes":""},"categories":[12],"tags":[],"_links":{"self":[{"href":"https:\/\/maxradio923.com.ar\/index.php\/wp-json\/wp\/v2\/posts\/85366"}],"collection":[{"href":"https:\/\/maxradio923.com.ar\/index.php\/wp-json\/wp\/v2\/posts"}],"about":[{"href":"https:\/\/maxradio923.com.ar\/index.php\/wp-json\/wp\/v2\/types\/post"}],"author":[{"embeddable":true,"href":"https:\/\/maxradio923.com.ar\/index.php\/wp-json\/wp\/v2\/users\/2"}],"replies":[{"embeddable":true,"href":"https:\/\/maxradio923.com.ar\/index.php\/wp-json\/wp\/v2\/comments?post=85366"}],"version-history":[{"count":0,"href":"https:\/\/maxradio923.com.ar\/index.php\/wp-json\/wp\/v2\/posts\/85366\/revisions"}],"wp:featuredmedia":[{"embeddable":true,"href":"https:\/\/maxradio923.com.ar\/index.php\/wp-json\/wp\/v2\/media\/85367"}],"wp:attachment":[{"href":"https:\/\/maxradio923.com.ar\/index.php\/wp-json\/wp\/v2\/media?parent=85366"}],"wp:term":[{"taxonomy":"category","embeddable":true,"href":"https:\/\/maxradio923.com.ar\/index.php\/wp-json\/wp\/v2\/categories?post=85366"},{"taxonomy":"post_tag","embeddable":true,"href":"https:\/\/maxradio923.com.ar\/index.php\/wp-json\/wp\/v2\/tags?post=85366"}],"curies":[{"name":"wp","href":"https:\/\/api.w.org\/{rel}","templated":true}]}}