{"id":85362,"date":"2026-04-08T11:53:03","date_gmt":"2026-04-08T14:53:03","guid":{"rendered":"https:\/\/maxradio923.com.ar\/index.php\/2026\/04\/08\/maravilla-martinez-hablo-tras-errar-el-penal-en-el-clasico-entre-independiente-y-racing-les-pido-disculpas-a-las-dos-hinchadas\/"},"modified":"2026-04-08T11:53:03","modified_gmt":"2026-04-08T14:53:03","slug":"maravilla-martinez-hablo-tras-errar-el-penal-en-el-clasico-entre-independiente-y-racing-les-pido-disculpas-a-las-dos-hinchadas","status":"publish","type":"post","link":"https:\/\/maxradio923.com.ar\/index.php\/2026\/04\/08\/maravilla-martinez-hablo-tras-errar-el-penal-en-el-clasico-entre-independiente-y-racing-les-pido-disculpas-a-las-dos-hinchadas\/","title":{"rendered":"Maravilla Mart\u00ednez habl\u00f3 tras errar el penal en el cl\u00e1sico entre Independiente y Racing: \u201cLes pido disculpas a las dos hinchadas\u201d"},"content":{"rendered":"<p><\/p>\n<div xmlns:default=\"http:\/\/www.w3.org\/2000\/svg\">\n<p class=\"paragraph\"><b>Racing consigui\u00f3 un importante triunfo en su debut por la Copa Sudamericana ante Independiente Petrolero en Bolivia<\/b>, resultado que le permiti\u00f3 recuperarse an\u00edmicamente de lo que fue la derrota en el cl\u00e1sico ante Independiente el s\u00e1bado pasado. El gran apuntado de esa ca\u00edda fue <b>Adri\u00e1n Mart\u00ednez<\/b>, quien dilapid\u00f3 un penal en el primer tiempo y err\u00f3 una chance clara en el segundo que le hubieran servido a la <i>Academia <\/i>para ponerse en ventaja en territorio visitante. Luego de un posteo que realiz\u00f3 en las redes sociales, <i>Maravilla <\/i>habl\u00f3 por primera vez de la decisi\u00f3n que tom\u00f3 frente a Rodrigo Rey y la frustraci\u00f3n que le caus\u00f3 desperdiciar la pena m\u00e1xima.<\/p>\n<p class=\"paragraph\">\u201cFue una toma de decisi\u00f3n que uno toma como jugador. <b>Primero quiero pedirle disculpas al hincha<\/b>, a la gente que nos fue a alentar el d\u00eda anterior (en el banderazo), porque la verdad que se sinti\u00f3 mucho el apoyo. Fue una tristeza enorme porque no se dio el resultado. Si no entraba esa pelota, pero igual gan\u00e1bamos, se lo iban a tomar de otra manera, pero el resultado fue en contra, por eso de mi parte quiero perdirle disculpas\u201d, coment\u00f3 en di\u00e1logo con <i>ESPN <\/i>el delantero acad\u00e9mico que ayer fue titular en Bolivia y disput\u00f3 66 minutos.<\/p>\n<p class=\"paragraph\">M\u00e1s tarde, el 9 insisti\u00f3: \u201cFue una toma de decisi\u00f3n, no fue una falta de respeto para el rival porque \u00edbamos 0-0, no es que \u00edbamos 3-0 ganando. Era el primer tiempo, un momento decisivo. Tom\u00e9 esa decisi\u00f3n, no sali\u00f3 bien y con el resultado final empeor\u00f3 todo, pero son tomas de decisiones que uno tiene como jugador. Uno quiere lo mejor para el equipo, como delantero siempre trato de dar el m\u00e1ximo, obviamente que siempre di todo por la camiseta y lo voy a seguir haciendo. Esta vez err\u00e9 y otra vez convert\u00ed penales m\u00e1s decisivos. <b>Quiero pedirles disculpas a ambos, de las dos hinchadas. No quise faltarle el respeto a ninguna de las dos<\/b>\u201d.<\/p>\n<p class=\"paragraph\"><i>Maravilla <\/i>tambi\u00e9n revel\u00f3 que en la cabeza tuvo la idea de ejecutar una pena m\u00e1xima a lo panenka: \u201cSiempre tuve gnaas de picar un penal. Si uno lo hace contra un equipo inferior o ganando, se toma como falta de respeto. En un partido importante, m\u00e1s all\u00e1 de que uno tiene que tratar de asegurar, <b>no falta el respeto, uno lo hace con cr\u00edtica y autoridad. Sali\u00f3 mal, si hubiera salido bien estar\u00edamos hablando de otra cosa, de la capacidad que tuve para hacerlo o quiz\u00e1s de animarme a hacerlo en un partido tan importante<\/b>\u201d. Y remat\u00f3: \u201cLa decisi\u00f3n la tom\u00e9 en el momento, pens\u00e9 que un arquero en un cl\u00e1sico se iba a tirar, no cre\u00eda que se iba a quedar parado, pero la definici\u00f3n m\u00eda fue mala\u201d. <\/p>\n<p class=\"paragraph\">El atacante de 33 a\u00f1os <b>solamente se hab\u00eda expresado en redes sociales<\/b> al compartir un pasaje de la Biblia (Segunda Carta a los Corintios):\u00a0\u201cY para que la grandeza de las revelaciones no me exaltara, me fue dado un aguij\u00f3n en mi carne, un mensajero de Satan\u00e1s que me abofetee, para que no me enaltezca\u201d.\u00a0El texto, atribuido al ap\u00f3stol Pablo, fue interpretado como un gesto de reflexi\u00f3n sobre la humildad y el sufrimiento. Y en esta entrevista asi lo ratific\u00f3.<\/p>\n<p><soccer-worldcup2026-cta-predict\/><link rel=\"stylesheet\" crossorigin=\"true\" href=\"https:\/\/storage.googleapis.com\/arc-buckets\/web-components\/soccer\/ctas\/predict.css\"\/>\n<p class=\"paragraph\">\u201cNo lo har\u00eda otra vez porque despu\u00e9s entend\u00ed que uno humilla o averg\u00fcenza al rival o quiere enaltecerse como diciendo \u2018uy, la piqu\u00e9\u2019 y la verdad uno nunca quiso cancherear, porque obviamente uno siempre habla de la palabra de Dios, siempre con humildad. <b>Dios respalda la humildad y, al que se enaltece, Dios lo humilla. Hoy qued\u00e9 humillado por querer enaltecerme<\/b>\u201d, dijo. <\/p>\n<p class=\"paragraph\">Adme\u00e1s, aclar\u00f3:<b> <\/b>\u201cTampoco lo pens\u00e9 as\u00ed, no dije \u2018che, voy a humillar a alguien en el cl\u00e1sico\u2019, fue un recurso, pero obviamente no lo volver\u00eda a hacer porque esto me dej\u00f3 una experiencia de vida que, si lo hac\u00eda, al otro d\u00eda los iban a gastar todos\u201d. <\/p>\n<p class=\"paragraph\">Finalmente, el campanense cerr\u00f3: \u201cLe pido disculpas al rival y obviamente, m\u00e1s que nada, a la hinchada de Racing. S\u00e9 que los cl\u00e1sicos son muy importantes. El cl\u00e1sico anterior de visitante le di una alegr\u00eda, ahora les di una tristeza. Ojal\u00e1 que el pr\u00f3ximo podamos revertir esta situaci\u00f3n\u201d.<\/p>\n<\/div>\n<p><script defer=\"\">try{!function(f,b,e,v,n,t,s) {if(f.fbq)return;n=f.fbq=function(){n.callMethod? n.callMethod.apply(n,arguments):n.queue.push(arguments)}; if(!f._fbq)f._fbq=n;n.push=n;n.loaded=!0;n.version='2.0'; n.queue=[];t=b.createElement(e);t.async=!0; t.src=v;s=b.getElementsByTagName(e)[0]; s.parentNode.insertBefore(t,s)}(window, document,'script', ' fbq('init', '336383993555320'); fbq('track', 'PageView'); fbq('track', 'ViewContent');}catch(error){console.log(\"Error al inicializar facebookPixelRawCodeScript:\",error);}<\/script><\/p>\n","protected":false},"excerpt":{"rendered":"<p>Racing consigui\u00f3 un importante triunfo en su debut por la Copa Sudamericana ante Independiente Petrolero en Bolivia, resultado que le permiti\u00f3 recuperarse an\u00edmicamente de lo que fue la derrota en el cl\u00e1sico ante Independiente el s\u00e1bado pasado. El gran apuntado de esa ca\u00edda fue Adri\u00e1n Mart\u00ednez, quien dilapid\u00f3 un penal en el primer tiempo y [&hellip;]<\/p>\n","protected":false},"author":2,"featured_media":85363,"comment_status":"","ping_status":"","sticky":false,"template":"","format":"standard","meta":{"footnotes":""},"categories":[2],"tags":[],"_links":{"self":[{"href":"https:\/\/maxradio923.com.ar\/index.php\/wp-json\/wp\/v2\/posts\/85362"}],"collection":[{"href":"https:\/\/maxradio923.com.ar\/index.php\/wp-json\/wp\/v2\/posts"}],"about":[{"href":"https:\/\/maxradio923.com.ar\/index.php\/wp-json\/wp\/v2\/types\/post"}],"author":[{"embeddable":true,"href":"https:\/\/maxradio923.com.ar\/index.php\/wp-json\/wp\/v2\/users\/2"}],"replies":[{"embeddable":true,"href":"https:\/\/maxradio923.com.ar\/index.php\/wp-json\/wp\/v2\/comments?post=85362"}],"version-history":[{"count":0,"href":"https:\/\/maxradio923.com.ar\/index.php\/wp-json\/wp\/v2\/posts\/85362\/revisions"}],"wp:featuredmedia":[{"embeddable":true,"href":"https:\/\/maxradio923.com.ar\/index.php\/wp-json\/wp\/v2\/media\/85363"}],"wp:attachment":[{"href":"https:\/\/maxradio923.com.ar\/index.php\/wp-json\/wp\/v2\/media?parent=85362"}],"wp:term":[{"taxonomy":"category","embeddable":true,"href":"https:\/\/maxradio923.com.ar\/index.php\/wp-json\/wp\/v2\/categories?post=85362"},{"taxonomy":"post_tag","embeddable":true,"href":"https:\/\/maxradio923.com.ar\/index.php\/wp-json\/wp\/v2\/tags?post=85362"}],"curies":[{"name":"wp","href":"https:\/\/api.w.org\/{rel}","templated":true}]}}