{"id":85360,"date":"2026-04-08T11:52:09","date_gmt":"2026-04-08T14:52:09","guid":{"rendered":"https:\/\/maxradio923.com.ar\/index.php\/2026\/04\/08\/convirtio-en-tangos-a-hits-de-gloria-gaynor-y-cris-morena-y-hace-tres-anos-que-interpreta-con-exito-a-carlos-gardel\/"},"modified":"2026-04-08T11:52:09","modified_gmt":"2026-04-08T14:52:09","slug":"convirtio-en-tangos-a-hits-de-gloria-gaynor-y-cris-morena-y-hace-tres-anos-que-interpreta-con-exito-a-carlos-gardel","status":"publish","type":"post","link":"https:\/\/maxradio923.com.ar\/index.php\/2026\/04\/08\/convirtio-en-tangos-a-hits-de-gloria-gaynor-y-cris-morena-y-hace-tres-anos-que-interpreta-con-exito-a-carlos-gardel\/","title":{"rendered":"Convirti\u00f3 en tangos a hits de Gloria Gaynor y Cris Morena y hace tres a\u00f1os que interpreta con \u00e9xito a Carlos Gardel"},"content":{"rendered":"<p><\/p>\n<div>\n<nav class=\"com-breadcrumb --no-app \"><i class=\"--bullet --fourxs\">&gt;<\/i>LA NACION<i class=\"--bullet --fourxs\">&gt;<\/i>Espect\u00e1culos<i class=\"--bullet --fourxs\">&gt;<\/i>M\u00fasica<\/nav>\n<div class=\"mod-date-container flex flex-column gap-8 mb-16 text-neutral-light-600 jc-between flex-row_sm ai-center_sm\">\n<ul class=\"mod-date flex jc-start ai-center --bullet-list_12 w-100\">\n<li class=\"flex ai-center\"><time class=\"com-date --twoxs\" datetime=\"31 de marzo de 2026\">31 de marzo de 2026<\/time><\/li>\n<li class=\"mod-date-hour flex ai-center\"><time class=\"com-hour --twoxs\">10:00<\/time><\/li>\n<li class=\"reading-time flex bullet-sm-none ml-auto_max767 flex gap-2 ai-center\"><i class=\"icon\" style=\"height:20px\"><img class=\"image flex --cover\" decoding=\"async\" fetchpriority=\"low\" loading=\"lazy\" src=\"https:\/\/www.lanacion.com.ar\/pf\/resources\/images\/svgDegrade\/timer-ia.webp?d=1974\" height=\"21\" alt=\"icono tiempo de lectura\"\/><\/i><span class=\"text text-neutral-light-700\">9<!-- --> <span class=\"sm-none\">minutos<!-- --> de lectura<\/span><span class=\"sm-only\">&#8216;<\/span><\/span><\/li>\n<\/ul>\n<\/div>\n<p class=\"com-paragraph   --s\"><em>12 a\u00f1os de farra<\/em> es el nombre del show y la excusa con la que <strong>Tango Corrupto<\/strong> celebrar\u00e1, este martes, su nuevo aniversario en el <strong>Multitabar\u00eds<\/strong> porte\u00f1o. <strong>Oscar Lajad<\/strong>, ide\u00f3logo de esta iniciativa, comparte su emoci\u00f3n ante la repercusi\u00f3n de un proyecto singular que le imprimi\u00f3 temperatura de tango a temas dis\u00edmiles, famosos por sus populares int\u00e9rpretes.<\/p>\n<p class=\"com-paragraph   --s\">En el repertorio de <strong>Tango Corrupto<\/strong>, <strong>Carlos \u201cLa Mona\u201d Jim\u00e9nez<\/strong>, <strong>Raffaella Carr\u00e1<\/strong>, <strong>ABBA <\/strong>o <strong>Xuxa<\/strong> pueden sonar tan nacidos del empedrado de Buenos Aires como <strong>Tita Merello<\/strong> o <strong>Alberto Castillo<\/strong>. \u201cTenemos muchas ganas de festejar\u201d, explica <strong>Lajad<\/strong> sin ocultar su euforia y emoci\u00f3n por el aniversario y la trascendencia del proyecto. <\/p>\n<p class=\"com-paragraph   --s\">De tango, escenario y \u00e9xitos, <strong>Oscar Lajad<\/strong> sabe. Desde hace tres a\u00f1os <strong>es el protagonista de <\/strong><em><strong>Cuando Frank conoci\u00f3 a Carlitos<\/strong><\/em>, una delicia de espect\u00e1culo que plantea un encuentro ilusorio entre un consagrado <strong>Carlos Gardel<\/strong> y un aspirante a estrella llamado <strong>Francis Albert Sinatra<\/strong>. La propuesta, que tambi\u00e9n se da en el <strong>Multitabar\u00eds<\/strong>, ha sido multipremiada y ha cosechado espectadores convertidos en fan\u00e1ticos que repiten la experiencia m\u00e1s de una vez. <\/p>\n<p class=\"com-paragraph   --s\">En el espect\u00e1culo aniversario de <strong>Tango Corrupto<\/strong> participar\u00e1n la cantante <strong>Mar\u00eda Jos\u00e9 Rojas<\/strong>, los bailarines <strong>Ale Andrian<\/strong> y <strong>Victoria Galoto<\/strong> y el actor y cantante <strong>Lucas Gerson<\/strong>, quien interpreta a <strong>Frank Sinatra<\/strong> en <em>Cuando Frank conoci\u00f3 a Carlitos<\/em>. Adem\u00e1s, formar\u00e1 parte de la propuesta una banda de m\u00fasicos que viene acompa\u00f1ando las \u00faltimas presentaciones de la propuesta. <\/p>\n<p class=\"com-paragraph   --s\">La celebraci\u00f3n de este martes se concretar\u00e1, en gran medida, gracias a la generosidad del productor y empresario <strong>Carlos Rottemberg<\/strong>: \u201cLe consult\u00e9 si ten\u00eda alguna sala disponible para alquilarle y <strong>no s\u00f3lo me dijo que s\u00ed, sino que no me cobra nada<\/strong>. \u00bfQu\u00e9 puedo decir? Solo tengo palabras de agradecimiento para \u00e9l y tambi\u00e9n para la producci\u00f3n de <em>Cuando Frank conoci\u00f3 a Carlitos<\/em>, ya que vamos a utilizar el sonido y la iluminaci\u00f3n de la obra\u201d.<\/p>\n<p class=\"com-paragraph   --s\">Las resonancias del <strong>Multitabar\u00eds<\/strong> son poderosas: \u201cEra un lugar que frecuentaba <strong>Carlos Gardel<\/strong> cuando era un cabaret y sal\u00f3n de baile\u201d. El actual espect\u00e1culo se ofreci\u00f3 en festivales multitudinarios como los de Cosqu\u00edn, Z\u00e1rate y La Falda, entre otros escenarios. <\/p>\n<div class=\"content-media\">\n<section role=\"button\" class=\"mod-media   \">\n<figure role=\"button\" tabindex=\"0\" class=\"mod-figure \"><figcaption class=\"mod-figcaption\"><span class=\"com-text --caption --twoxs\">Oscar Lajad vive en la zona de Retiro y su estampa de porte\u00f1o recuerda a los caballeros de otros tiempos<\/span><span class=\"com-text --credit --twoxs\">Hernan Zenteno &#8211; La Nacion<\/span><\/figcaption><\/figure>\n<\/section>\n<\/div>\n<p class=\"com-paragraph   --s\"><strong>-\u00bfC\u00f3mo naci\u00f3 la idea de reversionar al tango, temas que no pertenecen a ese acervo? <\/strong><\/p>\n<p class=\"com-paragraph   --s\">-El tango lleg\u00f3 a m\u00ed de casualidad. En su momento, me llamaron para hacer un show en el Hip\u00f3dromo de Palermo y ese fue el disparador. En realidad, tango escuch\u00e9 siempre, porque en mi casa, sobre todo mi abuela, lo escuchaba, pero jam\u00e1s lo hab\u00eda cantado. Cuando uno es joven siente que es un g\u00e9nero para \u201cviejos\u201d. <\/p>\n<p class=\"com-paragraph   --s\"><strong>-No es as\u00ed&#8230;<\/strong><\/p>\n<p class=\"com-paragraph   --s\">-Cuando comenc\u00e9 a transitarlo, me encant\u00f3. Me fascinaron las letras y sent\u00ed que el tanguero era un rol con el que me sent\u00eda c\u00f3modo. <\/p>\n<p class=\"com-paragraph   --s\">R\u00e1pidamente,<strong> Oscar Lajad<\/strong> se instal\u00f3 en ese mundo y pas\u00f3 a ser convocado con asiduidad para espect\u00e1culos que, generalmente, ten\u00edan ribetes \u201cfor export\u201d, algo que acarreaba cierta contradicci\u00f3n: \u201cEn esos shows para turistas te suelen pedir siempre el mismo repertorio, algo que me aburr\u00eda un poco, pero, en mis unipersonales, me gustaba jugar m\u00e1s. As\u00ed fue como pregunt\u00e9 qu\u00e9 suceder\u00eda si, a diversas letras, les imprim\u00eda la impronta tanguera\u201d.<\/p>\n<p class=\"com-paragraph   --s\">En ese sentido, el cantante entiende que <strong>\u201ctodo puede ser un tango, depende c\u00f3mo lo interpretes\u201d<\/strong>. <\/p>\n<p><iframe loading=\"lazy\" title=\"TANGO CORRUPTO CCK 1   (Ultra HD 4K)- (FIESTA)\" width=\"1170\" height=\"658\" src=\"https:\/\/www.youtube.com\/embed\/0MSURB42nyo?wmode=transparent&amp;rel=0&amp;feature=oembed\" frameborder=\"0\" allow=\"accelerometer; autoplay; clipboard-write; encrypted-media; gyroscope; picture-in-picture; web-share\" referrerpolicy=\"strict-origin-when-cross-origin\" allowfullscreen><\/iframe><\/p>\n<p class=\"com-paragraph   --s\">Primero apareci\u00f3 un tema de <strong>Raffaella Carr\u00e1<\/strong>, que <strong>Lajad<\/strong> comenzaba interpretar de manera muy dram\u00e1tica: \u201cLa gente dec\u00eda \u00b4qu\u00e9 tangazo\u00b4, pero, de pronto, romp\u00eda con eso y empezaba el estribillo \u00b4fiesta, que fant\u00e1stica, fant\u00e1stica, esta fiesta\u00b4\u201d. <\/p>\n<p class=\"com-paragraph   --s\"><strong>-De un tema a un espect\u00e1culo completo&#8230; <\/strong><\/p>\n<p class=\"com-paragraph   --s\">-Fue un desaf\u00edo, pero lo hemos ido probando de a poco, a partir de los arreglos de Gustavo Calabrese. Testeaba las canciones con amigos y siempre suced\u00eda lo mismo, primero aparec\u00eda la duda, porque reconoc\u00edan la letra, pero no pod\u00edan asociarla al nombre de un tango. Cuando la gente reconoce los temas originales, se muere de risa, porque no puede creer que sea tan contrastante. Nadie entiende c\u00f3mo una canci\u00f3n de Lady Gaga puede ser un tango. <\/p>\n<p class=\"com-paragraph   --s\">Uno de los hallazgos de la propuesta es que, al trasladar las canciones a la idiosincrasia tanguera, se revaloriza la poes\u00eda y el sentido de las letras. <\/p>\n<p class=\"com-paragraph   --s\">Lejos de incomodarse, los artistas sienten que las reversiones tangueras de sus temas son un homenaje. <strong>Carlos \u201cLa Mona\u201d Jim\u00e9nez<\/strong> elogi\u00f3 la versi\u00f3n que <strong>Tango Corrupto<\/strong> hizo de su hit \u201cBeso a beso\u201d, que se impone con una gran fortaleza po\u00e9tica. Escuchar para creer. \u201c<strong>La Mona<\/strong> subi\u00f3 la canci\u00f3n a sus redes, nos agradeci\u00f3 y el tema estall\u00f3\u201d. <\/p>\n<p class=\"com-paragraph   --s\"><strong>-\u00bfTuviste v\u00ednculo con el pr\u00f3cer del cuarteto cordob\u00e9s?<\/strong><\/p>\n<p class=\"com-paragraph   --s\">-S\u00ed, un d\u00eda me llam\u00f3 mi amigo <strong>Flavio Mendoza<\/strong> para decirme \u201cte voy a pasar con alguien\u201d, sin revelarme la identidad de esta persona. Al principio, no le cre\u00ed, pero luego le reconoc\u00ed la voz. Fue una emoci\u00f3n muy grande poder conversar con <strong>La Mona<\/strong>. <\/p>\n<p class=\"com-paragraph   --s\"><strong>-\u00bfC\u00f3mo fue esa charla?<\/strong><\/p>\n<p class=\"com-paragraph   --s\">-Me cont\u00f3 que siempre hac\u00eda sonar el tema en el museo-bar que mont\u00f3 en C\u00f3rdoba. Lo m\u00e1s impactante fue que me propuso grabar el tema \u201cMuchacho de barrio\u201d junto a \u00e9l. Me dijo: \u201cLo quer\u00eda grabar con el <strong>Polaco Goyeneche<\/strong>, que era mi amigo, pero no lo hicimos\u201d. No lo pod\u00eda creer. Me sent\u00e9 en un umbral, en la calle, para entender que lo que me pasaba era real. Con los arreglos de <strong>Gustavo Calabrese<\/strong> hicimos un boceto que le encant\u00f3 y luego fuimos a su estudio a grabar. <\/p>\n<p class=\"com-paragraph   --s\">Tambi\u00e9n fue <strong>La Mona Jim\u00e9nez<\/strong> quien organiz\u00f3 la grabaci\u00f3n del video del corte y <strong>Lajad<\/strong> hasta pudo cantar el tema en vivo en el propio bar del \u00eddolo cordob\u00e9s. \u201cAgradecido de por vida\u201d.<\/p>\n<p><iframe loading=\"lazy\" title=\"CORAZ\u00d3N CON AGUJERITOS (Oscar Lajad) &quot;TANGO CORRUPTO&quot;\" width=\"1170\" height=\"658\" src=\"https:\/\/www.youtube.com\/embed\/3WK_efvVm8Q?wmode=transparent&amp;rel=0&amp;feature=oembed\" frameborder=\"0\" allow=\"accelerometer; autoplay; clipboard-write; encrypted-media; gyroscope; picture-in-picture; web-share\" referrerpolicy=\"strict-origin-when-cross-origin\" allowfullscreen><\/iframe><\/p>\n<p class=\"com-paragraph   --s\">\u201c<strong>Cris Morena<\/strong> nos escribi\u00f3 un mail agradeciendo la versi\u00f3n de \u2018Coraz\u00f3n con agujeritos\u2019 que le hab\u00eda grabado Sandra Guida, ya que se trataba del tema que cantaba <strong>Romina Yan<\/strong>, su hija. Con los a\u00f1os, yo tambi\u00e9n cant\u00e9 esa versi\u00f3n\u201d.<\/p>\n<p class=\"com-paragraph   --s\">Hasta el d\u00eda de hoy, <strong>Gloria Gaynor mantiene contacto con Lajad<\/strong>, festejando cada presentaci\u00f3n de <strong>Tango Corrupto <\/strong>y la interpretaci\u00f3n tanguera que el cantante hace de \u201cI Will Survive\u201d, el mayor suceso de la estrella estadounidense. <\/p>\n<p class=\"com-paragraph   --s\"><strong>-De Thal\u00eda reversionaste \u201cPiel morena\u201d y \u201cA qui\u00e9n le importa\u201d.<\/strong><\/p>\n<p class=\"com-paragraph   --s\">-En un mensaje privado, nos escribi\u00f3 diciendo \u201cmuchas gracias por estos temas\u201d. <\/p>\n<p class=\"com-paragraph   --s\">Con <strong>Xuxa<\/strong> sucedi\u00f3 algo muy particular. <strong>Tango Corrupto<\/strong> grab\u00f3 una versi\u00f3n en tiempo de milonga de \u201cChindolel\u00e9\u201d, acaso el m\u00e1s popular de los \u00e9xitos de la referente de los ni\u00f1os. \u201cFue una explosi\u00f3n cuando ella lo subi\u00f3 a las redes, nos dedic\u00f3 un mensaje hermoso y frases como \u2018Gracias argentinos por el cari\u00f1o que siempre me tienen\u2019\u201d. <\/p>\n<p><iframe loading=\"lazy\" title=\"SOBREVIVIR\u00c9 (I WILL SURVIVE) VERSI\u00d3N TANGO CORRUPTO 4K\" width=\"1170\" height=\"658\" src=\"https:\/\/www.youtube.com\/embed\/KMleg0E4KHo?wmode=transparent&amp;rel=0&amp;feature=oembed\" frameborder=\"0\" allow=\"accelerometer; autoplay; clipboard-write; encrypted-media; gyroscope; picture-in-picture; web-share\" referrerpolicy=\"strict-origin-when-cross-origin\" allowfullscreen><\/iframe><\/p>\n<p class=\"com-paragraph   --s\">\u201cNo contamos con una gran producci\u00f3n, por lo tanto, en nuestros espect\u00e1culos no prima la tecnolog\u00eda, sino el ingenio y darnos ma\u00f1a en c\u00f3mo hacer algo que sorprenda desde la idea y en el conectar con la gente\u201d. <\/p>\n<p class=\"com-paragraph   --s\"><strong>-\u00bfC\u00f3mo se materializa esa conexi\u00f3n con los espectadores?<\/strong><\/p>\n<p class=\"com-paragraph   --s\">-Desde el coraz\u00f3n y el sentir, desde la empat\u00eda humana y no desde el deslumbramiento t\u00e9cnico. <\/p>\n<p class=\"com-paragraph   --s\"><strong>Oscar Lajad<\/strong> y su compa\u00f1\u00eda, que tambi\u00e9n tiene como referente al experimentado core\u00f3grafo y director <strong>Dar\u00edo Petruzio<\/strong>, no necesita de los artilugios espectaculares para conmover a su platea y generar el clima celebratorio que caracteriza a cada uno de sus conciertos. <\/p>\n<p class=\"com-paragraph   --s\">\u201cVamos a lo b\u00e1sico, de humano a humano. Incluso, muchos de nuestros espect\u00e1culos se estrenaron en peque\u00f1as salas de caf\u00e9 concert. En definitiva, se trata de decir un cuento, volver a c\u00f3mo, de alguna forma, comenz\u00f3 la humanidad, con gente alrededor de una fogata para contarse una historia, inventando sobre dioses o explicando el mundo\u201d.<\/p>\n<div class=\"content-media\">\n<section role=\"button\" class=\"mod-media   \">\n<figure role=\"button\" tabindex=\"0\" class=\"mod-figure \"><figcaption class=\"mod-figcaption\"><span class=\"com-text --caption --twoxs\">Junto a Dar\u00edo Petruzio, Oscar Lajad mont\u00f3 una academia de artes que hoy funciona con gran repercusi\u00f3n en la ciudad de Salta<\/span><span class=\"com-text --credit --twoxs\">Hernan Zenteno &#8211; La Nacion<\/span><\/figcaption><\/figure>\n<\/section>\n<\/div>\n<p class=\"com-paragraph   --s\"><strong>Oscar Lajad<\/strong> no desconoce el rol de la tecnolog\u00eda aplicada a la escena, pero entiende que el artilugio no debe ser develado de manera expl\u00edcita a los espectadores: \u201cEn <strong>Broadway<\/strong>, pod\u00e9s percibir un atardecer en escena o un efecto de lluvia y ni un solo \u00b4tacho\u00b4 de luz colgando, no se ven los hilos, eso me gusta\u201d, sostiene el artista, quien fue ladero de <strong>Enrique Pinti<\/strong> en uno de sus \u00e9xitos esc\u00e9nicos y fue parte de t\u00edtulos como <em>Houdini, una ilusi\u00f3n musical<\/em> y <em>Chicago<\/em>. <\/p>\n<p class=\"com-paragraph   --s\">Para Lajad \u201ccuando se sabe utilizar la tecnolog\u00eda con arte, me encanta, pero, cuando invade y pasa a un primer plano y se \u00b4come\u00b4 a la parte art\u00edstica, no es lo que me sale hacer ni consumir\u201d. No hacer evidente aquello que no debe serlo ni el regodeo de las posibilidades tecnol\u00f3gicas que se motorizan al punto tal de opacar lo interpretativo. <\/p>\n<div class=\"content-media\">\n<section role=\"button\" class=\"mod-media   \">\n<figure role=\"button\" tabindex=\"0\" class=\"mod-figure \"><figcaption class=\"mod-figcaption\"><span class=\"com-text --caption --twoxs\">Oscar Lajad y Lucas Gerson en una escena de Cuando Frank conoci\u00f3 a Carlitos<\/span><span class=\"com-text --credit --twoxs\">Gentileza<\/span><\/figcaption><\/figure>\n<\/section>\n<\/div>\n<p class=\"com-paragraph   --s\">\u201cMis maestros me dec\u00edan, \u00b4menos es m\u00e1s\u00b4. Lo que se pone en escena tiene que tener una raz\u00f3n de ser\u201d, recuerda, con la emoci\u00f3n de pensarse a \u00e9l mismo en aquellos tiempos donde todo estaba por hacerse.<\/p>\n<p class=\"com-paragraph   --s\"><strong>-\u00bfQui\u00e9nes fueron esos maestros?<\/strong><\/p>\n<p class=\"com-paragraph   --s\">-Comenc\u00e9 mi tr\u00e1nsito teatral en <strong>Salta<\/strong> con <strong>Rafael Monti<\/strong> y <strong>Claudia Mend\u00eda<\/strong>. Luego estuve un a\u00f1o en la <strong>Facultad de Artes de Tucum\u00e1n<\/strong> con grandes docentes como <strong>Juan Tr\u00edbulo<\/strong> y <strong>Gladys Mote<\/strong>. En la <strong>EMAD<\/strong>, ya instalado en Buenos Aires, tuve como profesores a <strong>Roberto Castro<\/strong> y <strong>Roberto Perinelli<\/strong>. Tambi\u00e9n estudi\u00e9 con<strong> Augusto Fernandes<\/strong> y <strong>Luis \u201cIndio\u201d Romero<\/strong>. <\/p>\n<p class=\"com-paragraph   --s\">Recursos y preparaci\u00f3n no le faltan. \u201cEn lo que refiere al clown, me form\u00e9 con <strong>Marcelo Katz<\/strong>, <strong>Osqui Guzm\u00e1n<\/strong> y <strong>Leticia Gonz\u00e1lez de Lellis<\/strong>\u201c.<\/p>\n<div class=\"content-media\">\n<section role=\"button\" class=\"mod-media   \">\n<figure role=\"button\" tabindex=\"0\" class=\"mod-figure \"><figcaption class=\"mod-figcaption\"><span class=\"com-text --caption --twoxs\">A pesar de sentirse c\u00f3modo en Buenos Aires, el actor y cantante disfruta de las escapadas a Salta, su provincia natal<\/span><span class=\"com-text --credit --twoxs\">Hernan Zenteno &#8211; La Nacion<\/span><\/figcaption><\/figure>\n<\/section>\n<\/div>\n<p class=\"com-paragraph   --s\">Desde hace tres a\u00f1os, <strong>Oscar Lajad juega de local en la Calle Corrientes <\/strong>de la mano de <em>Cuando Frank conoci\u00f3 a Carlitos<\/em>: \u201cLa obra se convirti\u00f3 en un cl\u00e1sico, <strong>un espectador la vio catorce veces<\/strong>. Llevamos m\u00e1s de 400 funciones, respeto y amo mi oficio, con lo cual, vivo lo que me pasa con alegr\u00eda y agradecimiento\u201d. <\/p>\n<p class=\"com-paragraph   --s\">Este martes, sumar\u00e1 la impronta de su propio show en ese mismo escnario y para desandar el repertorio del tango \u201ccorrompido\u201d que lleva su sello y que tambi\u00e9n cuenta con una legi\u00f3n de fan\u00e1ticos incondicionales. <\/p>\n<p class=\"com-paragraph   --s\"><em><strong>Tango Corrupto, 12 a\u00f1os de farra. Martes 31 de marzo, a las 20.30, Multitabar\u00eds, Corrientes 831<\/strong><\/em><\/p>\n<section class=\"container-center-100 mb-40 border border-bottom border-thin border-neutral-light-700\">\n<hr\/>\n<\/section>\n<\/div>\n","protected":false},"excerpt":{"rendered":"<p>&gt;LA NACION&gt;Espect\u00e1culos&gt;M\u00fasica 31 de marzo de 2026 10:00 9 minutos de lectura&#8216; 12 a\u00f1os de farra es el nombre del show y la excusa con la que Tango Corrupto celebrar\u00e1, este martes, su nuevo aniversario en el Multitabar\u00eds porte\u00f1o. Oscar Lajad, ide\u00f3logo de esta iniciativa, comparte su emoci\u00f3n ante la repercusi\u00f3n de un proyecto singular [&hellip;]<\/p>\n","protected":false},"author":2,"featured_media":85361,"comment_status":"","ping_status":"","sticky":false,"template":"","format":"standard","meta":{"footnotes":""},"categories":[14],"tags":[],"_links":{"self":[{"href":"https:\/\/maxradio923.com.ar\/index.php\/wp-json\/wp\/v2\/posts\/85360"}],"collection":[{"href":"https:\/\/maxradio923.com.ar\/index.php\/wp-json\/wp\/v2\/posts"}],"about":[{"href":"https:\/\/maxradio923.com.ar\/index.php\/wp-json\/wp\/v2\/types\/post"}],"author":[{"embeddable":true,"href":"https:\/\/maxradio923.com.ar\/index.php\/wp-json\/wp\/v2\/users\/2"}],"replies":[{"embeddable":true,"href":"https:\/\/maxradio923.com.ar\/index.php\/wp-json\/wp\/v2\/comments?post=85360"}],"version-history":[{"count":0,"href":"https:\/\/maxradio923.com.ar\/index.php\/wp-json\/wp\/v2\/posts\/85360\/revisions"}],"wp:featuredmedia":[{"embeddable":true,"href":"https:\/\/maxradio923.com.ar\/index.php\/wp-json\/wp\/v2\/media\/85361"}],"wp:attachment":[{"href":"https:\/\/maxradio923.com.ar\/index.php\/wp-json\/wp\/v2\/media?parent=85360"}],"wp:term":[{"taxonomy":"category","embeddable":true,"href":"https:\/\/maxradio923.com.ar\/index.php\/wp-json\/wp\/v2\/categories?post=85360"},{"taxonomy":"post_tag","embeddable":true,"href":"https:\/\/maxradio923.com.ar\/index.php\/wp-json\/wp\/v2\/tags?post=85360"}],"curies":[{"name":"wp","href":"https:\/\/api.w.org\/{rel}","templated":true}]}}