{"id":85357,"date":"2026-04-08T11:34:07","date_gmt":"2026-04-08T14:34:07","guid":{"rendered":"https:\/\/maxradio923.com.ar\/index.php\/2026\/04\/08\/una-programacion-con-conciertos-en-sala-y-en-territorio\/"},"modified":"2026-04-08T11:34:07","modified_gmt":"2026-04-08T14:34:07","slug":"una-programacion-con-conciertos-en-sala-y-en-territorio","status":"publish","type":"post","link":"https:\/\/maxradio923.com.ar\/index.php\/2026\/04\/08\/una-programacion-con-conciertos-en-sala-y-en-territorio\/","title":{"rendered":"una programaci\u00f3n con conciertos en sala y en territorio"},"content":{"rendered":"<p><\/p>\n<div>\n<p style=\"text-align: justify;\">Con el apoyo del Ministerio de Turismo, Cultura y Deporte, <strong>Mozarteum Argentino Filial San Juan lanz\u00f3 la programaci\u00f3n 2026<\/strong> que reafirma su compromiso con la calidad, la diversidad musical y el acceso federal a la cultura en toda la provincia.<\/p>\n<p style=\"text-align: justify;\"><strong>Esta temporada propone un recorrido art\u00edstico diverso y de alto nivel<\/strong>, integrando distintas formaciones y lenguajes musicales: m\u00fasica de c\u00e1mara, conjuntos instrumentales, repertorio l\u00edrico con arias y d\u00faos de \u00f3pera, propuestas contempor\u00e1neas como el neotango y el electrotango, y una producci\u00f3n de cierre en versi\u00f3n sinf\u00f3nico-coral. <strong>El ciclo estar\u00e1 conformado por cinco conciertos <\/strong>principales:<\/p>\n<p style=\"text-align: justify;\"><strong>Concierto de Apertura &#8211; S\u00e1bado 9 de mayo, Teatro Sarmiento<\/strong><br \/>In Crescendo &#8211; Cuarteto de guitarras, con la participaci\u00f3n de la bailarina sanjuanina Marisol Morales.<\/p>\n<p style=\"text-align: justify;\"><strong>Gala L\u00edrica &#8211; Jueves 23 de julio, Teatro del Bicentenario<\/strong><br \/>Selecci\u00f3n de arias y d\u00faos de \u00f3pera.<\/p>\n<p style=\"text-align: justify;\"><strong>Concierto de M\u00fasica de C\u00e1mara \u2013 S\u00e1bado 8 de agosto, Teatro del Bicentenario<\/strong><\/p>\n<p style=\"text-align: justify;\"><strong>Camerata Docta. Neotango y Electrotango &#8211; Martes 15 de septiembre, Teatro Sarmiento<\/strong><br \/>Tanghetto.<\/p>\n<p style=\"text-align: justify;\"><strong>Concierto de Cierre &#8211; S\u00e1bado 28 de noviembre, Teatro Sarmiento<\/strong><br \/>The Beatles, en versi\u00f3n sinf\u00f3nico-coral.<\/p>\n<p style=\"text-align: justify;\">Cabe destacar que, <strong>debido a trabajos de reacondicionamiento en el Auditorio Juan Victoria, las actividades de esta temporada se desarrollar\u00e1n en el Teatro del Bicentenario y el Teatro Sarmiento.<\/strong><\/p>\n<p style=\"text-align: justify;\">Asimismo, <strong>el Mozarteum Argentino San Juan <\/strong>contin\u00faa fortaleciendo su compromiso con la<strong> inclusi\u00f3n cultural <\/strong>a trav\u00e9s del proyecto<strong> \u201cNotas que Unen<\/strong>.<strong> Ciclo de conciertos itinerantes\u201d<\/strong>, seleccionado por el C<strong>onsejo de Mecenazgo Cultural en la convocatoria 2025 del R\u00e9gimen de Promoci\u00f3n Cultural (Ley 2197-F).<\/strong><\/p>\n<p style=\"text-align: justify;\"><strong>Este ciclo llevar\u00e1 propuestas musicales a distintos departamentos de la provincia durante 2026<\/strong>, con conciertos de entrada libre y gratuita, reafirmando el objetivo de democratizar el acceso a la cultura. La programaci\u00f3n itinerante incluir\u00e1:<\/p>\n<p style=\"text-align: justify;\">Albard\u00f3n: Camerata San Juan<br \/>Iglesia: Tr\u00edo de Jonatan Vera<br \/>Sarmiento: Cuarteto de guitarras In Crescendo<br \/>J\u00e1chal: Cuarteto de cuerdas \u00c1mbar<br \/>Calingasta: Tr\u00edo de Jazz de Elmer Meza<\/p>\n<p style=\"text-align: justify;\"><strong>La realizaci\u00f3n de esta nueva temporada cuenta con el apoyo del Ministerio de Turismo, Cultura y Deporte, as\u00ed como de la Fundaci\u00f3n Banco San Juan y el Banco San Juan, en su car\u00e1cter de mecenas por segundo a\u00f1o consecutivo.<\/strong><\/p>\n<p style=\"text-align: justify;\">Con 44 a\u00f1os de labor ininterrumpida, el Mozarteum Argentino Filial San Juan renueva su compromiso con la comunidad, reafirmando su misi\u00f3n de acercar la m\u00fasica de excelencia a todos los sanjuaninos y consolidar el desarrollo cultural de la provincia.<\/p>\n<\/p><\/div>\n<p><script async defer crossorigin=\"anonymous\" src=\"https:\/\/connect.facebook.net\/es_ES\/sdk.js#xfbml=1&#038;version=v3.3\"><\/script><\/p>\n","protected":false},"excerpt":{"rendered":"<p>Con el apoyo del Ministerio de Turismo, Cultura y Deporte, Mozarteum Argentino Filial San Juan lanz\u00f3 la programaci\u00f3n 2026 que reafirma su compromiso con la calidad, la diversidad musical y el acceso federal a la cultura en toda la provincia. Esta temporada propone un recorrido art\u00edstico diverso y de alto nivel, integrando distintas formaciones y [&hellip;]<\/p>\n","protected":false},"author":2,"featured_media":85358,"comment_status":"","ping_status":"","sticky":false,"template":"","format":"standard","meta":{"footnotes":""},"categories":[8],"tags":[],"_links":{"self":[{"href":"https:\/\/maxradio923.com.ar\/index.php\/wp-json\/wp\/v2\/posts\/85357"}],"collection":[{"href":"https:\/\/maxradio923.com.ar\/index.php\/wp-json\/wp\/v2\/posts"}],"about":[{"href":"https:\/\/maxradio923.com.ar\/index.php\/wp-json\/wp\/v2\/types\/post"}],"author":[{"embeddable":true,"href":"https:\/\/maxradio923.com.ar\/index.php\/wp-json\/wp\/v2\/users\/2"}],"replies":[{"embeddable":true,"href":"https:\/\/maxradio923.com.ar\/index.php\/wp-json\/wp\/v2\/comments?post=85357"}],"version-history":[{"count":0,"href":"https:\/\/maxradio923.com.ar\/index.php\/wp-json\/wp\/v2\/posts\/85357\/revisions"}],"wp:featuredmedia":[{"embeddable":true,"href":"https:\/\/maxradio923.com.ar\/index.php\/wp-json\/wp\/v2\/media\/85358"}],"wp:attachment":[{"href":"https:\/\/maxradio923.com.ar\/index.php\/wp-json\/wp\/v2\/media?parent=85357"}],"wp:term":[{"taxonomy":"category","embeddable":true,"href":"https:\/\/maxradio923.com.ar\/index.php\/wp-json\/wp\/v2\/categories?post=85357"},{"taxonomy":"post_tag","embeddable":true,"href":"https:\/\/maxradio923.com.ar\/index.php\/wp-json\/wp\/v2\/tags?post=85357"}],"curies":[{"name":"wp","href":"https:\/\/api.w.org\/{rel}","templated":true}]}}