{"id":85355,"date":"2026-04-08T11:32:22","date_gmt":"2026-04-08T14:32:22","guid":{"rendered":"https:\/\/maxradio923.com.ar\/index.php\/2026\/04\/08\/es-un-mocoso-sin-clase-y-manipulador-la-lapidaria-critica-a-enzo-fernandez-tras-ser-suspendido-en-chelsea\/"},"modified":"2026-04-08T11:32:22","modified_gmt":"2026-04-08T14:32:22","slug":"es-un-mocoso-sin-clase-y-manipulador-la-lapidaria-critica-a-enzo-fernandez-tras-ser-suspendido-en-chelsea","status":"publish","type":"post","link":"https:\/\/maxradio923.com.ar\/index.php\/2026\/04\/08\/es-un-mocoso-sin-clase-y-manipulador-la-lapidaria-critica-a-enzo-fernandez-tras-ser-suspendido-en-chelsea\/","title":{"rendered":"\u201cEs un mocoso sin clase y manipulador\u201d: la lapidaria cr\u00edtica a Enzo Fern\u00e1ndez tras ser suspendido en Chelsea"},"content":{"rendered":"<p><\/p>\n<div xmlns:default=\"http:\/\/www.w3.org\/2000\/svg\">\n<div class=\"visual__image image-initial-width\"><picture><source srcset=\"https:\/\/www.infobae.com\/resizer\/v2\/MHC3APSIRZALJLYP7REYSK63VM.JPG?auth=b2d8c257804c63b16b7c00960a464cdac9f1dc1c9b747a9254e7a55b0d755a1a&amp;smart=true&amp;width=992&amp;height=558&amp;quality=85\" media=\"(min-width: 1000px)\"\/><source srcset=\"https:\/\/www.infobae.com\/resizer\/v2\/MHC3APSIRZALJLYP7REYSK63VM.JPG?auth=b2d8c257804c63b16b7c00960a464cdac9f1dc1c9b747a9254e7a55b0d755a1a&amp;smart=true&amp;width=768&amp;height=432&amp;quality=85\" media=\"(min-width: 768px)\"\/><source srcset=\"https:\/\/www.infobae.com\/resizer\/v2\/MHC3APSIRZALJLYP7REYSK63VM.JPG?auth=b2d8c257804c63b16b7c00960a464cdac9f1dc1c9b747a9254e7a55b0d755a1a&amp;smart=true&amp;width=577&amp;height=325&amp;quality=85\" media=\"(min-width: 580px)\"\/><source srcset=\"https:\/\/www.infobae.com\/resizer\/v2\/MHC3APSIRZALJLYP7REYSK63VM.JPG?auth=b2d8c257804c63b16b7c00960a464cdac9f1dc1c9b747a9254e7a55b0d755a1a&amp;smart=true&amp;width=420&amp;height=236&amp;quality=85\" media=\"(min-width: 350px)\"\/><source srcset=\"https:\/\/www.infobae.com\/resizer\/v2\/MHC3APSIRZALJLYP7REYSK63VM.JPG?auth=b2d8c257804c63b16b7c00960a464cdac9f1dc1c9b747a9254e7a55b0d755a1a&amp;smart=true&amp;width=350&amp;height=197&amp;quality=85\" media=\"(min-width: 80px)\"\/><img alt=\"Las declaraciones de Enzo Fern\u00e1ndez siguen causando repercusiones en Inglaterra (REUTERS\/Peter Powell\/Archivo)\" class=\"global-image\" decoding=\"async\" fetchpriority=\"high\" height=\"450\" loading=\"eager\" src=\"https:\/\/www.infobae.com\/resizer\/v2\/MHC3APSIRZALJLYP7REYSK63VM.JPG?auth=b2d8c257804c63b16b7c00960a464cdac9f1dc1c9b747a9254e7a55b0d755a1a&amp;smart=true&amp;width=350&amp;height=197&amp;quality=85\" width=\"800\"\/><\/picture><figcaption class=\"article-figcaption-img\">Las declaraciones de Enzo Fern\u00e1ndez siguen causando repercusiones en Inglaterra (REUTERS\/Peter Powell\/Archivo)<\/figcaption><\/div>\n<p class=\"paragraph\">El mediocampista argentino <b>Enzo Fern\u00e1ndez<\/b> se convirti\u00f3 en el centro de una intensa pol\u00e9mica en la prensa deportiva del Reino Unido, tras la publicaci\u00f3n de una columna en <i>Daily Star<\/i> donde se lo describe como <b>\u201cun mocoso sin clase y un manipulador\u201d<\/b>, adem\u00e1s de cuestionar su permanencia y liderazgo en el Chelsea Football Club. <\/p>\n<p class=\"paragraph\">El art\u00edculo, firmado por el periodista Harry Brent y titulado \u201cEnzo Fern\u00e1ndez es un mocoso sin clase y manipulador; el Chelsea deber\u00eda quitarle la capitan\u00eda\u201d, sostiene que las recientes declaraciones del futbolista sobre su futuro y su supuesto inter\u00e9s por mudarse a Madrid \u201ccarecen de la sutileza y dignidad que requiere su rol en el equipo\u201d.<\/p>\n<p class=\"paragraph\">Seg\u00fan indic\u00f3 la nota en el rotativo brit\u00e1nico, Enzo Fern\u00e1ndez desliz\u00f3 en los \u00faltimos d\u00edas la posibilidad de abandonar Chelsea, expresando p\u00fablicamente su deseo de vivir en la capital espa\u00f1ola, en coincidencia con rumores que lo vinculan al Real Madrid desde hace m\u00e1s de un a\u00f1o. &#8220;<b>El argentino dej\u00f3 entrever que estaba considerando su futuro y que le atra\u00eda bastante la idea de vivir en Madrid, ciudad natal, casualmente, del Real Madrid (gui\u00f1o, gui\u00f1o), con el que se ha relacionado al centrocampista desde hace m\u00e1s de un a\u00f1o&#8221;<\/b>, puntualiz\u00f3 el medio brit\u00e1nico.<\/p>\n<div class=\"visual__image\"><picture><source srcset=\"https:\/\/www.infobae.com\/resizer\/v2\/XV2IH7KQUBAQVNA7R2WXB5KWJY.jpg?auth=43b777173fb7e1bc81f56de7e1ba3073749c359de293c720af8c61c860e90cf9&amp;smart=true&amp;width=992&amp;height=1322&amp;quality=85\" media=\"(min-width: 1000px)\"\/><source srcset=\"https:\/\/www.infobae.com\/resizer\/v2\/XV2IH7KQUBAQVNA7R2WXB5KWJY.jpg?auth=43b777173fb7e1bc81f56de7e1ba3073749c359de293c720af8c61c860e90cf9&amp;smart=true&amp;width=768&amp;height=1023&amp;quality=85\" media=\"(min-width: 768px)\"\/><source srcset=\"https:\/\/www.infobae.com\/resizer\/v2\/XV2IH7KQUBAQVNA7R2WXB5KWJY.jpg?auth=43b777173fb7e1bc81f56de7e1ba3073749c359de293c720af8c61c860e90cf9&amp;smart=true&amp;width=577&amp;height=769&amp;quality=85\" media=\"(min-width: 580px)\"\/><source srcset=\"https:\/\/www.infobae.com\/resizer\/v2\/XV2IH7KQUBAQVNA7R2WXB5KWJY.jpg?auth=43b777173fb7e1bc81f56de7e1ba3073749c359de293c720af8c61c860e90cf9&amp;smart=true&amp;width=420&amp;height=560&amp;quality=85\" media=\"(min-width: 350px)\"\/><source srcset=\"https:\/\/www.infobae.com\/resizer\/v2\/XV2IH7KQUBAQVNA7R2WXB5KWJY.jpg?auth=43b777173fb7e1bc81f56de7e1ba3073749c359de293c720af8c61c860e90cf9&amp;smart=true&amp;width=350&amp;height=466&amp;quality=85\" media=\"(min-width: 80px)\"\/><img alt=\"Un hombre de pelo rojo y bufanda azul y blanca grita con enojo, sosteniendo un tel\u00e9fono y con una cerveza en un pub\" class=\"global-image\" decoding=\"async\" fetchpriority=\"low\" height=\"2558\" loading=\"lazy\" src=\"https:\/\/www.infobae.com\/resizer\/v2\/XV2IH7KQUBAQVNA7R2WXB5KWJY.jpg?auth=43b777173fb7e1bc81f56de7e1ba3073749c359de293c720af8c61c860e90cf9&amp;smart=true&amp;width=350&amp;height=466&amp;quality=85\" width=\"1920\"\/><\/picture><figcaption class=\"article-figcaption-img\">Una columna de Harry Brent en Daily Star apunt\u00f3 con dureza contra Enzo Fern\u00e1ndez <\/figcaption><\/div>\n<p class=\"paragraph\">La publicaci\u00f3n cuestiona el modo en que Enzo Fern\u00e1ndez y su entorno han gestionado la comunicaci\u00f3n de su situaci\u00f3n contractual en Chelsea. El entrenador Liam Rosenior decidi\u00f3 marginarlo del equipo durante dos jornadas, medida que gener\u00f3 malestar en el c\u00edrculo cercano del futbolista. \u201cDespu\u00e9s de que Rosenior lo sentara en el banquillo como correctivo, <b>el representante de Fern\u00e1ndez comenz\u00f3 a quejarse de la supuesta injusticia, como si se tratara de un adolescente al que le confiscaron el vape<\/b>\u201d, opin\u00f3.<\/p>\n<p class=\"paragraph\">La columna sostiene que la actitud de Enzo Fern\u00e1ndez encendi\u00f3 las alarmas en el club londinense, tanto por la forma en que dej\u00f3 abierta la puerta a una transferencia como por la reacci\u00f3n de su agente. Seg\u00fan el an\u00e1lisis de <i>Daily Star<\/i>, <b>\u201cFern\u00e1ndez no mencion\u00f3 expl\u00edcitamente que quisiera irse ni hizo referencia directa a otro club, pero el mensaje era evidente\u201d<\/b>.<\/p>\n<p><soccer-worldcup2026-cta-predict\/><link rel=\"stylesheet\" crossorigin=\"true\" href=\"https:\/\/storage.googleapis.com\/arc-buckets\/web-components\/soccer\/ctas\/predict.css\"\/>\n<p class=\"paragraph\">En el art\u00edculo, el periodista Harry Brent traza un paralelismo entre el caso de Enzo Fern\u00e1ndez y otras situaciones recientes donde futbolistas y representantes buscan instalar narrativas favorables para presionar a las instituciones. \u201cEsto no es m\u00e1s que una maniobra orquestada con astucia que, al igual que Liam Delap este verano, nadie se cree. Intentan esconderse tras un velo de negaci\u00f3n plausible tan fino que hace que Cole Palmer parezca Arnold Schwarzenegger, y al igual que esos tatuajes en el cuello, es una imagen realmente mala para Enzo\u201d, escribi\u00f3.<\/p>\n<p class=\"paragraph\">Esta controversia se produce en un contexto de bajo rendimiento colectivo para el Chelsea Football Club, que no logra consolidar un proyecto deportivo estable pese a la inversi\u00f3n millonaria en figuras como Enzo Fern\u00e1ndez, por quien se pagaron 107 millones de libras esterlinas (aproximadamente 125 millones de euros). La columna plantea dudas sobre la idoneidad del argentino para portar la cinta de capit\u00e1n, en un momento en que el club busca referentes s\u00f3lidos dentro y fuera del campo.<\/p>\n<p class=\"paragraph\">Los Blues, aunque acaban de clasificar a las semifinales de la FA Cup tras vapulear por 7-0 a Port Vale en el primer encuentro sin Enzo Fern\u00e1ndez (ahora se medir\u00e1n contra Leeds), parecieran no encontrar el rumbo en la temporada. Cayeron en semifinales de la Copa de la Liga ante Arsenal y fueron eliminados de la Champions League en octavos de final a manos de PSG con un global de 8-2. En la Premier League, por su parte, figuran en la sexta colocaci\u00f3n, fuera de los puestos de clasificaci\u00f3n a competencias internacionales. Con 48 puntos se ubican a 21 unidades del l\u00edder. Este domingo tendr\u00e1n un duelo clave en Stamford Bridge ante Manchester City (ser\u00e1 el segundo encuentro de los Blues sin el campe\u00f3n del mundo con argentina en la n\u00f3mina).<\/p>\n<p class=\"paragraph\"><b>\u201cEl mediocampista merece el brazalete de la misma forma que Alexander Isak merece el Bal\u00f3n de Oro\u201d,<\/b> ironiz\u00f3 Harry Brent en su columna. Tambi\u00e9n insiste en que la gesti\u00f3n de la situaci\u00f3n por parte de Enzo Fern\u00e1ndez y su agente se percibe como parte de una estrategia orquestada para forzar la salida, aunque hasta el momento no se ha oficializado ninguna negociaci\u00f3n con Real Madrid ni con otros clubes europeos.<\/p>\n<\/div>\n<p><script defer=\"\">try{!function(f,b,e,v,n,t,s) {if(f.fbq)return;n=f.fbq=function(){n.callMethod? n.callMethod.apply(n,arguments):n.queue.push(arguments)}; if(!f._fbq)f._fbq=n;n.push=n;n.loaded=!0;n.version='2.0'; n.queue=[];t=b.createElement(e);t.async=!0; t.src=v;s=b.getElementsByTagName(e)[0]; s.parentNode.insertBefore(t,s)}(window, document,'script', ' fbq('init', '336383993555320'); fbq('track', 'PageView'); fbq('track', 'ViewContent');}catch(error){console.log(\"Error al inicializar facebookPixelRawCodeScript:\",error);}<\/script><\/p>\n","protected":false},"excerpt":{"rendered":"<p>Las declaraciones de Enzo Fern\u00e1ndez siguen causando repercusiones en Inglaterra (REUTERS\/Peter Powell\/Archivo) El mediocampista argentino Enzo Fern\u00e1ndez se convirti\u00f3 en el centro de una intensa pol\u00e9mica en la prensa deportiva del Reino Unido, tras la publicaci\u00f3n de una columna en Daily Star donde se lo describe como \u201cun mocoso sin clase y un manipulador\u201d, adem\u00e1s [&hellip;]<\/p>\n","protected":false},"author":2,"featured_media":85356,"comment_status":"","ping_status":"","sticky":false,"template":"","format":"standard","meta":{"footnotes":""},"categories":[2],"tags":[],"_links":{"self":[{"href":"https:\/\/maxradio923.com.ar\/index.php\/wp-json\/wp\/v2\/posts\/85355"}],"collection":[{"href":"https:\/\/maxradio923.com.ar\/index.php\/wp-json\/wp\/v2\/posts"}],"about":[{"href":"https:\/\/maxradio923.com.ar\/index.php\/wp-json\/wp\/v2\/types\/post"}],"author":[{"embeddable":true,"href":"https:\/\/maxradio923.com.ar\/index.php\/wp-json\/wp\/v2\/users\/2"}],"replies":[{"embeddable":true,"href":"https:\/\/maxradio923.com.ar\/index.php\/wp-json\/wp\/v2\/comments?post=85355"}],"version-history":[{"count":0,"href":"https:\/\/maxradio923.com.ar\/index.php\/wp-json\/wp\/v2\/posts\/85355\/revisions"}],"wp:featuredmedia":[{"embeddable":true,"href":"https:\/\/maxradio923.com.ar\/index.php\/wp-json\/wp\/v2\/media\/85356"}],"wp:attachment":[{"href":"https:\/\/maxradio923.com.ar\/index.php\/wp-json\/wp\/v2\/media?parent=85355"}],"wp:term":[{"taxonomy":"category","embeddable":true,"href":"https:\/\/maxradio923.com.ar\/index.php\/wp-json\/wp\/v2\/categories?post=85355"},{"taxonomy":"post_tag","embeddable":true,"href":"https:\/\/maxradio923.com.ar\/index.php\/wp-json\/wp\/v2\/tags?post=85355"}],"curies":[{"name":"wp","href":"https:\/\/api.w.org\/{rel}","templated":true}]}}