{"id":85351,"date":"2026-04-08T11:25:03","date_gmt":"2026-04-08T14:25:03","guid":{"rendered":"https:\/\/maxradio923.com.ar\/index.php\/2026\/04\/08\/confirman-que-el-tirador-de-la-escuela-de-san-cristobal-formaba-parte-de-una-cultura-digital-que-venera-delitos-violentos\/"},"modified":"2026-04-08T11:25:03","modified_gmt":"2026-04-08T14:25:03","slug":"confirman-que-el-tirador-de-la-escuela-de-san-cristobal-formaba-parte-de-una-cultura-digital-que-venera-delitos-violentos","status":"publish","type":"post","link":"https:\/\/maxradio923.com.ar\/index.php\/2026\/04\/08\/confirman-que-el-tirador-de-la-escuela-de-san-cristobal-formaba-parte-de-una-cultura-digital-que-venera-delitos-violentos\/","title":{"rendered":"Confirman que el tirador de la escuela de San Crist\u00f3bal formaba parte de una cultura digital que venera delitos violentos"},"content":{"rendered":"<p><\/p>\n<h2 class=\"article-subheadline text_align_left\">Los detalles del ataque se conocieron en una conferencia de prensa encabezada por la ministra de Seguridad Nacional, Alejandra Monteoliva, y el gobernador de Santa Fe, Maximiliano Pullaro<\/h2>\n<p><\/p>\n<p class=\"paragraph\">A poco m\u00e1s de una semana del tiroteo fatal en <b>la Escuela Normal Superior N\u00b0 40 \u201cMariano Moreno\u201d de San Crist\u00f3bal<\/b> -a donde un adolescente<b> llev\u00f3 una escopeta, mat\u00f3 a un estudiante e hiri\u00f3 a otros ocho- <\/b>se conocieron detalles impactantes sobre c\u00f3mo fue planificado el ataque. Adem\u00e1s, confirmaron que el tirador formaba parte de una cultura digital que venera delitos violentos.<\/p>\n<p><\/p>\n<p class=\"paragraph\">Y subray\u00f3: \u201cS\u00ed se pudo detectar que este joven de la localidad de San Crist\u00f3bal, este adolescente,<b> participaba de una red internacional, de una subcultura digital,<\/b> que se denomina TCC, y desde ese lugar, parten de la veneraci\u00f3n a delitos violentos, asesinatos violentos, y, en algunos casos, llegan tambi\u00e9n a la imitaci\u00f3n de la comisi\u00f3n de este tipo de delitos&#8221;.<\/p>\n<p><\/p>\n<p class=\"paragraph\"><i>Noticia en desarrollo<\/i><\/p>\n","protected":false},"excerpt":{"rendered":"<p>Los detalles del ataque se conocieron en una conferencia de prensa encabezada por la ministra de Seguridad Nacional, Alejandra Monteoliva, y el gobernador de Santa Fe, Maximiliano Pullaro A poco m\u00e1s de una semana del tiroteo fatal en la Escuela Normal Superior N\u00b0 40 \u201cMariano Moreno\u201d de San Crist\u00f3bal -a donde un adolescente llev\u00f3 una [&hellip;]<\/p>\n","protected":false},"author":2,"featured_media":85352,"comment_status":"","ping_status":"","sticky":false,"template":"","format":"standard","meta":{"footnotes":""},"categories":[12],"tags":[],"_links":{"self":[{"href":"https:\/\/maxradio923.com.ar\/index.php\/wp-json\/wp\/v2\/posts\/85351"}],"collection":[{"href":"https:\/\/maxradio923.com.ar\/index.php\/wp-json\/wp\/v2\/posts"}],"about":[{"href":"https:\/\/maxradio923.com.ar\/index.php\/wp-json\/wp\/v2\/types\/post"}],"author":[{"embeddable":true,"href":"https:\/\/maxradio923.com.ar\/index.php\/wp-json\/wp\/v2\/users\/2"}],"replies":[{"embeddable":true,"href":"https:\/\/maxradio923.com.ar\/index.php\/wp-json\/wp\/v2\/comments?post=85351"}],"version-history":[{"count":0,"href":"https:\/\/maxradio923.com.ar\/index.php\/wp-json\/wp\/v2\/posts\/85351\/revisions"}],"wp:featuredmedia":[{"embeddable":true,"href":"https:\/\/maxradio923.com.ar\/index.php\/wp-json\/wp\/v2\/media\/85352"}],"wp:attachment":[{"href":"https:\/\/maxradio923.com.ar\/index.php\/wp-json\/wp\/v2\/media?parent=85351"}],"wp:term":[{"taxonomy":"category","embeddable":true,"href":"https:\/\/maxradio923.com.ar\/index.php\/wp-json\/wp\/v2\/categories?post=85351"},{"taxonomy":"post_tag","embeddable":true,"href":"https:\/\/maxradio923.com.ar\/index.php\/wp-json\/wp\/v2\/tags?post=85351"}],"curies":[{"name":"wp","href":"https:\/\/api.w.org\/{rel}","templated":true}]}}