{"id":8500,"date":"2023-10-23T00:04:22","date_gmt":"2023-10-23T03:04:22","guid":{"rendered":"https:\/\/maxradio923.com\/index.php\/2023\/10\/23\/la-grieta-se-murio-y-empieza-una-nueva-etapa\/"},"modified":"2023-10-23T08:24:22","modified_gmt":"2023-10-23T11:24:22","slug":"la-grieta-se-murio-y-empieza-una-nueva-etapa","status":"publish","type":"post","link":"https:\/\/maxradio923.com.ar\/index.php\/2023\/10\/23\/la-grieta-se-murio-y-empieza-una-nueva-etapa\/","title":{"rendered":"\u00abLa grieta se muri\u00f3 y empieza una nueva etapa\u00bb"},"content":{"rendered":"<p><img decoding=\"async\" src=\"https:\/\/diariod3.com\/inicio\/wp-content\/uploads\/2023\/10\/masa-confer.jpg\"\/><\/p>\n<p>El candidato presidencial de Uni\u00f3n por la Patria (UxP), Sergio Massa, agradeci\u00f3 este domingo a los \u00abm\u00e1s de 25 millones de argentinos que fueron a votar, votaran por quien votaran\u00bb, en los comicios en los que result\u00f3 el postulante m\u00e1s elegido, con casi el 37% de los votos. \u00abLa grieta se muri\u00f3 y empieza una nueva etapa\u00bb, afirm\u00f3.<\/p>\n<p>Desde el b\u00fanker de UxP en Chacarita, Massa sostuvo que \u00aba 40 a\u00f1os del nacimiento de nuestra nueva era democr\u00e1tica, los argentinos manifiestan y abrazan este sistema como un sistema para elegir a quienes gobiernan\u00bb.<\/p>\n<p>\u00abVoy a convocar a un gobierno de unidad nacional, sobre la base de llamar a los mejores sin que importe su fuerza pol\u00edtica\u00bb, afirm\u00f3 en otro tramo del festejo de Uni\u00f3n por la Patria, que lo tuvo como \u00fanico orador en el escenario.<\/p>\n<p>Massa destac\u00f3 que \u00abla grieta se muri\u00f3 y empieza una nueva etapa\u00bb, y reiter\u00f3 su intenci\u00f3n de \u00abponer punto final a la destrucci\u00f3n del otro\u00bb.<\/p>\n<p>\u201cS\u00e9 que muchos de los que nos votaron \u2013 se\u00f1al\u00f3 \u2013 son los que m\u00e1s est\u00e1n sufriendo, no les voy a fallar. Mi compromiso es construir una patria en la nuestros hijos puedan elegir ir a la escuela con una compu en la mochila y no con un arma\u00bb.<\/p>\n<p>\u00abEste no es un pa\u00eds de mierda. Entre todos lo vamos a poner en el lugar que se merece\u00bb, agreg\u00f3 el candidato de Uni\u00f3n por la Patria.<\/p>\n<p>En otro tramo, Massa destac\u00f3 su firme convicci\u00f3n de convertirse en \u00abel presidente del trabajo y de la seguridad por sobre todas las cosas\u00bb. \u00abEse es mi mayor compromiso\u00bb, agreg\u00f3.<\/p>\n<p>Despu\u00e9s de afirmar que quer\u00eda hablarle \u00aba los que eligieron a Myriam (Bregman) a Juan (Schiaretti) y a esos miles de radicales que comparten valores con nosotros\u00bb, Massa destac\u00f3 su intenci\u00f3n de \u00ababrazar a cada argentino y a cada argentina, no importa c\u00f3mo piensen\u00bb.<\/p>\n<p>\u00abLa Argentina que viene es la Argentina del abrazo, del campo y de la industria\u00bb, indic\u00f3.<\/p>\n<p>Sobre el final, el candidato de UxP advirti\u00f3 que a\u00fan no est\u00e1 nada definido y llam\u00f3 a definir en el balotaje \u00absi construimos un pa\u00eds que abrace a todos o un pa\u00eds del s\u00e1lvese quien pueda\u00bb.<\/p>\n<p><strong>Los n\u00fameros<\/strong><\/p>\n<p>Con el 90,12 por ciento de las mesas escrutadas, Massa se impon\u00eda este domingo con el 36,29 por ciento de los votos en las elecciones nacionales, seguido por el de La Libertad Avanza, Javier Milei, que retrocede al 30,19%.<\/p>\n<p>En tercer lugar queda la postulante de Juntos por el Cambio, Patricia Bullrich, con el 23,82, seguida por Juan Schiaretti, de Hacemos por Nuestro Pa\u00eds, con el 7,01 y Myriam Bregman (Frente de Izquierda Unidad) con el 2,66 por ciento de los votos.<\/p>\n<p>Fuente: T\u00e9lam<\/p>\n<p>Op: Rivero Cecilia<\/p>\n<p>La entrada <a href=\"https:\/\/diariod3.com\/inicio\/la-grieta-se-murio-y-empieza-una-nueva-etapa\/\" rel=\"noreferrer noopener\" target=\"_blank\">\u00abLa grieta se muri\u00f3 y empieza una nueva etapa\u00bb<\/a> se public\u00f3 primero en <a href=\"https:\/\/diariod3.com\/inicio\" rel=\"noreferrer noopener\" target=\"_blank\">DIARIO D3 NOTICIAS<\/a>.<\/p>\n","protected":false},"excerpt":{"rendered":"<p>El candidato presidencial de Uni\u00f3n por la Patria (UxP), Sergio Massa, agradeci\u00f3 este domingo a los \u00abm\u00e1s de 25 millones de argentinos que fueron a votar, votaran por quien votaran\u00bb, en los comicios en los que result\u00f3 el postulante m\u00e1s elegido, con casi el 37% de los votos. \u00abLa grieta se muri\u00f3 y empieza una [&hellip;]<\/p>\n","protected":false},"author":2,"featured_media":8529,"comment_status":"closed","ping_status":"","sticky":false,"template":"","format":"standard","meta":{"footnotes":""},"categories":[12],"tags":[],"_links":{"self":[{"href":"https:\/\/maxradio923.com.ar\/index.php\/wp-json\/wp\/v2\/posts\/8500"}],"collection":[{"href":"https:\/\/maxradio923.com.ar\/index.php\/wp-json\/wp\/v2\/posts"}],"about":[{"href":"https:\/\/maxradio923.com.ar\/index.php\/wp-json\/wp\/v2\/types\/post"}],"author":[{"embeddable":true,"href":"https:\/\/maxradio923.com.ar\/index.php\/wp-json\/wp\/v2\/users\/2"}],"replies":[{"embeddable":true,"href":"https:\/\/maxradio923.com.ar\/index.php\/wp-json\/wp\/v2\/comments?post=8500"}],"version-history":[{"count":1,"href":"https:\/\/maxradio923.com.ar\/index.php\/wp-json\/wp\/v2\/posts\/8500\/revisions"}],"predecessor-version":[{"id":8514,"href":"https:\/\/maxradio923.com.ar\/index.php\/wp-json\/wp\/v2\/posts\/8500\/revisions\/8514"}],"wp:featuredmedia":[{"embeddable":true,"href":"https:\/\/maxradio923.com.ar\/index.php\/wp-json\/wp\/v2\/media\/8529"}],"wp:attachment":[{"href":"https:\/\/maxradio923.com.ar\/index.php\/wp-json\/wp\/v2\/media?parent=8500"}],"wp:term":[{"taxonomy":"category","embeddable":true,"href":"https:\/\/maxradio923.com.ar\/index.php\/wp-json\/wp\/v2\/categories?post=8500"},{"taxonomy":"post_tag","embeddable":true,"href":"https:\/\/maxradio923.com.ar\/index.php\/wp-json\/wp\/v2\/tags?post=8500"}],"curies":[{"name":"wp","href":"https:\/\/api.w.org\/{rel}","templated":true}]}}