{"id":8482,"date":"2023-10-22T21:54:12","date_gmt":"2023-10-23T00:54:12","guid":{"rendered":"https:\/\/maxradio923.com\/index.php\/2023\/10\/22\/massa-y-kicillof-ya-estan-en-el-bunker-de-uxp-para-esperar-los-resultados\/"},"modified":"2023-10-22T21:54:12","modified_gmt":"2023-10-23T00:54:12","slug":"massa-y-kicillof-ya-estan-en-el-bunker-de-uxp-para-esperar-los-resultados","status":"publish","type":"post","link":"https:\/\/maxradio923.com.ar\/index.php\/2023\/10\/22\/massa-y-kicillof-ya-estan-en-el-bunker-de-uxp-para-esperar-los-resultados\/","title":{"rendered":"Massa y Kicillof ya est\u00e1n en el b\u00fanker de UxP para esperar los resultados"},"content":{"rendered":"<p><img decoding=\"async\" src=\"https:\/\/diariod3.com\/inicio\/wp-content\/uploads\/2023\/10\/masa-d.jpg\"\/><\/p>\n<p>El candidato presidencial de Uni\u00f3n por la Patria (UxP), <strong>Sergio Massa<\/strong>, lleg\u00f3 pasadas las 19.30 al b\u00fanker que la coalici\u00f3n oficialista mont\u00f3 en el Complejo C del barrio porte\u00f1o de Chacarita, desde donde <strong>seguir\u00e1 la evoluci\u00f3n de los c\u00f3mputos de las elecciones generales.<\/strong><\/p>\n<p>Massa arrib\u00f3 alrededor de las 19.30 al b\u00fanker ubicado en avenida Corrientes y Dorrego, y casi a la misma hora hizo tambi\u00e9n su ingreso el gobernador bonaerense y candidato a la reelecci\u00f3n, <strong>Axel Kicillof<\/strong>.<\/p>\n<p>Tambi\u00e9n llegaron el ministro del Interior y candidato a senador nacional por la provincia de Buenos Aires, <strong>Eduardo \u00abWado\u00bb De Pedro<\/strong>, jefe de campa\u00f1a de UxP, y el diputado nacional y presidente del PJ Bonaerense, <strong>M\u00e1ximo Kirchner<\/strong>.<\/p>\n<figure>\n<\/figure>\n<p>Dirigentes de Uni\u00f3n por la Patria (UxP) resaltaron este domingo que hubo una \u00abgran participaci\u00f3n ciudadana\u00bb en las elecciones presidenciales, y destacaron que los comicios se desarrollaron con \u00abtotal normalidad\u00bb.<\/p>\n<p>Desde el b\u00fanker, la diputada nacional <strong>Paula Penacca<\/strong> remarc\u00f3 que \u00abha habido una gran participaci\u00f3n ciudadana\u00bb y que <strong>se celebr\u00f3 una \u00abmuy buena jornada electoral\u00bb<\/strong>.<\/p>\n<p>\u00abA 40 a\u00f1os de democracia estamos convencidos que la mejor manera es ejerciendo nuestro derecho al voto\u00bb, resalt\u00f3.<\/p>\n<p>La jornada electoral \u00abse ha desarrollado con total normalidad, sin ning\u00fan conflicto, sin ning\u00fan problema\u00bb, dijo la legisladora y agradeci\u00f3 \u00aba los fiscales, que todav\u00eda est\u00e1n en las escuelas contando los votos\u00bb, y \u00aba la ciudadan\u00eda, que se ha volcado a las urnas, superando ampliamente la participaci\u00f3n en la elecci\u00f3n anterior\u00bb.<\/p>\n<p>El ministro de Turismo y Deportes y candidato a legislador porte\u00f1o, <strong>Mat\u00edas Lammens<\/strong>, se mostr\u00f3 \u00abcontento\u00bb en la misma conferencia de prensa por \u00abc\u00f3mo se desarroll\u00f3 la jornada en todo el pa\u00eds, con cinco puntos m\u00e1s de participaci\u00f3n que en las PASO\u00bb.<\/p>\n<p><strong>Lammens calific\u00f3 a la elecci\u00f3n como \u00abuna de las m\u00e1s importantes del \u00faltimo tiempo\u00bb <\/strong>y agradeci\u00f3 \u00aba los fiscales de todos los partidos, a las fuerzas seguridad y a la C\u00e1mara Electoral\u00bb por el normal desarrollo de la jornada.<\/p>\n<p>Resalt\u00f3 asimismo que \u00abes importante en democracia la muestra de robustez\u00bb del sistema, \u00abcon mucha participaci\u00f3n, sin problemas, y con la expectativa de conocer los resultados\u00bb.<\/p>\n<p>\u00abRESPETAMOS LA PLURALIDAD DE VOCES\u00bb<\/p>\n<p>La secretar\u00eda de Gesti\u00f3n de Transporte, <strong>Jimena L\u00f3pez<\/strong>, recalc\u00f3 que han respetado \u00abla pluralidad de voces\u00bb y se\u00f1al\u00f3 que \u00abcada uno expres\u00f3 su opini\u00f3n a trav\u00e9s del voto\u00bb.<\/p>\n<p>\u00abRespetamos la pluralidad de voces\u00bb, dijo L\u00f3pez en conferencia de prensa en el b\u00fanker de Uni\u00f3n por la Patria.<\/p>\n<p><strong>\u00abA la espera de los resultados hay que reflexionar con calma, y saber que tenemos uno de los mejores sistemas democr\u00e1ticos, eficiente, transparente\u00bb<\/strong>, consign\u00f3.<\/p>\n<p>Y subray\u00f3 que \u00aben 40 a\u00f1os de democracia ininterrumpida por d\u00e9cima vez estamos eligiendo una figura presidencial\u00bb.<\/p>\n<p>La funcionaria agradeci\u00f3 \u00aba cada uno argentinos y argentinas que se acercaron hoy a votar\u00bb y tambi\u00e9n \u00aba los trabajadores del transporte\u00bb por trasladar gratuitamente a los pasajeros \u00aby de Aubasa, por levantar los peajes y poder circular de manera gratuita\u00bb.<\/p>\n<p>Por su parte, el ministro de Educaci\u00f3n, <strong>Jaime Perczyk<\/strong>, valor\u00f3 \u00abmuch\u00edsimo\u00bb la \u00abparticipaci\u00f3n popular\u00bb a \u00ablo largo y a lo ancho\u00bb del pa\u00eds.<\/p>\n<p><strong>\u00abArgentina aument\u00f3 participaci\u00f3n en cinco punto respecto a las PASO\u00bb<\/strong>, refiri\u00f3 en la misma conferencia de prensa, y eso, dijo, \u00abhabla de la madurez del pueblo y de la solidez del sistema\u00bb democr\u00e1tico,<\/p>\n<p>El funcionario manifest\u00f3 asimismo que \u00abhoy hablaron los argentinos y argentinas y queremos escuchar\u00bb, y destac\u00f3 que \u00abcada argentino ha ido a expresar su opini\u00f3n\u00bb.<\/p>\n<p>El tradicional b\u00fanker de Uni\u00f3n por la Patria (UxP), <strong>en el Complejo C del barrio porte\u00f1o de Chacarita,<\/strong> fue reformado respecto al utilizado en las PASO, con la instalaci\u00f3n de un escenario fuera del edificio y una sala de prensa m\u00e1s amplia.<\/p>\n<p><strong>El comando de campa\u00f1a abri\u00f3 sus puertas a las 17 y el candidato presidencial Sergio Massa<\/strong> m\u00e1s temprano que en las PASO, cuando arrib\u00f3 al establecimiento en horas de la noche.<\/p>\n<p>Adem\u00e1s de la presencia de Massa, <strong>se espera la asistencia del gobernador bonaerense y candidato a la reelecci\u00f3n, Axel Kicillof, y el postulante a jefe de Gobierno porte\u00f1o, Leandro Santoro<\/strong>, quienes tambi\u00e9n hab\u00edan estado el 13 de agosto pasado.<\/p>\n<p>Los candidatos esperar\u00e1n los primeros resultados en el Sal\u00f3n VIP, ubicado en el entrepiso del complejo.<\/p>\n<p>Al escenario interno del Complejo C se le sum\u00f3 otra plataforma afuera, en la intersecci\u00f3n de la Avenida Corrientes y Dorrego.<\/p>\n<h3>\u00abSE CONSOLIDA LA DEMOCRACIA ARGENTINA\u00bb<\/h3>\n<p>El ministro de Desarrollo de la Comunidad bonaerense, <strong>Andr\u00e9s Larroque<\/strong>, destac\u00f3 que con las elecciones que se desarrollaron hoy en todo el pa\u00eds \u00abse consolida la democracia argentina\u00bb y remarc\u00f3 que \u00abha crecido el n\u00famero de votantes respecto a la elecci\u00f3n de las PASO\u00bb del 13 de agosto.<\/p>\n<p>En conferencia de prensa en el b\u00fanker de Uni\u00f3n por la Patria, Larroque indic\u00f3:<strong> \u00abEstamos recibiendo informaci\u00f3n de fiscales, pero todav\u00eda es muy pronto\u00bb y llam\u00f3 \u00abcon tranquilidad\u00bb a \u00abcelebrar esta jornada de la democracia\u00bb<\/strong>.<\/p>\n<p>Adem\u00e1s, felicit\u00f3 a \u00ablas autoridades de mesas, fiscales y todos aquellos que de alguna manera han participado\u00bb en esta elecci\u00f3n.<\/p>\n<p>En tanto, la secretaria de Abordaje Integral del Ministerio de Desarrollo Social, <strong>Micaela Ferraro<\/strong>, dijo en la misma rueda de prensa: \u00abQueremos ser prudentes, est\u00e1n llegando los primeros datos, pero estamos convencidos que tenemos que esperar a tener mejores resultados para poder dar datos concretos\u00bb.<\/p>\n<p>A la vez, <strong>la sala de prensa ampli\u00f3 su espacio debido a la alta demanda de acreditaciones, y tambi\u00e9n se despleg\u00f3 una sala de conferencias<\/strong>.<\/p>\n<p>All\u00ed hablaron con la prensa en las \u00faltimas PASO el ministro de Turismo y Deporte y candidato a legislador porte\u00f1o, Mat\u00edas Lammens; el embajador argentino en Brasil, Daniel Scioli; la presidenta de la C\u00e1mara de Diputados y candidata a renovar su banca Cecilia Moreau, y Juli\u00e1n Dom\u00ednguez.<\/p>\n<p>Aquella noche esperaron tambi\u00e9n los resultados en el b\u00fanker el jefe de Gabinete y candidato a vicepresidente Agust\u00edn Rossi; el canciller Santiago Cafiero; el ministro del Interior y candidato a senador nacional Eduardo \u00abWado\u00bb De Pedro; el diputado nacional M\u00e1ximo Kirchner; la ministra de Desarrollo Social Victoria Tolosa Paz, el cosecretario general de la Confederaci\u00f3n General del Trabajo (CGT) H\u00e9ctor Daer y Juan Grabois, quien fuera precandidato presidencial, entre otros.<\/p>\n<p>Fuente: T\u00e9lam<br \/>\nOP: Rivero Cecilia<\/p>\n<p>La entrada <a href=\"https:\/\/diariod3.com\/inicio\/massa-y-kicillof-ya-estan-en-el-bunker-de-uxp-para-esperar-los-resultados\/\" rel=\"noreferrer noopener\" target=\"_blank\">Massa y Kicillof ya est\u00e1n en el b\u00fanker de UxP para esperar los resultados<\/a> se public\u00f3 primero en <a href=\"https:\/\/diariod3.com\/inicio\" rel=\"noreferrer noopener\" target=\"_blank\">DIARIO D3 NOTICIAS<\/a>.<\/p>\n","protected":false},"excerpt":{"rendered":"<p>El candidato presidencial de Uni\u00f3n por la Patria (UxP), Sergio Massa, lleg\u00f3 pasadas las 19.30 al b\u00fanker que la coalici\u00f3n oficialista mont\u00f3 en el Complejo C del barrio porte\u00f1o de Chacarita, desde donde seguir\u00e1 la evoluci\u00f3n de los c\u00f3mputos de las elecciones generales. Massa arrib\u00f3 alrededor de las 19.30 al b\u00fanker ubicado en avenida Corrientes [&hellip;]<\/p>\n","protected":false},"author":2,"featured_media":8483,"comment_status":"","ping_status":"","sticky":false,"template":"","format":"standard","meta":{"footnotes":""},"categories":[12],"tags":[],"_links":{"self":[{"href":"https:\/\/maxradio923.com.ar\/index.php\/wp-json\/wp\/v2\/posts\/8482"}],"collection":[{"href":"https:\/\/maxradio923.com.ar\/index.php\/wp-json\/wp\/v2\/posts"}],"about":[{"href":"https:\/\/maxradio923.com.ar\/index.php\/wp-json\/wp\/v2\/types\/post"}],"author":[{"embeddable":true,"href":"https:\/\/maxradio923.com.ar\/index.php\/wp-json\/wp\/v2\/users\/2"}],"replies":[{"embeddable":true,"href":"https:\/\/maxradio923.com.ar\/index.php\/wp-json\/wp\/v2\/comments?post=8482"}],"version-history":[{"count":0,"href":"https:\/\/maxradio923.com.ar\/index.php\/wp-json\/wp\/v2\/posts\/8482\/revisions"}],"wp:featuredmedia":[{"embeddable":true,"href":"https:\/\/maxradio923.com.ar\/index.php\/wp-json\/wp\/v2\/media\/8483"}],"wp:attachment":[{"href":"https:\/\/maxradio923.com.ar\/index.php\/wp-json\/wp\/v2\/media?parent=8482"}],"wp:term":[{"taxonomy":"category","embeddable":true,"href":"https:\/\/maxradio923.com.ar\/index.php\/wp-json\/wp\/v2\/categories?post=8482"},{"taxonomy":"post_tag","embeddable":true,"href":"https:\/\/maxradio923.com.ar\/index.php\/wp-json\/wp\/v2\/tags?post=8482"}],"curies":[{"name":"wp","href":"https:\/\/api.w.org\/{rel}","templated":true}]}}