{"id":82,"date":"2023-08-19T23:30:13","date_gmt":"2023-08-19T21:30:13","guid":{"rendered":"https:\/\/maxradio923.com\/gobierno-prepara-anuncios-para-la-industria-y-el-campo\/"},"modified":"2023-08-19T23:30:13","modified_gmt":"2023-08-19T21:30:13","slug":"gobierno-prepara-anuncios-para-la-industria-y-el-campo","status":"publish","type":"post","link":"https:\/\/maxradio923.com.ar\/index.php\/2023\/08\/19\/gobierno-prepara-anuncios-para-la-industria-y-el-campo\/","title":{"rendered":"Gobierno prepara anuncios para la industria y el campo"},"content":{"rendered":"<p><img decoding=\"async\" src=\"http:\/\/maxradio923.com\/wp-content\/uploads\/2023\/08\/batakis-massa-y-olmosjpg-1.jpg\"\/>    <\/p>\n<h2>Despu\u00e9s de la complicada semana econ\u00f3mica, el equipo econ\u00f3mico se encuentra reunido y trabajando en medidas para las pymes, el campo y la industria.<\/h2>\n<figure><img decoding=\"async\" src=\"http:\/\/maxradio923.com\/wp-content\/uploads\/2023\/08\/batakis-massa-y-olmosjpg-2.jpg\" alt=\"Guillermo Michel, Silvina Batakis, Sergio Massa y Juan Manuel Olmos.\"\/><figcaption>\n<p>Guillermo Michel, Silvina Batakis, Sergio Massa y Juan Manuel Olmos.<\/p>\n<\/figcaption><\/figure>\n<p>  El ministro de <strong>Econom\u00eda<\/strong>, <strong>Sergio Massa<\/strong>, se encuentra en reuni\u00f3n desde temprano con su equipo y funcionarios de otros ministerios. Habr\u00e1 <strong>medidas para las pymes, el campo y la industria<\/strong>, que se sumar\u00e1n a las ya anunciadas el viernes en relaci\u00f3n a <strong>medicamentos<\/strong> y <strong>supermercados<\/strong>.         Estas medidas intentan amortiguar el impacto en el bolsillo de los argentinos tras el <strong>salto devaluatorio<\/strong> efectuado el pasado lunes, mediante el cual se llev\u00f3 el <strong>d\u00f3lar mayorista<\/strong> a <strong>$350<\/strong>.                 <img decoding=\"async\" src=\"http:\/\/maxradio923.com\/wp-content\/uploads\/2023\/08\/sergio-massajpeg.jpe\" alt=\"Sergio Massa.\"\/>  <\/p>\n<p>Sergio Massa.<\/p>\n<p>Sumado a eso, despu\u00e9s de los resultados de las <strong>elecciones Primarias Abiertas, Simult\u00e1neas y Obligatorias (PASO)<\/strong>, el <strong>d\u00f3lar blue<\/strong> registr\u00f3 una <strong>suba semanal r\u00e9cord<\/strong>. En ese marco, las consultoras privadas ya comenzaron a calcular que la <strong>inflaci\u00f3n <\/strong>de este mes mostrar\u00e1 una <strong>aceleraci\u00f3n <\/strong>y podr\u00eda ser superior al <strong>10%<\/strong>.<\/p>\n<p>  En ese marco, <strong>Massa <\/strong>hab\u00eda anticipado que se ven\u00edan <strong>anuncios para recomponer el poder adquisitivo <\/strong>y la intenci\u00f3n ser\u00eda <strong>darlos a conocer antes de su viaje a Washington <\/strong>para reunirse con la c\u00fapula del <strong>Fondo Monetario Internacional (FMI)<\/strong>.  Entre los temas que se eval\u00faan, tambi\u00e9n figuran el otorgamiento de un <strong>bono a jubilados y pensionados<\/strong>, y la <strong>suba de la asistencia social<\/strong>, como el caso de la <strong>Asignaci\u00f3n Universal por Hijo<\/strong> <strong>(AUH)<\/strong>.  <img decoding=\"async\" src=\"http:\/\/maxradio923.com\/wp-content\/uploads\/2023\/08\/lluvia-el-campojpg.jpg\"\/>  <\/p>\n<p>Entre los presentes en la reuni\u00f3n, se encuentran la presidenta del <strong>BNA<\/strong>, <strong>Silvina Batakis<\/strong>; el vicejefe de <strong>Gabinete<\/strong>, <strong>Juan Manuel Olmos<\/strong>; el director de <strong>Aduana<\/strong>, <strong>Guillermo Michel<\/strong>; y el secretario de <strong>Industria<\/strong>, <strong>Jos\u00e9 Ignacio De Mendiguren<\/strong>.<\/p>\n<p>Pasado el mediod\u00eda, ingres\u00f3 al encuentro la titular de la <strong>ANSES<\/strong>, <strong>Fernanda Raverta<\/strong>, lo que <strong>acrecienta los rumores <\/strong>sobre la posibilidad del <strong>bono a la clase pasiva <\/strong>y a los <strong>beneficios sociales<\/strong>.<\/p>\n<p>La entrada Gobierno prepara anuncios para la industria y el campo se public\u00f3 primero en DIARIO D3 NOTICIAS.<\/p>\n","protected":false},"excerpt":{"rendered":"<p>Despu\u00e9s de la complicada semana econ\u00f3mica, el equipo econ\u00f3mico se encuentra reunido y trabajando en medidas para las pymes, el campo y la industria. Guillermo Michel, Silvina Batakis, Sergio Massa y Juan Manuel Olmos.<br \/>\n El ministro de Econom\u00eda, Sergio Massa, se encuentra en reuni\u00f3n desde temprano con su equipo y funcionarios de otros ministerios. Habr\u00e1 medidas para las pymes, el campo y la industria, que se sumar\u00e1n a las ya anunciadas el viernes en relaci\u00f3n a medicamentos y supermercados. Estas medidas intentan amortiguar el impacto en el bolsillo de los argentinos tras el salto devaluatorio efectuado el pasado lunes, mediante el cual se llev\u00f3 el d\u00f3lar mayorista a $350. Sergio Massa.<br \/>\n Sumado a eso, despu\u00e9s de los resultados de las elecciones Primarias Abiertas, Simult\u00e1neas y Obligatorias (PASO), el d\u00f3lar blue registr\u00f3 una suba semanal r\u00e9cord. En ese marco, las consultoras privadas ya comenzaron a calcular que la inflaci\u00f3n de este mes mostrar\u00e1 una aceleraci\u00f3n y podr\u00eda ser superior al 10%..<\/p>\n","protected":false},"author":1,"featured_media":0,"comment_status":"closed","ping_status":"open","sticky":false,"template":"","format":"standard","meta":{"footnotes":""},"categories":[2],"tags":[],"_links":{"self":[{"href":"https:\/\/maxradio923.com.ar\/index.php\/wp-json\/wp\/v2\/posts\/82"}],"collection":[{"href":"https:\/\/maxradio923.com.ar\/index.php\/wp-json\/wp\/v2\/posts"}],"about":[{"href":"https:\/\/maxradio923.com.ar\/index.php\/wp-json\/wp\/v2\/types\/post"}],"author":[{"embeddable":true,"href":"https:\/\/maxradio923.com.ar\/index.php\/wp-json\/wp\/v2\/users\/1"}],"replies":[{"embeddable":true,"href":"https:\/\/maxradio923.com.ar\/index.php\/wp-json\/wp\/v2\/comments?post=82"}],"version-history":[{"count":0,"href":"https:\/\/maxradio923.com.ar\/index.php\/wp-json\/wp\/v2\/posts\/82\/revisions"}],"wp:attachment":[{"href":"https:\/\/maxradio923.com.ar\/index.php\/wp-json\/wp\/v2\/media?parent=82"}],"wp:term":[{"taxonomy":"category","embeddable":true,"href":"https:\/\/maxradio923.com.ar\/index.php\/wp-json\/wp\/v2\/categories?post=82"},{"taxonomy":"post_tag","embeddable":true,"href":"https:\/\/maxradio923.com.ar\/index.php\/wp-json\/wp\/v2\/tags?post=82"}],"curies":[{"name":"wp","href":"https:\/\/api.w.org\/{rel}","templated":true}]}}