{"id":8185,"date":"2023-10-20T18:44:02","date_gmt":"2023-10-20T21:44:02","guid":{"rendered":"https:\/\/maxradio923.com\/index.php\/2023\/10\/20\/donde-esperaran-el-domingo-los-candidatos-presidenciales-los-resultados-de-las-elecciones\/"},"modified":"2023-10-21T10:19:42","modified_gmt":"2023-10-21T13:19:42","slug":"donde-esperaran-el-domingo-los-candidatos-presidenciales-los-resultados-de-las-elecciones","status":"publish","type":"post","link":"https:\/\/maxradio923.com.ar\/index.php\/2023\/10\/20\/donde-esperaran-el-domingo-los-candidatos-presidenciales-los-resultados-de-las-elecciones\/","title":{"rendered":"D\u00f3nde esperar\u00e1n el domingo los candidatos presidenciales los resultados de las elecciones"},"content":{"rendered":"<p><img decoding=\"async\" src=\"https:\/\/diariod3.com\/inicio\/wp-content\/uploads\/2023\/10\/debate-presidencial-1.jpeg\"\/><\/p>\n<p>Las distintas coaliciones y partidos pol\u00edticos realizan desde hoy la puesta a punto de sus respectivos b\u00fankeres de campa\u00f1a, donde el domingo sus candidatos, referentes y militantes aguardar\u00e1n los resultados de las elecciones generales que se desarrollar\u00e1n en todo el pa\u00eds entre las 8 y las 18. Dirigentes y militantes de la lista que encabeza [\u2026]<\/p>\n<p>La entrada <a href=\"https:\/\/diariod3.com\/inicio\/donde-esperaran-el-domingo-los-candidatos-presidenciales-los-resultados-de-las-elecciones\/\" rel=\"noreferrer noopener\" target=\"_blank\">D\u00f3nde esperar\u00e1n el domingo los candidatos presidenciales los resultados de las elecciones<\/a> se public\u00f3 primero en <a href=\"https:\/\/diariod3.com\/inicio\" rel=\"noreferrer noopener\" target=\"_blank\">DIARIO D3 NOTICIAS<\/a>.<\/p>\n","protected":false},"excerpt":{"rendered":"<p>Las distintas coaliciones y partidos pol\u00edticos realizan desde hoy la puesta a punto de sus respectivos b\u00fankeres de campa\u00f1a, donde el domingo sus candidatos, referentes y militantes aguardar\u00e1n los resultados de las elecciones generales que se desarrollar\u00e1n en todo el pa\u00eds entre las 8 y las 18. Dirigentes y militantes de la lista que encabeza [&hellip;]<\/p>\n","protected":false},"author":2,"featured_media":0,"comment_status":"closed","ping_status":"","sticky":false,"template":"","format":"standard","meta":{"footnotes":""},"categories":[12],"tags":[],"_links":{"self":[{"href":"https:\/\/maxradio923.com.ar\/index.php\/wp-json\/wp\/v2\/posts\/8185"}],"collection":[{"href":"https:\/\/maxradio923.com.ar\/index.php\/wp-json\/wp\/v2\/posts"}],"about":[{"href":"https:\/\/maxradio923.com.ar\/index.php\/wp-json\/wp\/v2\/types\/post"}],"author":[{"embeddable":true,"href":"https:\/\/maxradio923.com.ar\/index.php\/wp-json\/wp\/v2\/users\/2"}],"replies":[{"embeddable":true,"href":"https:\/\/maxradio923.com.ar\/index.php\/wp-json\/wp\/v2\/comments?post=8185"}],"version-history":[{"count":1,"href":"https:\/\/maxradio923.com.ar\/index.php\/wp-json\/wp\/v2\/posts\/8185\/revisions"}],"predecessor-version":[{"id":8205,"href":"https:\/\/maxradio923.com.ar\/index.php\/wp-json\/wp\/v2\/posts\/8185\/revisions\/8205"}],"wp:attachment":[{"href":"https:\/\/maxradio923.com.ar\/index.php\/wp-json\/wp\/v2\/media?parent=8185"}],"wp:term":[{"taxonomy":"category","embeddable":true,"href":"https:\/\/maxradio923.com.ar\/index.php\/wp-json\/wp\/v2\/categories?post=8185"},{"taxonomy":"post_tag","embeddable":true,"href":"https:\/\/maxradio923.com.ar\/index.php\/wp-json\/wp\/v2\/tags?post=8185"}],"curies":[{"name":"wp","href":"https:\/\/api.w.org\/{rel}","templated":true}]}}