{"id":8063,"date":"2023-10-20T02:04:40","date_gmt":"2023-10-20T05:04:40","guid":{"rendered":"https:\/\/maxradio923.com\/index.php\/2023\/10\/20\/schiaretti-cerro-con-un-mensaje-antigrieta-el-macrismo-y-el-kirchnerismo-fracasaron\/"},"modified":"2023-10-20T08:14:00","modified_gmt":"2023-10-20T11:14:00","slug":"schiaretti-cerro-con-un-mensaje-antigrieta-el-macrismo-y-el-kirchnerismo-fracasaron","status":"publish","type":"post","link":"https:\/\/maxradio923.com.ar\/index.php\/2023\/10\/20\/schiaretti-cerro-con-un-mensaje-antigrieta-el-macrismo-y-el-kirchnerismo-fracasaron\/","title":{"rendered":"Schiaretti cerr\u00f3 con un mensaje antigrieta: \u201cEl macrismo y el kirchnerismo fracasaron\u201d"},"content":{"rendered":"<p><img decoding=\"async\" src=\"https:\/\/diariod3.com\/inicio\/wp-content\/uploads\/2023\/10\/Schiaretti.jpg\"\/><\/p>\n<p>El candidato presidencial cordob\u00e9s critic\u00f3 a Massa y a Bullrich; del ministro asegur\u00f3 que hace un \u201cabuso obsceno\u201d del poder y que, en un \u201cpa\u00eds normal\u201d, ya deber\u00eda haber renunciado; carg\u00f3 contra \u201cla Rep\u00fablica del AMBA\u201d. \u201cUn pa\u00eds normal\u201d fue el eje de los mensajes de cierre de campa\u00f1a de la dupla presidencial de Hacemos [\u2026]<\/p>\n<p>La entrada <a href=\"https:\/\/diariod3.com\/inicio\/schiaretti-cerro-con-un-mensaje-antigrieta-el-macrismo-y-el-kirchnerismo-fracasaron\/\" rel=\"noreferrer noopener\" target=\"_blank\">Schiaretti cerr\u00f3 con un mensaje antigrieta: \u201cEl macrismo y el kirchnerismo fracasaron\u201d<\/a> se public\u00f3 primero en <a href=\"https:\/\/diariod3.com\/inicio\" rel=\"noreferrer noopener\" target=\"_blank\">DIARIO D3 NOTICIAS<\/a>.<\/p>\n","protected":false},"excerpt":{"rendered":"<p>El candidato presidencial cordob\u00e9s critic\u00f3 a Massa y a Bullrich; del ministro asegur\u00f3 que hace un \u201cabuso obsceno\u201d del poder y que, en un \u201cpa\u00eds normal\u201d, ya deber\u00eda haber renunciado; carg\u00f3 contra \u201cla Rep\u00fablica del AMBA\u201d. \u201cUn pa\u00eds normal\u201d fue el eje de los mensajes de cierre de campa\u00f1a de la dupla presidencial de Hacemos [&hellip;]<\/p>\n","protected":false},"author":2,"featured_media":8090,"comment_status":"closed","ping_status":"","sticky":false,"template":"","format":"standard","meta":{"footnotes":""},"categories":[12],"tags":[],"_links":{"self":[{"href":"https:\/\/maxradio923.com.ar\/index.php\/wp-json\/wp\/v2\/posts\/8063"}],"collection":[{"href":"https:\/\/maxradio923.com.ar\/index.php\/wp-json\/wp\/v2\/posts"}],"about":[{"href":"https:\/\/maxradio923.com.ar\/index.php\/wp-json\/wp\/v2\/types\/post"}],"author":[{"embeddable":true,"href":"https:\/\/maxradio923.com.ar\/index.php\/wp-json\/wp\/v2\/users\/2"}],"replies":[{"embeddable":true,"href":"https:\/\/maxradio923.com.ar\/index.php\/wp-json\/wp\/v2\/comments?post=8063"}],"version-history":[{"count":1,"href":"https:\/\/maxradio923.com.ar\/index.php\/wp-json\/wp\/v2\/posts\/8063\/revisions"}],"predecessor-version":[{"id":8074,"href":"https:\/\/maxradio923.com.ar\/index.php\/wp-json\/wp\/v2\/posts\/8063\/revisions\/8074"}],"wp:featuredmedia":[{"embeddable":true,"href":"https:\/\/maxradio923.com.ar\/index.php\/wp-json\/wp\/v2\/media\/8090"}],"wp:attachment":[{"href":"https:\/\/maxradio923.com.ar\/index.php\/wp-json\/wp\/v2\/media?parent=8063"}],"wp:term":[{"taxonomy":"category","embeddable":true,"href":"https:\/\/maxradio923.com.ar\/index.php\/wp-json\/wp\/v2\/categories?post=8063"},{"taxonomy":"post_tag","embeddable":true,"href":"https:\/\/maxradio923.com.ar\/index.php\/wp-json\/wp\/v2\/tags?post=8063"}],"curies":[{"name":"wp","href":"https:\/\/api.w.org\/{rel}","templated":true}]}}