{"id":7919,"date":"2023-10-19T09:24:02","date_gmt":"2023-10-19T12:24:02","guid":{"rendered":"https:\/\/maxradio923.com\/index.php\/2023\/10\/19\/massa-cierra-su-campana-en-una-fabrica-para-contar-que-pais-empieza-en-diciembre\/"},"modified":"2023-10-19T09:24:02","modified_gmt":"2023-10-19T12:24:02","slug":"massa-cierra-su-campana-en-una-fabrica-para-contar-que-pais-empieza-en-diciembre","status":"publish","type":"post","link":"https:\/\/maxradio923.com.ar\/index.php\/2023\/10\/19\/massa-cierra-su-campana-en-una-fabrica-para-contar-que-pais-empieza-en-diciembre\/","title":{"rendered":"Massa cierra su campa\u00f1a en una f\u00e1brica para contar \u00abqu\u00e9 pa\u00eds empieza en diciembre\u00bb"},"content":{"rendered":"<p><img decoding=\"async\" src=\"https:\/\/diariod3.com\/inicio\/wp-content\/uploads\/2023\/10\/652ef635509c3_1200.jpg\"\/><\/p>\n<p>\u00abEleg\u00ed hacerlo en una f\u00e1brica como s\u00edmbolo de lo que creo, rodeado de docentes, jubilados y trabajadores, tratando de poder contar la Argentina que empieza el 10 de diciembre y cu\u00e1les van a ser las prioridades de cara a mi gobierno\u00bb, sostuvo el ministro de Econom\u00eda y candidato presidencial de UxP. Foto: Ra\u00fal Ferrari. El [\u2026]<\/p>\n<p>La entrada <a href=\"https:\/\/diariod3.com\/inicio\/massa-cierra-su-campana-en-una-fabrica-para-contar-que-pais-empieza-en-diciembre\/\" rel=\"noreferrer noopener\" target=\"_blank\">Massa cierra su campa\u00f1a en una f\u00e1brica para contar \u00abqu\u00e9 pa\u00eds empieza en diciembre\u00bb<\/a> se public\u00f3 primero en <a href=\"https:\/\/diariod3.com\/inicio\" rel=\"noreferrer noopener\" target=\"_blank\">DIARIO D3 NOTICIAS<\/a>.<\/p>\n","protected":false},"excerpt":{"rendered":"<p>\u00abEleg\u00ed hacerlo en una f\u00e1brica como s\u00edmbolo de lo que creo, rodeado de docentes, jubilados y trabajadores, tratando de poder contar la Argentina que empieza el 10 de diciembre y cu\u00e1les van a ser las prioridades de cara a mi gobierno\u00bb, sostuvo el ministro de Econom\u00eda y candidato presidencial de UxP. Foto: Ra\u00fal Ferrari. El [&hellip;]<\/p>\n","protected":false},"author":2,"featured_media":7920,"comment_status":"","ping_status":"","sticky":false,"template":"","format":"standard","meta":{"footnotes":""},"categories":[12],"tags":[],"_links":{"self":[{"href":"https:\/\/maxradio923.com.ar\/index.php\/wp-json\/wp\/v2\/posts\/7919"}],"collection":[{"href":"https:\/\/maxradio923.com.ar\/index.php\/wp-json\/wp\/v2\/posts"}],"about":[{"href":"https:\/\/maxradio923.com.ar\/index.php\/wp-json\/wp\/v2\/types\/post"}],"author":[{"embeddable":true,"href":"https:\/\/maxradio923.com.ar\/index.php\/wp-json\/wp\/v2\/users\/2"}],"replies":[{"embeddable":true,"href":"https:\/\/maxradio923.com.ar\/index.php\/wp-json\/wp\/v2\/comments?post=7919"}],"version-history":[{"count":0,"href":"https:\/\/maxradio923.com.ar\/index.php\/wp-json\/wp\/v2\/posts\/7919\/revisions"}],"wp:featuredmedia":[{"embeddable":true,"href":"https:\/\/maxradio923.com.ar\/index.php\/wp-json\/wp\/v2\/media\/7920"}],"wp:attachment":[{"href":"https:\/\/maxradio923.com.ar\/index.php\/wp-json\/wp\/v2\/media?parent=7919"}],"wp:term":[{"taxonomy":"category","embeddable":true,"href":"https:\/\/maxradio923.com.ar\/index.php\/wp-json\/wp\/v2\/categories?post=7919"},{"taxonomy":"post_tag","embeddable":true,"href":"https:\/\/maxradio923.com.ar\/index.php\/wp-json\/wp\/v2\/tags?post=7919"}],"curies":[{"name":"wp","href":"https:\/\/api.w.org\/{rel}","templated":true}]}}