{"id":7917,"date":"2023-10-19T09:24:01","date_gmt":"2023-10-19T12:24:01","guid":{"rendered":"https:\/\/maxradio923.com\/index.php\/2023\/10\/19\/el-candidato-presidencial-juan-schiaretti-cierra-su-campana-en-la-capital-de-cordoba\/"},"modified":"2023-10-19T09:24:01","modified_gmt":"2023-10-19T12:24:01","slug":"el-candidato-presidencial-juan-schiaretti-cierra-su-campana-en-la-capital-de-cordoba","status":"publish","type":"post","link":"https:\/\/maxradio923.com.ar\/index.php\/2023\/10\/19\/el-candidato-presidencial-juan-schiaretti-cierra-su-campana-en-la-capital-de-cordoba\/","title":{"rendered":"El candidato presidencial Juan Schiaretti cierra su campa\u00f1a en la capital de C\u00f3rdoba"},"content":{"rendered":"<p><img decoding=\"async\" src=\"https:\/\/diariod3.com\/inicio\/wp-content\/uploads\/2023\/10\/Schiaretti.jpg\"\/><\/p>\n<p>El candidato presidencial de Hacemos por Nuestro Pa\u00eds (HUxNP), Juan Schiaretti, cerrar\u00e1 su campa\u00f1a esta tarde en la ciudad de C\u00f3rdoba, a tres d\u00edas de las elecciones nacionales del pr\u00f3ximo domingo. Seg\u00fan informaron desde su comando de campa\u00f1a, el actual gobernador de C\u00f3rdoba tendr\u00e1 su acto de cierre de campa\u00f1a desde las 19 en el [\u2026]<\/p>\n<p>La entrada <a href=\"https:\/\/diariod3.com\/inicio\/el-candidato-presidencial-juan-schiaretti-cierra-su-campana-en-la-capital-de-cordoba\/\" rel=\"noreferrer noopener\" target=\"_blank\">El candidato presidencial Juan Schiaretti cierra su campa\u00f1a en la capital de C\u00f3rdoba<\/a> se public\u00f3 primero en <a href=\"https:\/\/diariod3.com\/inicio\" rel=\"noreferrer noopener\" target=\"_blank\">DIARIO D3 NOTICIAS<\/a>.<\/p>\n","protected":false},"excerpt":{"rendered":"<p>El candidato presidencial de Hacemos por Nuestro Pa\u00eds (HUxNP), Juan Schiaretti, cerrar\u00e1 su campa\u00f1a esta tarde en la ciudad de C\u00f3rdoba, a tres d\u00edas de las elecciones nacionales del pr\u00f3ximo domingo. Seg\u00fan informaron desde su comando de campa\u00f1a, el actual gobernador de C\u00f3rdoba tendr\u00e1 su acto de cierre de campa\u00f1a desde las 19 en el [&hellip;]<\/p>\n","protected":false},"author":2,"featured_media":7918,"comment_status":"","ping_status":"","sticky":false,"template":"","format":"standard","meta":{"footnotes":""},"categories":[12],"tags":[],"_links":{"self":[{"href":"https:\/\/maxradio923.com.ar\/index.php\/wp-json\/wp\/v2\/posts\/7917"}],"collection":[{"href":"https:\/\/maxradio923.com.ar\/index.php\/wp-json\/wp\/v2\/posts"}],"about":[{"href":"https:\/\/maxradio923.com.ar\/index.php\/wp-json\/wp\/v2\/types\/post"}],"author":[{"embeddable":true,"href":"https:\/\/maxradio923.com.ar\/index.php\/wp-json\/wp\/v2\/users\/2"}],"replies":[{"embeddable":true,"href":"https:\/\/maxradio923.com.ar\/index.php\/wp-json\/wp\/v2\/comments?post=7917"}],"version-history":[{"count":0,"href":"https:\/\/maxradio923.com.ar\/index.php\/wp-json\/wp\/v2\/posts\/7917\/revisions"}],"wp:featuredmedia":[{"embeddable":true,"href":"https:\/\/maxradio923.com.ar\/index.php\/wp-json\/wp\/v2\/media\/7918"}],"wp:attachment":[{"href":"https:\/\/maxradio923.com.ar\/index.php\/wp-json\/wp\/v2\/media?parent=7917"}],"wp:term":[{"taxonomy":"category","embeddable":true,"href":"https:\/\/maxradio923.com.ar\/index.php\/wp-json\/wp\/v2\/categories?post=7917"},{"taxonomy":"post_tag","embeddable":true,"href":"https:\/\/maxradio923.com.ar\/index.php\/wp-json\/wp\/v2\/tags?post=7917"}],"curies":[{"name":"wp","href":"https:\/\/api.w.org\/{rel}","templated":true}]}}