{"id":7890,"date":"2023-10-19T00:44:21","date_gmt":"2023-10-19T03:44:21","guid":{"rendered":"https:\/\/maxradio923.com\/index.php\/2023\/10\/19\/milei-cerro-su-campana-estamos-en-un-punto-de-inflexion-historico\/"},"modified":"2023-10-19T07:14:06","modified_gmt":"2023-10-19T10:14:06","slug":"milei-cerro-su-campana-estamos-en-un-punto-de-inflexion-historico","status":"publish","type":"post","link":"https:\/\/maxradio923.com.ar\/index.php\/2023\/10\/19\/milei-cerro-su-campana-estamos-en-un-punto-de-inflexion-historico\/","title":{"rendered":"Milei cerr\u00f3 su campa\u00f1a: \u00abEstamos en un punto de inflexi\u00f3n hist\u00f3rico\u00bb"},"content":{"rendered":"<p><img decoding=\"async\" src=\"https:\/\/diariod3.com\/inicio\/wp-content\/uploads\/2023\/10\/milei.jpg_1536916664.jpg\"\/><\/p>\n<p>El candidato a presidente de La Libertad Avanza habl\u00f3 ante su militancia, que llen\u00f3 el estadio Movistar Arena, a tres d\u00edas de las elecciones generales. En un estadio en Villa Crespo, Javier Milei cerr\u00f3 esta noche su campa\u00f1a presidencial. M\u00e1s all\u00e1 de la efervescencia de su militancia, hubo un malestar palpable y dif\u00edcil de esquivar por los [\u2026]<\/p>\n<p>La entrada <a href=\"https:\/\/diariod3.com\/inicio\/milei-cerro-su-campana-estamos-en-un-punto-de-inflexion-historico\/\" rel=\"noreferrer noopener\" target=\"_blank\">Milei cerr\u00f3 su campa\u00f1a: \u00abEstamos en un punto de inflexi\u00f3n hist\u00f3rico\u00bb<\/a> se public\u00f3 primero en <a href=\"https:\/\/diariod3.com\/inicio\" rel=\"noreferrer noopener\" target=\"_blank\">DIARIO D3 NOTICIAS<\/a>.<\/p>\n","protected":false},"excerpt":{"rendered":"<p>El candidato a presidente de La Libertad Avanza habl\u00f3 ante su militancia, que llen\u00f3 el estadio Movistar Arena, a tres d\u00edas de las elecciones generales. En un estadio en Villa Crespo, Javier Milei cerr\u00f3 esta noche su campa\u00f1a presidencial. M\u00e1s all\u00e1 de la efervescencia de su militancia, hubo un malestar palpable y dif\u00edcil de esquivar [&hellip;]<\/p>\n","protected":false},"author":2,"featured_media":7910,"comment_status":"closed","ping_status":"","sticky":false,"template":"","format":"standard","meta":{"footnotes":""},"categories":[12],"tags":[],"_links":{"self":[{"href":"https:\/\/maxradio923.com.ar\/index.php\/wp-json\/wp\/v2\/posts\/7890"}],"collection":[{"href":"https:\/\/maxradio923.com.ar\/index.php\/wp-json\/wp\/v2\/posts"}],"about":[{"href":"https:\/\/maxradio923.com.ar\/index.php\/wp-json\/wp\/v2\/types\/post"}],"author":[{"embeddable":true,"href":"https:\/\/maxradio923.com.ar\/index.php\/wp-json\/wp\/v2\/users\/2"}],"replies":[{"embeddable":true,"href":"https:\/\/maxradio923.com.ar\/index.php\/wp-json\/wp\/v2\/comments?post=7890"}],"version-history":[{"count":1,"href":"https:\/\/maxradio923.com.ar\/index.php\/wp-json\/wp\/v2\/posts\/7890\/revisions"}],"predecessor-version":[{"id":7902,"href":"https:\/\/maxradio923.com.ar\/index.php\/wp-json\/wp\/v2\/posts\/7890\/revisions\/7902"}],"wp:featuredmedia":[{"embeddable":true,"href":"https:\/\/maxradio923.com.ar\/index.php\/wp-json\/wp\/v2\/media\/7910"}],"wp:attachment":[{"href":"https:\/\/maxradio923.com.ar\/index.php\/wp-json\/wp\/v2\/media?parent=7890"}],"wp:term":[{"taxonomy":"category","embeddable":true,"href":"https:\/\/maxradio923.com.ar\/index.php\/wp-json\/wp\/v2\/categories?post=7890"},{"taxonomy":"post_tag","embeddable":true,"href":"https:\/\/maxradio923.com.ar\/index.php\/wp-json\/wp\/v2\/tags?post=7890"}],"curies":[{"name":"wp","href":"https:\/\/api.w.org\/{rel}","templated":true}]}}