{"id":7857,"date":"2023-10-18T20:54:06","date_gmt":"2023-10-18T23:54:06","guid":{"rendered":"https:\/\/maxradio923.com\/index.php\/2023\/10\/18\/marcelo-orrego-y-patricia-bullrich-forjan-alianza-en-cuyo-para-impulsar-el-desarrollo-regional\/"},"modified":"2023-10-18T22:34:52","modified_gmt":"2023-10-19T01:34:52","slug":"marcelo-orrego-y-patricia-bullrich-forjan-alianza-en-cuyo-para-impulsar-el-desarrollo-regional","status":"publish","type":"post","link":"https:\/\/maxradio923.com.ar\/index.php\/2023\/10\/18\/marcelo-orrego-y-patricia-bullrich-forjan-alianza-en-cuyo-para-impulsar-el-desarrollo-regional\/","title":{"rendered":"Marcelo Orrego y Patricia Bullrich Forjan Alianza en Cuyo para Impulsar el Desarrollo Regional"},"content":{"rendered":"<p><img decoding=\"async\" src=\"https:\/\/diariod3.com\/inicio\/wp-content\/uploads\/2023\/10\/17-10-2023_la_candidata_presidencial_de_juntosjpg.jpg\"\/><\/p>\n<p>Patricia Bullrich, candidata a la presidencia de la Naci\u00f3n por el partido Juntos por el Cambio, contin\u00faa su recorrido por las provincias de Cuyo en compa\u00f1\u00eda de los gobernadores electos de la regi\u00f3n. Tras su visita a San Juan, ahora se encuentra en Mendoza, donde se uni\u00f3 a Marcelo Orrego, gobernador electo de San Juan, [\u2026]<\/p>\n<p>La entrada <a href=\"https:\/\/diariod3.com\/inicio\/marcelo-orrego-y-patricia-bullrich-forjan-alianza-en-cuyo-para-impulsar-el-desarrollo-regional\/\" rel=\"noreferrer noopener\" target=\"_blank\">Marcelo Orrego y Patricia Bullrich Forjan Alianza en Cuyo para Impulsar el Desarrollo Regional<\/a> se public\u00f3 primero en <a href=\"https:\/\/diariod3.com\/inicio\" rel=\"noreferrer noopener\" target=\"_blank\">DIARIO D3 NOTICIAS<\/a>.<\/p>\n","protected":false},"excerpt":{"rendered":"<p>Patricia Bullrich, candidata a la presidencia de la Naci\u00f3n por el partido Juntos por el Cambio, contin\u00faa su recorrido por las provincias de Cuyo en compa\u00f1\u00eda de los gobernadores electos de la regi\u00f3n. Tras su visita a San Juan, ahora se encuentra en Mendoza, donde se uni\u00f3 a Marcelo Orrego, gobernador electo de San Juan, [&hellip;]<\/p>\n","protected":false},"author":2,"featured_media":7876,"comment_status":"closed","ping_status":"","sticky":false,"template":"","format":"standard","meta":{"footnotes":""},"categories":[12],"tags":[],"_links":{"self":[{"href":"https:\/\/maxradio923.com.ar\/index.php\/wp-json\/wp\/v2\/posts\/7857"}],"collection":[{"href":"https:\/\/maxradio923.com.ar\/index.php\/wp-json\/wp\/v2\/posts"}],"about":[{"href":"https:\/\/maxradio923.com.ar\/index.php\/wp-json\/wp\/v2\/types\/post"}],"author":[{"embeddable":true,"href":"https:\/\/maxradio923.com.ar\/index.php\/wp-json\/wp\/v2\/users\/2"}],"replies":[{"embeddable":true,"href":"https:\/\/maxradio923.com.ar\/index.php\/wp-json\/wp\/v2\/comments?post=7857"}],"version-history":[{"count":1,"href":"https:\/\/maxradio923.com.ar\/index.php\/wp-json\/wp\/v2\/posts\/7857\/revisions"}],"predecessor-version":[{"id":7875,"href":"https:\/\/maxradio923.com.ar\/index.php\/wp-json\/wp\/v2\/posts\/7857\/revisions\/7875"}],"wp:featuredmedia":[{"embeddable":true,"href":"https:\/\/maxradio923.com.ar\/index.php\/wp-json\/wp\/v2\/media\/7876"}],"wp:attachment":[{"href":"https:\/\/maxradio923.com.ar\/index.php\/wp-json\/wp\/v2\/media?parent=7857"}],"wp:term":[{"taxonomy":"category","embeddable":true,"href":"https:\/\/maxradio923.com.ar\/index.php\/wp-json\/wp\/v2\/categories?post=7857"},{"taxonomy":"post_tag","embeddable":true,"href":"https:\/\/maxradio923.com.ar\/index.php\/wp-json\/wp\/v2\/tags?post=7857"}],"curies":[{"name":"wp","href":"https:\/\/api.w.org\/{rel}","templated":true}]}}