{"id":7821,"date":"2023-10-18T17:24:25","date_gmt":"2023-10-18T20:24:25","guid":{"rendered":"https:\/\/maxradio923.com\/index.php\/2023\/10\/18\/a-los-87-anos-murio-la-pianista-y-compositora-carla-bley-una-gran-referente-del-jazz\/"},"modified":"2023-10-18T17:24:25","modified_gmt":"2023-10-18T20:24:25","slug":"a-los-87-anos-murio-la-pianista-y-compositora-carla-bley-una-gran-referente-del-jazz","status":"publish","type":"post","link":"https:\/\/maxradio923.com.ar\/index.php\/2023\/10\/18\/a-los-87-anos-murio-la-pianista-y-compositora-carla-bley-una-gran-referente-del-jazz\/","title":{"rendered":"A los 87 a\u00f1os muri\u00f3 la pianista y compositora Carla Bley, una gran referente del jazz"},"content":{"rendered":"<ul>\n<li>Descubri\u00f3 el jazz a los 12 a\u00f1os. Y a los 17 se fue a dedo de California a Nueva York.<\/li>\n<li>Grab\u00f3 m\u00e1s de 25 discos y toc\u00f3 con medio mundo.<\/li>\n<\/ul>\n","protected":false},"excerpt":{"rendered":"<p>Descubri\u00f3 el jazz a los 12 a\u00f1os. Y a los 17 se fue a dedo de California a Nueva York. Grab\u00f3 m\u00e1s de 25 discos y toc\u00f3 con medio mundo.<\/p>\n","protected":false},"author":2,"featured_media":7822,"comment_status":"","ping_status":"","sticky":false,"template":"","format":"standard","meta":{"footnotes":""},"categories":[4],"tags":[],"_links":{"self":[{"href":"https:\/\/maxradio923.com.ar\/index.php\/wp-json\/wp\/v2\/posts\/7821"}],"collection":[{"href":"https:\/\/maxradio923.com.ar\/index.php\/wp-json\/wp\/v2\/posts"}],"about":[{"href":"https:\/\/maxradio923.com.ar\/index.php\/wp-json\/wp\/v2\/types\/post"}],"author":[{"embeddable":true,"href":"https:\/\/maxradio923.com.ar\/index.php\/wp-json\/wp\/v2\/users\/2"}],"replies":[{"embeddable":true,"href":"https:\/\/maxradio923.com.ar\/index.php\/wp-json\/wp\/v2\/comments?post=7821"}],"version-history":[{"count":0,"href":"https:\/\/maxradio923.com.ar\/index.php\/wp-json\/wp\/v2\/posts\/7821\/revisions"}],"wp:featuredmedia":[{"embeddable":true,"href":"https:\/\/maxradio923.com.ar\/index.php\/wp-json\/wp\/v2\/media\/7822"}],"wp:attachment":[{"href":"https:\/\/maxradio923.com.ar\/index.php\/wp-json\/wp\/v2\/media?parent=7821"}],"wp:term":[{"taxonomy":"category","embeddable":true,"href":"https:\/\/maxradio923.com.ar\/index.php\/wp-json\/wp\/v2\/categories?post=7821"},{"taxonomy":"post_tag","embeddable":true,"href":"https:\/\/maxradio923.com.ar\/index.php\/wp-json\/wp\/v2\/tags?post=7821"}],"curies":[{"name":"wp","href":"https:\/\/api.w.org\/{rel}","templated":true}]}}