{"id":7775,"date":"2023-10-18T12:04:04","date_gmt":"2023-10-18T15:04:04","guid":{"rendered":"https:\/\/maxradio923.com\/index.php\/2023\/10\/18\/bullrich-realiza-actos-de-cierre-de-campana-en-la-matanza-venado-tuerto-y-rio-cuarto\/"},"modified":"2023-10-18T16:24:02","modified_gmt":"2023-10-18T19:24:02","slug":"bullrich-realiza-actos-de-cierre-de-campana-en-la-matanza-venado-tuerto-y-rio-cuarto","status":"publish","type":"post","link":"https:\/\/maxradio923.com.ar\/index.php\/2023\/10\/18\/bullrich-realiza-actos-de-cierre-de-campana-en-la-matanza-venado-tuerto-y-rio-cuarto\/","title":{"rendered":"Bullrich realiza actos de cierre de campa\u00f1a en La Matanza, Venado Tuerto y R\u00edo Cuarto"},"content":{"rendered":"<p><img decoding=\"async\" src=\"https:\/\/diariod3.com\/inicio\/wp-content\/uploads\/2023\/10\/burlich.jpg\"\/><\/p>\n<p>  La candidata presidencial de Juntos por el Cambio (JxC), Patricia Bullrich, realizar\u00e1 este mi\u00e9rcoles actos de cierre de campa\u00f1a en el partido bonaerense de La Matanza; la localidad santafesina de Venado Tuerto; y luego en R\u00edo Cuarto, provincia de C\u00f3rdoba, a cuatro d\u00edas de las elecciones nacionales del domingo. \u00abMarchamos por el pa\u00eds para liberar [\u2026]<\/p>\n<p>La entrada <a href=\"https:\/\/diariod3.com\/inicio\/bullrich-realiza-actos-de-cierre-de-campana-en-la-matanza-venado-tuerto-y-rio-cuarto\/\" rel=\"noreferrer noopener\" target=\"_blank\">Bullrich realiza actos de cierre de campa\u00f1a en La Matanza, Venado Tuerto y R\u00edo Cuarto<\/a> se public\u00f3 primero en <a href=\"https:\/\/diariod3.com\/inicio\" rel=\"noreferrer noopener\" target=\"_blank\">DIARIO D3 NOTICIAS<\/a>.<\/p>\n","protected":false},"excerpt":{"rendered":"<p>La candidata presidencial de Juntos por el Cambio (JxC), Patricia Bullrich, realizar\u00e1 este mi\u00e9rcoles actos de cierre de campa\u00f1a en el partido bonaerense de La Matanza; la localidad santafesina de Venado Tuerto; y luego en R\u00edo Cuarto, provincia de C\u00f3rdoba, a cuatro d\u00edas de las elecciones nacionales del domingo. \u00abMarchamos por el pa\u00eds para liberar [&hellip;]<\/p>\n","protected":false},"author":2,"featured_media":7812,"comment_status":"closed","ping_status":"","sticky":false,"template":"","format":"standard","meta":{"footnotes":""},"categories":[12],"tags":[],"_links":{"self":[{"href":"https:\/\/maxradio923.com.ar\/index.php\/wp-json\/wp\/v2\/posts\/7775"}],"collection":[{"href":"https:\/\/maxradio923.com.ar\/index.php\/wp-json\/wp\/v2\/posts"}],"about":[{"href":"https:\/\/maxradio923.com.ar\/index.php\/wp-json\/wp\/v2\/types\/post"}],"author":[{"embeddable":true,"href":"https:\/\/maxradio923.com.ar\/index.php\/wp-json\/wp\/v2\/users\/2"}],"replies":[{"embeddable":true,"href":"https:\/\/maxradio923.com.ar\/index.php\/wp-json\/wp\/v2\/comments?post=7775"}],"version-history":[{"count":1,"href":"https:\/\/maxradio923.com.ar\/index.php\/wp-json\/wp\/v2\/posts\/7775\/revisions"}],"predecessor-version":[{"id":7803,"href":"https:\/\/maxradio923.com.ar\/index.php\/wp-json\/wp\/v2\/posts\/7775\/revisions\/7803"}],"wp:featuredmedia":[{"embeddable":true,"href":"https:\/\/maxradio923.com.ar\/index.php\/wp-json\/wp\/v2\/media\/7812"}],"wp:attachment":[{"href":"https:\/\/maxradio923.com.ar\/index.php\/wp-json\/wp\/v2\/media?parent=7775"}],"wp:term":[{"taxonomy":"category","embeddable":true,"href":"https:\/\/maxradio923.com.ar\/index.php\/wp-json\/wp\/v2\/categories?post=7775"},{"taxonomy":"post_tag","embeddable":true,"href":"https:\/\/maxradio923.com.ar\/index.php\/wp-json\/wp\/v2\/tags?post=7775"}],"curies":[{"name":"wp","href":"https:\/\/api.w.org\/{rel}","templated":true}]}}